{"id":175710,"date":"2025-06-14T10:48:11","date_gmt":"2025-06-14T10:48:11","guid":{"rendered":"https:\/\/www.europesays.com\/fr\/175710\/"},"modified":"2025-06-14T10:48:11","modified_gmt":"2025-06-14T10:48:11","slug":"week-end-parfait-pour-m-marquez-au-motorland","status":"publish","type":"post","link":"https:\/\/www.europesays.com\/fr\/175710\/","title":{"rendered":"week-end parfait pour M.M\u00e1rquez au MotorLand"},"content":{"rendered":"<p>Les pilotes MotoGP\u2122 \u00e9taient en piste au MotorLand dimanche apr\u00e8s-midi pour le moment le plus attendu de ce week-end \u00e0 Alca\u00f1iz\u00a0: le Grand Prix GoPro d&rsquo;Aragon. Sur le circuit o\u00f9 il a retrouv\u00e9 le go\u00fbt du succ\u00e8s l&rsquo;an dernier, Marc M\u00e1rquez (Ducati Lenovo Team) signe un week-end parfait en dominant toutes les s\u00e9ances, une performance qui n&rsquo;avait plus \u00e9t\u00e9 r\u00e9alis\u00e9e depuis le GP d&rsquo;Allemagne 2015 (d\u00e9j\u00e0 par le n\u00b093 \u00e0 l&rsquo;\u00e9poque). Alex M\u00e1rquez (BK8 Gresini Racing MotoGP\u2122) retrouve la deuxi\u00e8me place devant Francesco Bagnaia (Ducati Lenovo Team), qui se rassure apr\u00e8s deux Grands Prix d\u00e9licats.<\/p>\n<p>Acosta \u00e0 l&rsquo;attaque sur Bagnaia<\/p>\n<p>Parti de la pole, Marc M\u00e1rquez conna\u00eet l&rsquo;importance du d\u00e9part pour construire une victoire et le n\u00b093 ne se manque pas. Il sort du premier virage en leader devant Alex M\u00e1rquez et Francesco Bagnaia, qui d\u00e9pose un Franco Morbidelli (Pertamina Enduro VR46 Racing Team) en difficult\u00e9. Les fr\u00e8res M\u00e1rquez se d\u00e9tachent rapidement de Francesco Bagnaia, qui doit r\u00e9pondre aux attaques incessantes de Pedro Acosta (Red Bull KTM Factory Racing). Les deux hommes encha\u00eenent les passes d&rsquo;armes pour la troisi\u00e8me place alors que derri\u00e8re eux, Franco Morbidelli et Brad Binder (Red Bull KTM Factory Racing) se rendent coup pour coup.<\/p>\n<p>Week-end \u00e0 oublier pour les Fran\u00e7ais<\/p>\n<p>Les \u00e9carts \u00e0 l&rsquo;avant ne d\u00e9passent pas la demi-seconde en ce d\u00e9but de Grand Prix. Les cinq hommes de t\u00eate se tiennent dans un mouchoir de poche jusqu&rsquo;\u00e0 ce que Marc M\u00e1rquez ne d\u00e9cide d&rsquo;acc\u00e9l\u00e9rer dans le septi\u00e8me tour. Le n\u00b093 s&rsquo;offre le record du circuit en course et rel\u00e8gue son fr\u00e8re \u00e0 plus d&rsquo;une seconde. Ainsi, le quatuor de chasse est compos\u00e9 d&rsquo;Alex M\u00e1rquez, Pecco Bagnaia, Pedro Acosta et Brad Binder. Ce groupe va ensuite se transformer en trio \u00e0 la mi-course puisque Brad Binder perd l&rsquo;avant et termine sa course dans le bac \u00e0 gravier. Le Sud-Africain n&rsquo;est pas le seul \u00e0 se faire pi\u00e9ger puisque nos Fran\u00e7ais Fabio Quartararo (Monster Energy Yamaha MotoGP\u2122) et Johann Zarco (LCR Honda) se font surprendre respectivement dans les virages 1 et 12 et repartent bredouille du MotorLand.<\/p>\n<p>Bagnaia n&rsquo;abdique pas<\/p>\n<p>En seconde partie de course, tout est plut\u00f4t calme \u00e0 l&rsquo;avant mais derri\u00e8re, on assiste \u00e0 une belle bataille \u00e0 trois pour la septi\u00e8me place entre Fabio Di Giannantonio (Pertamina Enduro VR46 Racing Team), Joan Mir (Honda HRC Castrol) et Maverick Vi\u00f1ales (Red Bull KTM Tech3). Le pilote KTM observe ses deux adversaires et attend le moment opportun pour s&rsquo;infiltrer. Alors que Marc M\u00e1rquez d\u00e9roule et continue d&rsquo;accro\u00eetre son avance, Pecco Bagnaia s&rsquo;accroche tant bien que mal \u00e0 la roue d&rsquo;Alex M\u00e1rquez. De son c\u00f4t\u00e9, Pedro Acosta s&rsquo;est fait distancer par l&rsquo;Italien et se contente de g\u00e9rer son matelas de trois secondes sur Franco Morbidelli, en bataille avec Ferm\u00edn Aldeguer (BK8 Gresini Racing MotoGP\u2122) pour le top 5.<\/p>\n<p>M.M\u00e1rquez en d\u00e9monstration<\/p>\n<p>Comme hier, Marco Bezzecchi (Aprilia Racing) r\u00e9alise une formidable remont\u00e9e depuis la 20e place sur la grille. Le pilote Aprilia trouve l&rsquo;ouverture sur Fabio Di Giannantonio et s&#8217;empare de la neuvi\u00e8me position. Quelques secondes plus tard, il h\u00e9rite m\u00eame de la huiti\u00e8me place suite \u00e0 la chute de Maverick Vi\u00f1ales au virage 12. La fin de course sera anim\u00e9e par ce duel \u00e2pre pour le top 5 entre Franco Morbidelli et Ferm\u00edn Aldeguer. Le rookie prend l&rsquo;avantage au virage 12 mais le transalpin riposte trois courbes plus tard et touche l\u00e9g\u00e8rement son vis-\u00e0-vis. Les deux hommes restent sur leurs roues et Franco Morbidelli parvient \u00e0 conserver sa cinqui\u00e8me place jusqu&rsquo;\u00e0 la ligne. Marc M\u00e1rquez s&rsquo;impose donc en solitaire et signe la 66e victoire de sa carri\u00e8re dans l&rsquo;\u00e9lite. Alex M\u00e1rquez retrouve la deuxi\u00e8me place devant Pecco Bagnaia, qui se rassure avec un podium.<\/p>\n<p>La suite du top 10<\/p>\n<p>Pedro Acosta place sa KTM en quatri\u00e8me position devant Franco Morbidelli et Ferm\u00edn Aldeguer. Meilleur repr\u00e9sentant de Honda depuis le d\u00e9but du week-end, Joan Mir se classe septi\u00e8me du Grand Prix devant un Marco Bezzecchi qui doit regretter son erreur en qualifications. Fabio Di Giannantonio est neuvi\u00e8me devant Ra\u00fal Fern\u00e1ndez (Trackhouse MotoGP\u2122 Team), qui compl\u00e8te le top 10.<\/p>\n<p>Le point au classement<\/p>\n<p>Gr\u00e2ce \u00e0 cette d\u00e9monstration, Marc M\u00e1rquez creuse l&rsquo;\u00e9cart au g\u00e9n\u00e9ral et quitte le MotorLand avec 32 longueurs d&rsquo;avance sur son fr\u00e8re Alex. Francesco Bagnaia conserve la troisi\u00e8me place et pointe \u00e0 61 unit\u00e9s du pilote Gresini.<\/p>\n<p>Rendez-vous dans deux semaines au Mugello pour le Grand Prix d&rsquo;Italie\u00a0!<\/p>\n<p>\n                                Marc Marquez, Ducati Lenovo Team, GoPro Grand Prix of Aragon\n                        <\/p>\n<p>\n                                Marc Marquez, Ducati Lenovo Team, GoPro Grand Prix of Aragon\n                        <\/p>\n<p>\n                                Marc Marquez, Ducati Lenovo Team, GoPro Grand Prix of Aragon\n                        <\/p>\n<p>\n                                MotoGP\u2122, Grand Prix, GoPro Grand Prix of Aragon\n                        <\/p>\n<p>\n                                Marc Marquez, Ducati Lenovo Team, GoPro Grand Prix of Aragon\n                        <\/p>\n<p>\n                                Marc Marquez, Ducati Lenovo Team, GoPro Grand Prix of Aragon\n                        <\/p>\n<p>\n                                Marc Marquez, Ducati Lenovo Team, GoPro Grand Prix of Aragon\n                        <\/p>\n<p>\n                                Marc Marquez, Ducati Lenovo Team, GoPro Grand Prix of Aragon\n                        <\/p>\n<p>\n                                Marc Marquez, Ducati Lenovo Team, GoPro Grand Prix of Aragon\n                        <\/p>\n<p>\n                                MotoGP\u2122, Grand Prix, GoPro Grand Prix of Aragon\n                        <\/p>\n<p>\n                                Aldeguer, Morbidelli, Grand Prix, GoPro Grand Prix of Aragon\n                        <\/p>\n<p>\n                                Pedro Acosta, Red Bull KTM Factory Racing, GoPro Grand Prix of Aragon\n                        <\/p>\n<p>\n                                MotoGP\u2122, Grand Prix, GoPro Grand Prix of Aragon\n                        <\/p>\n<p>\n                                MotoGP\u2122, Grand Prix, GoPro Grand Prix of Aragon\n                        <\/p>\n<p>\n                                Alex Marquez, BK8 Gresini Racing MotoGP\u2122, GoPro Grand Prix of Aragon\n                        <\/p>\n<p>\n                                MotoGP\u2122, Grand Prix, GoPro Grand Prix of Aragon\n                        <\/p>\n<p>\n                                Francesco Bagnaia, Ducati Lenovo Team, GoPro Grand Prix of Aragon\n                        <\/p>\n<p>\n                                Alex Marquez, BK8 Gresini Racing MotoGP\u2122, GoPro Grand Prix of Aragon\n                        <\/p>\n<p lang=\"fr-FR\">Cliquez <a href=\"https:\/\/www.motogp.com\/fr\/gp-results\/2025\/ara\/motogp\/rac\/classification\" rel=\"nofollow noopener\" target=\"_blank\">ici<\/a> pour acc\u00e9der aux r\u00e9sultats.<\/p>\n","protected":false},"excerpt":{"rendered":"Les pilotes MotoGP\u2122 \u00e9taient en piste au MotorLand dimanche apr\u00e8s-midi pour le moment le plus attendu de ce&hellip;\n","protected":false},"author":2,"featured_media":175711,"comment_status":"","ping_status":"","sticky":false,"template":"","format":"standard","meta":{"footnotes":""},"categories":[1413],"tags":[1011,27,1457,1456,60,2032],"class_list":{"0":"post-175710","1":"post","2":"type-post","3":"status-publish","4":"format-standard","5":"has-post-thumbnail","7":"category-moto","8":"tag-fr","9":"tag-france","10":"tag-moto","11":"tag-motocycle","12":"tag-sports","13":"tag-text"},"share_on_mastodon":{"url":"https:\/\/pubeurope.com\/@fr\/114681328655724021","error":""},"_links":{"self":[{"href":"https:\/\/www.europesays.com\/fr\/wp-json\/wp\/v2\/posts\/175710","targetHints":{"allow":["GET"]}}],"collection":[{"href":"https:\/\/www.europesays.com\/fr\/wp-json\/wp\/v2\/posts"}],"about":[{"href":"https:\/\/www.europesays.com\/fr\/wp-json\/wp\/v2\/types\/post"}],"author":[{"embeddable":true,"href":"https:\/\/www.europesays.com\/fr\/wp-json\/wp\/v2\/users\/2"}],"replies":[{"embeddable":true,"href":"https:\/\/www.europesays.com\/fr\/wp-json\/wp\/v2\/comments?post=175710"}],"version-history":[{"count":0,"href":"https:\/\/www.europesays.com\/fr\/wp-json\/wp\/v2\/posts\/175710\/revisions"}],"wp:featuredmedia":[{"embeddable":true,"href":"https:\/\/www.europesays.com\/fr\/wp-json\/wp\/v2\/media\/175711"}],"wp:attachment":[{"href":"https:\/\/www.europesays.com\/fr\/wp-json\/wp\/v2\/media?parent=175710"}],"wp:term":[{"taxonomy":"category","embeddable":true,"href":"https:\/\/www.europesays.com\/fr\/wp-json\/wp\/v2\/categories?post=175710"},{"taxonomy":"post_tag","embeddable":true,"href":"https:\/\/www.europesays.com\/fr\/wp-json\/wp\/v2\/tags?post=175710"}],"curies":[{"name":"wp","href":"https:\/\/api.w.org\/{rel}","templated":true}]}}