{"id":175718,"date":"2025-06-14T10:52:09","date_gmt":"2025-06-14T10:52:09","guid":{"rendered":"https:\/\/www.europesays.com\/fr\/175718\/"},"modified":"2025-06-14T10:52:09","modified_gmt":"2025-06-14T10:52:09","slug":"christine-bravo-son-tacle-contre-michel-drucker-ne-passe-pas-laurent-ruquier-oblige-de-la-recadrer","status":"publish","type":"post","link":"https:\/\/www.europesays.com\/fr\/175718\/","title":{"rendered":"Christine Bravo : son tacle contre Michel Drucker ne passe pas, Laurent Ruquier oblig\u00e9 de la recadrer"},"content":{"rendered":"<p class=\"p1\"><a href=\"https:\/\/www.closermag.fr\/people\/christine-bravo-emue-par-la-fusillade-au-mexique-697919\" target=\"_blank\" rel=\"noopener\"><br \/>\nChristine Bravo<\/a> peut s&rsquo;enorgueillir d&rsquo;avoir su mener<br \/>\n<strong>une jolie carri\u00e8re la t\u00e9l\u00e9vision<\/strong>. Apr\u00e8s avoir<br \/>\nlanc\u00e9 Frou-Frou, une \u00e9mission au casting int\u00e9gralement f\u00e9minin, au<br \/>\nd\u00e9but des ann\u00e9es 90, l&rsquo;animatrice a pris les commandes d&rsquo;un<br \/>\nprogramme int\u00e9gralement consacr\u00e9 \u00e0 l&rsquo;Europe, lan\u00e7ant la carri\u00e8re de<br \/>\nNikos par la m\u00eame occasion. Dans cette veine culturelle, celle-ci a<br \/>\npoursuivi son engagement p\u00e9dagogique avec une \u00e9mission de<br \/>\nvulgarisation de l&rsquo;Histoire de France diffus\u00e9e sur Ch\u00e9rie 25.<\/p>\n<p class=\"p1\"><strong>De plus en plus rare<\/strong> \u00e0 l&rsquo;\u00e9cran ces<br \/>\nderni\u00e8res ann\u00e9es, Christine Bravo a accept\u00e9 volontiers de<br \/>\n<strong>rejoindre les rangs des Grosses T\u00eates<\/strong> sur RTL.<br \/>\n<strong>Ce vendredi 13 juin<\/strong>, elle \u00e9tait ainsi au micro de<br \/>\nl&rsquo;\u00e9mission aux c\u00f4t\u00e9s des chroniqueurs de Laurent Ruquier.<br \/>\nL&rsquo;\u00e9mission diffus\u00e9e hier a \u00e9t\u00e9 marqu\u00e9e par un petit couac \u00e0<br \/>\nl&rsquo;antenne.<\/p>\n<p>Christine Bravo : qu&rsquo;a-t-elle \u00e0 dire sur Michel<br \/>\nDrucker<\/p>\n<p class=\"p1\">Alors qu&rsquo;elle venait d&rsquo;apprendre que <a href=\"https:\/\/www.closermag.fr\/people\/michel-drucker-joue-avec-le-feu-apres-ses-gros-soucis-de-sante-3554638\" target=\"_blank\" rel=\"noopener\"><br \/>\nMichel Drucker<\/a> pr\u00e9parait <strong>une nouvelle \u00e9mission sur<br \/>\nFrance 3<\/strong>, Christine Bravo s&#8217;emport\u00e9e. \u00ab\u00a0<strong>Ce<br \/>\nn&rsquo;est pas humain<\/strong>. Toutes <strong>les bonnes femmes au<br \/>\ndessus de 50 ans se sont fait d\u00e9gager<\/strong> de la t\u00e9l\u00e9 parce que<br \/>\nvieilles et moches et l&rsquo;autre, il est l\u00e0, <strong>il a encore une<br \/>\n\u00e9mission<\/strong>\u00ab\u00a0, s&rsquo;est-elle enflamm\u00e9e.<\/p>\n<p class=\"p1\">Sous le choc, Laurent Ruquier a aussit\u00f4t pris la<br \/>\nd\u00e9fense de la l\u00e9gende du PAF. \u00ab\u00a0<strong>On ne l&rsquo;appelle pas<br \/>\nl&rsquo;autre<\/strong>, c&rsquo;est notre taulier, Michel Drucker\u00a0\u00bb, a-t-il<br \/>\nrecadr\u00e9 \u00e0 l&rsquo;adresse de Christine Bravo. Cette derni\u00e8re n&rsquo;en a pas<br \/>\nmoins camp\u00e9 sur ses positions : \u00ab\u00a0On pourrait <strong>donner des<br \/>\n\u00e9missions \u00e0 des femmes plut\u00f4t qu&rsquo;\u00e0 des vieux<\/strong>\u00ab\u00a0.<\/p>\n<p>Christine Bravo : Laurent Ruquier<br \/>\ncontre-attaque<\/p>\n<p class=\"p1\"><a href=\"https:\/\/www.telestar.fr\/actu_tv\/t18-avec-laurent-ruquier-le-lancement-un-peu-genant-de-la-nouvelle-chaine-1726000\" target=\"_blank\" rel=\"noopener\"><br \/>\nLaurent Ruquier<\/a> n&rsquo;a pas laiss\u00e9 passer le tacle de sa<br \/>\nchroniqueuse. \u00ab\u00a0Il n&rsquo;y a <strong>pas d&rsquo;\u00e2ge pour avoir une<br \/>\nnouvelle \u00e9mission<\/strong>\u00ab\u00a0, a-t-il insist\u00e9, rappelant que<br \/>\nlui-m\u00eame pr\u00e9senterait un programme in\u00e9dit \u00e0 partir du 14 juin sur<br \/>\nT18. Christine Bravo a alors balanc\u00e9 sans m\u00e2cher ses mots : \u00ab\u00a0\u00c7a<br \/>\naussi, <strong>c&rsquo;est pas normal<\/strong>\u00ab\u00a0.<\/p>\n<p class=\"p1\">Et le chef d&rsquo;orchestre des Grosses T\u00eates de sourire :<br \/>\n\u00ab\u00a0Puisque Michel Drucker a une nouvelle \u00e9mission ce soir, je ne<br \/>\nvois pas pourquoi je n&rsquo;en aurais pas une nouvelle\u00a0\u00bb. Selon lui,<br \/>\nChristine Bravo n&rsquo;anime plus d&rsquo;\u00e9mission \u00e0 la t\u00e9l\u00e9vision tout<br \/>\nsimplement parce qu&rsquo;<strong>elle n&rsquo;en a pas envie<\/strong>. \u00ab\u00a0\u00c7a<br \/>\nd\u00e9pend \u00e0 combien\u00a0\u00bb, a-t-elle nuanc\u00e9, avant d&rsquo;admettre que les<br \/>\nsalaires propos\u00e9s en g\u00e9n\u00e9ral ne lui convenaient pas.<\/p>\n","protected":false},"excerpt":{"rendered":"Christine Bravo peut s&rsquo;enorgueillir d&rsquo;avoir su mener une jolie carri\u00e8re la t\u00e9l\u00e9vision. Apr\u00e8s avoir lanc\u00e9 Frou-Frou, une \u00e9mission&hellip;\n","protected":false},"author":2,"featured_media":175719,"comment_status":"","ping_status":"","sticky":false,"template":"","format":"standard","meta":{"footnotes":""},"categories":[1359],"tags":[548,31049,58,59,1011,27,973],"class_list":{"0":"post-175718","1":"post","2":"type-post","3":"status-publish","4":"format-standard","5":"has-post-thumbnail","7":"category-people","8":"tag-article-simple","9":"tag-christine-bravo","10":"tag-divertissement","11":"tag-entertainment","12":"tag-fr","13":"tag-france","14":"tag-people"},"share_on_mastodon":{"url":"https:\/\/pubeurope.com\/@fr\/114681344358540350","error":""},"_links":{"self":[{"href":"https:\/\/www.europesays.com\/fr\/wp-json\/wp\/v2\/posts\/175718","targetHints":{"allow":["GET"]}}],"collection":[{"href":"https:\/\/www.europesays.com\/fr\/wp-json\/wp\/v2\/posts"}],"about":[{"href":"https:\/\/www.europesays.com\/fr\/wp-json\/wp\/v2\/types\/post"}],"author":[{"embeddable":true,"href":"https:\/\/www.europesays.com\/fr\/wp-json\/wp\/v2\/users\/2"}],"replies":[{"embeddable":true,"href":"https:\/\/www.europesays.com\/fr\/wp-json\/wp\/v2\/comments?post=175718"}],"version-history":[{"count":0,"href":"https:\/\/www.europesays.com\/fr\/wp-json\/wp\/v2\/posts\/175718\/revisions"}],"wp:featuredmedia":[{"embeddable":true,"href":"https:\/\/www.europesays.com\/fr\/wp-json\/wp\/v2\/media\/175719"}],"wp:attachment":[{"href":"https:\/\/www.europesays.com\/fr\/wp-json\/wp\/v2\/media?parent=175718"}],"wp:term":[{"taxonomy":"category","embeddable":true,"href":"https:\/\/www.europesays.com\/fr\/wp-json\/wp\/v2\/categories?post=175718"},{"taxonomy":"post_tag","embeddable":true,"href":"https:\/\/www.europesays.com\/fr\/wp-json\/wp\/v2\/tags?post=175718"}],"curies":[{"name":"wp","href":"https:\/\/api.w.org\/{rel}","templated":true}]}}