{"id":175726,"date":"2025-06-14T10:57:13","date_gmt":"2025-06-14T10:57:13","guid":{"rendered":"https:\/\/www.europesays.com\/fr\/175726\/"},"modified":"2025-06-14T10:57:13","modified_gmt":"2025-06-14T10:57:13","slug":"pixar-devoile-son-prochain-film-danimation-qui-ressemble-drolement-a-flow","status":"publish","type":"post","link":"https:\/\/www.europesays.com\/fr\/175726\/","title":{"rendered":"Pixar d\u00e9voile son prochain film d&rsquo;animation, qui ressemble dr\u00f4lement \u00e0 Flow"},"content":{"rendered":"<p>Alors que Pixar pr\u00e9pare la sortie d\u2019Elio, pr\u00e9vu pour ce mois de juin 2025 dans les salles fran\u00e7aises, ainsi que Toy Story 5, un tout nouveau projet a \u00e9t\u00e9 annonc\u00e9 : Gatto, un voyage en Italie centr\u00e9 sur un chat noir, qui rappelle les grandes heures de Flow.<\/p>\n<p>Les films du studio Pixar ressemblent toujours \u00e0 un \u00e9v\u00e8nement. De <a href=\"https:\/\/www.numerama.com\/films\/wall-e\/\" data-type=\"movies\" data-id=\"1349538\" target=\"_blank\" rel=\"noopener\">Wall-E<\/a> \u00e0 L\u00e0-haut en passant par <a href=\"https:\/\/www.numerama.com\/films\/toy-story-2\/\" data-type=\"movies\" data-id=\"1592188\" target=\"_blank\" rel=\"noopener\">Toy Story<\/a> ou <a href=\"https:\/\/www.numerama.com\/pop-culture\/414850-pourquoi-pleure-t-on-a-la-fin-de-coco.html\" data-type=\"post\" data-id=\"414850\" target=\"_blank\" rel=\"noopener\">Coco<\/a>, la firme am\u00e9ricaine nous a ainsi offert certains des plus beaux films anim\u00e9s de l\u2019histoire du cin\u00e9ma.<\/p>\n<p>Et ce n\u2019est clairement pas termin\u00e9, puisque de nombreux projets sont actuellement dans les cartons : d\u2019abord, la sortie d\u2019Elio, d\u00e8s le 18 juin prochain dans les salles obscures, puis la pr\u00e9paration de <a href=\"https:\/\/www.numerama.com\/films\/toy-story-5\/\" data-type=\"movies\" data-id=\"1789582\" target=\"_blank\" rel=\"noopener\">Toy Story 5<\/a>, pour juin 2026. Mais apr\u00e8s le retour de <a href=\"https:\/\/www.numerama.com\/pop-culture\/1789530-dans-toy-story-5-jouets-woody-buzz-resister-menace-ecrans.html\" data-type=\"post\" data-id=\"1789530\" target=\"_blank\" rel=\"noopener\">nos jouets pr\u00e9f\u00e9r\u00e9s \u00e0 l\u2019\u00e9cran<\/a>, Pixar prendra une tout autre direction : celle de l\u2019Italie, pour son prochain long-m\u00e9trage, nomm\u00e9 Gatto.<\/p>\n<p>Le prochain Pixar, Gatto, se situe dans la lign\u00e9e du succ\u00e8s de Flow<\/p>\n<p>Un chat noir se balade dans un univers color\u00e9, cern\u00e9 par les eaux : non, vous ne regardez pas <a href=\"https:\/\/www.numerama.com\/films\/flow-le-chat-qui-navait-plus-peur-de-leau\/\" data-type=\"movies\" data-id=\"1873184\" target=\"_blank\" rel=\"noopener\">Flow<\/a>, le succ\u00e8s surprise qui a remport\u00e9 l\u2019Oscar et <a href=\"https:\/\/www.numerama.com\/pop-culture\/1916475-cesar-2025-ou-voir-emilia-perez-en-streaming.html\" data-type=\"post\" data-id=\"1916475\" target=\"_blank\" rel=\"noopener\">le C\u00e9sar du meilleur film d\u2019animation, en 2025<\/a>.<\/p>\n<p>Vous d\u00e9couvrez simplement les toutes premi\u00e8res images de Gatto, la prochaine aventure de Pixar. Pr\u00e9vue pour 2027, cette excursion en Italie sera dirig\u00e9e par Enrico Casarosa, qui avait d\u00e9j\u00e0 imagin\u00e9 l\u2019excellent Luca, en 2021.<\/p>\n<p><a href=\"https:\/\/www.numerama.com\/wp-content\/uploads\/2025\/06\/2025-05-29-gattoannecy-dstrijlevaconcept16.jpg\" target=\"_blank\" rel=\"noopener\"><img decoding=\"async\" width=\"1024\" height=\"576\" loading=\"lazy\" alt=\"Le premier concept art de Gatto \/\/ Source : Disney\/Pixar\" title=\"Le premier concept art de Gatto \/\/ Source : Disney\/Pixar\" class=\"wp-image-1992289 placeholder-default wp-image\" src=\"https:\/\/www.europesays.com\/fr\/wp-content\/uploads\/2025\/06\/2025-05-29-gattoannecy-dstrijlevaconcept16-1024x576.jpg\" \/><\/a>Le premier concept art de Gatto \/\/ Source : Disney\/Pixar<\/p>\n<p>On y d\u00e9couvrira l\u2019histoire d\u2019un chat noir nomm\u00e9 Nero, passionn\u00e9 de musique et qui a \u00e9lu domicile \u00e0 Venise\u2026 sans savoir nager. Alors qu\u2019il se lie d\u2019amiti\u00e9 avec Maya, une artiste de rue qui d\u00e9cide de l\u2019adopter malgr\u00e9 lui, il devra se d\u00e9tacher de son pass\u00e9 criminel aupr\u00e8s de la mafia.<\/p>\n<p>Le premier concept art, d\u00e9voil\u00e9 le 13 juin, \u00e0 l\u2019occasion du festival d\u2019Annecy, \u00e9voque un style plut\u00f4t inhabituel pour Pixar, comme peint \u00e0 la main. Alors, apr\u00e8s le succ\u00e8s de Flow, Nero va-t-il devenir le nouveau chouchou du cin\u00e9ma d\u2019animation, au rayon des chats noirs adorables ? R\u00e9ponse en 2027.<\/p>\n<p>            <img decoding=\"async\" src=\"https:\/\/www.europesays.com\/fr\/wp-content\/uploads\/2025\/04\/iPhone-16-pro.png\" alt=\"Toute l'actu tech en un clien d'oeil\"\/><\/p>\n<p class=\"card-install-pwa__title\">Toute l&rsquo;actu tech en un clin d&rsquo;\u0153il<\/p>\n<p class=\"card-install-pwa__description\">Ajoutez Numerama \u00e0 votre \u00e9cran d&rsquo;accueil et restez connect\u00e9s au futur !<\/p>\n<p>            <img decoding=\"async\" src=\"https:\/\/www.numerama.com\/wp-content\/themes\/numerama-next\/assets\/images\/premium\/logo-card-pwa-coupe.svg\" alt=\"Logo PWA\"\/><\/p>\n<p>       Installer Numerama<\/p>\n","protected":false},"excerpt":{"rendered":"Alors que Pixar pr\u00e9pare la sortie d\u2019Elio, pr\u00e9vu pour ce mois de juin 2025 dans les salles fran\u00e7aises,&hellip;\n","protected":false},"author":2,"featured_media":175727,"comment_status":"","ping_status":"","sticky":false,"template":"","format":"standard","meta":{"footnotes":""},"categories":[1354],"tags":[650,520,58,59,1346,31115,1011,27,1360,7794],"class_list":{"0":"post-175726","1":"post","2":"type-post","3":"status-publish","4":"format-standard","5":"has-post-thumbnail","7":"category-films","8":"tag-cinema","9":"tag-disney","10":"tag-divertissement","11":"tag-entertainment","12":"tag-films","13":"tag-flow-film","14":"tag-fr","15":"tag-france","16":"tag-movies","17":"tag-pixar"},"share_on_mastodon":{"url":"https:\/\/pubeurope.com\/@fr\/114681364107675835","error":""},"_links":{"self":[{"href":"https:\/\/www.europesays.com\/fr\/wp-json\/wp\/v2\/posts\/175726","targetHints":{"allow":["GET"]}}],"collection":[{"href":"https:\/\/www.europesays.com\/fr\/wp-json\/wp\/v2\/posts"}],"about":[{"href":"https:\/\/www.europesays.com\/fr\/wp-json\/wp\/v2\/types\/post"}],"author":[{"embeddable":true,"href":"https:\/\/www.europesays.com\/fr\/wp-json\/wp\/v2\/users\/2"}],"replies":[{"embeddable":true,"href":"https:\/\/www.europesays.com\/fr\/wp-json\/wp\/v2\/comments?post=175726"}],"version-history":[{"count":0,"href":"https:\/\/www.europesays.com\/fr\/wp-json\/wp\/v2\/posts\/175726\/revisions"}],"wp:featuredmedia":[{"embeddable":true,"href":"https:\/\/www.europesays.com\/fr\/wp-json\/wp\/v2\/media\/175727"}],"wp:attachment":[{"href":"https:\/\/www.europesays.com\/fr\/wp-json\/wp\/v2\/media?parent=175726"}],"wp:term":[{"taxonomy":"category","embeddable":true,"href":"https:\/\/www.europesays.com\/fr\/wp-json\/wp\/v2\/categories?post=175726"},{"taxonomy":"post_tag","embeddable":true,"href":"https:\/\/www.europesays.com\/fr\/wp-json\/wp\/v2\/tags?post=175726"}],"curies":[{"name":"wp","href":"https:\/\/api.w.org\/{rel}","templated":true}]}}