{"id":175730,"date":"2025-06-14T11:00:09","date_gmt":"2025-06-14T11:00:09","guid":{"rendered":"https:\/\/www.europesays.com\/fr\/175730\/"},"modified":"2025-06-14T11:00:09","modified_gmt":"2025-06-14T11:00:09","slug":"tatiana-silva-a-fait-son-grand-retour-a-la-presentation","status":"publish","type":"post","link":"https:\/\/www.europesays.com\/fr\/175730\/","title":{"rendered":"Tatiana Silva a fait son grand retour \u00e0 la pr\u00e9sentation"},"content":{"rendered":"<p>Un rayon de soleil. Vendredi 13\u00a0juin, Tatiana Silva a sign\u00e9 son come-back \u00e0 l\u2019antenne, apr\u00e8s six mois de cong\u00e9 maternit\u00e9. \u00ab\u00a0Bonjour \u00e0 toutes et \u00e0 tous, ravie de vous retrouver aujourd\u2019hui dans cette ambiance un petit peu \u00e9lectrique et tr\u00e8s chaude\u00a0!\u00a0\u00bb, a-t-elle lanc\u00e9, avec un large sourire, avant de commencer son bulletin <a href=\"https:\/\/www.20minutes.fr\/dossier\/meteo\" class=\"color-ultramarine c-link\" target=\"_blank\" rel=\"noopener\">m\u00e9t\u00e9o<\/a>, apr\u00e8s le \u00ab\u00a013 Heures\u00a0\u00bb de Marie-Sophie Lacarrau, sur <a href=\"https:\/\/www.20minutes.fr\/dossier\/tf1\" class=\"color-ultramarine c-link\" target=\"_blank\" rel=\"noopener\">TF1<\/a>.<\/p>\n<p>La naissance de June<\/p>\n<p>Tatiana Silva, 40 ans, n\u2019\u00e9tait plus \u00e0 l\u2019antenne, profitant de la naissance de son premier enfant, June, le 26\u00a0janvier. Apr\u00e8s le \u00ab\u00a013 Heures\u00a0\u00bb de TF1, elle est revenue, vendredi \u00e0 l\u2019antenne, pour annoncer des temp\u00e9ratures \u00e9lev\u00e9es et des <a href=\"https:\/\/www.20minutes.fr\/planete\/4158509-20250614-meteo-15-departements-passeront-vigilance-orange-partir-samedi-apres-midi\" target=\"_blank\" class=\"color-ultramarine c-link\" rel=\"noopener\">risques d\u2019orage<\/a> prononc\u00e9s sur le pays avac la \u00ab\u00a0Sp\u00e9ciale karaok\u00e9\u00a0\u00bb de \u00ab\u00a0<a href=\"https:\/\/www.20minutes.fr\/arts-stars\/television\/mask-singer\/\" class=\"color-ultramarine c-link\" target=\"_blank\" rel=\"noopener\">Mask Singer<\/a>\u00a0\u00bb, le prime phare de la premi\u00e8re cha\u00eene.<\/p>\n<p>\u00ab\u00a0Mal au c\u0153ur\u00a0\u00bb<\/p>\n<p>Un retour sur le devant des cartes que l\u2019ancienne Miss <a href=\"https:\/\/www.20minutes.fr\/dossier\/belgique\" class=\"color-ultramarine c-link\" target=\"_blank\" rel=\"noopener\">Belgique<\/a> a quelque peu appr\u00e9hend\u00e9. \u00ab\u00a0J\u2019arrive \u00e0 nouveau \u00e0 l\u2019antenne et j\u2019ai envie de vous revoir, avait-elle confi\u00e9 dans un live <a href=\"https:\/\/www.20minutes.fr\/high-tech\/instagram\/\" class=\"color-ultramarine c-link\" target=\"_blank\" rel=\"noopener\">Instagram<\/a>, \u00e0 la fin du mois de mai. Mais il y a une ambivalence en moi\u00a0: j\u2019ai envie de reprendre mon boulot car c\u2019est une partie de ma vie d\u2019avant que j\u2019aime et je ch\u00e9ris\u00a0; puis d\u2019un autre c\u00f4t\u00e9, \u00e7a fait mal au c\u0153ur de devoir laisser son petit bout\u2026\u00a0\u00bb<\/p>\n<\/p>\n<p>Tatiana Silva avait rejoint les cha\u00eenes TF1 et <a href=\"https:\/\/www.20minutes.fr\/dossier\/lci\" class=\"color-ultramarine c-link\" target=\"_blank\" rel=\"noopener\">LCI<\/a> pour y pr\u00e9senter la m\u00e9t\u00e9o \u00e0 compter du 10\u00a0mars 2017, en remplacement de Catherine Laborde. La m\u00eame ann\u00e9e, la pr\u00e9sentatrice avait particip\u00e9 \u00e0 la huiti\u00e8me saison de \u00ab\u00a0<a href=\"https:\/\/www.20minutes.fr\/arts-stars\/television\/danse_avec_les_stars\/\" class=\"color-ultramarine c-link\" target=\"_blank\" rel=\"noopener\">Danse avec les stars<\/a>\u00a0\u00bb sur TF1, aux c\u00f4t\u00e9s du danseur professionnel Christophe Licata.<\/p>\n","protected":false},"excerpt":{"rendered":"Un rayon de soleil. Vendredi 13\u00a0juin, Tatiana Silva a sign\u00e9 son come-back \u00e0 l\u2019antenne, apr\u00e8s six mois de&hellip;\n","protected":false},"author":2,"featured_media":175731,"comment_status":"","ping_status":"","sticky":false,"template":"","format":"standard","meta":{"footnotes":""},"categories":[8],"tags":[194,58,59,1011,27,2487,2119,252,199],"class_list":{"0":"post-175730","1":"post","2":"type-post","3":"status-publish","4":"format-standard","5":"has-post-thumbnail","7":"category-divertissement","8":"tag-danse-avec-les-stars","9":"tag-divertissement","10":"tag-entertainment","11":"tag-fr","12":"tag-france","13":"tag-meteo","14":"tag-previsions-meteo","15":"tag-television","16":"tag-tf1"},"share_on_mastodon":{"url":"https:\/\/pubeurope.com\/@fr\/114681375971318061","error":""},"_links":{"self":[{"href":"https:\/\/www.europesays.com\/fr\/wp-json\/wp\/v2\/posts\/175730","targetHints":{"allow":["GET"]}}],"collection":[{"href":"https:\/\/www.europesays.com\/fr\/wp-json\/wp\/v2\/posts"}],"about":[{"href":"https:\/\/www.europesays.com\/fr\/wp-json\/wp\/v2\/types\/post"}],"author":[{"embeddable":true,"href":"https:\/\/www.europesays.com\/fr\/wp-json\/wp\/v2\/users\/2"}],"replies":[{"embeddable":true,"href":"https:\/\/www.europesays.com\/fr\/wp-json\/wp\/v2\/comments?post=175730"}],"version-history":[{"count":0,"href":"https:\/\/www.europesays.com\/fr\/wp-json\/wp\/v2\/posts\/175730\/revisions"}],"wp:featuredmedia":[{"embeddable":true,"href":"https:\/\/www.europesays.com\/fr\/wp-json\/wp\/v2\/media\/175731"}],"wp:attachment":[{"href":"https:\/\/www.europesays.com\/fr\/wp-json\/wp\/v2\/media?parent=175730"}],"wp:term":[{"taxonomy":"category","embeddable":true,"href":"https:\/\/www.europesays.com\/fr\/wp-json\/wp\/v2\/categories?post=175730"},{"taxonomy":"post_tag","embeddable":true,"href":"https:\/\/www.europesays.com\/fr\/wp-json\/wp\/v2\/tags?post=175730"}],"curies":[{"name":"wp","href":"https:\/\/api.w.org\/{rel}","templated":true}]}}