{"id":175739,"date":"2025-06-14T11:05:09","date_gmt":"2025-06-14T11:05:09","guid":{"rendered":"https:\/\/www.europesays.com\/fr\/175739\/"},"modified":"2025-06-14T11:05:09","modified_gmt":"2025-06-14T11:05:09","slug":"meteo-france-durcit-lalerte-orages-violents-et-grele-dans-le-rhone-les-zones-concernees","status":"publish","type":"post","link":"https:\/\/www.europesays.com\/fr\/175739\/","title":{"rendered":"M\u00e9t\u00e9o France durcit l&rsquo;alerte orages violents et gr\u00eale dans le Rh\u00f4ne : les zones concern\u00e9es"},"content":{"rendered":"<p>            Par<br \/>\n        <strong><br \/>\n            <a href=\"https:\/\/actu.fr\/auteur\/redaction-lyon\" title=\"Consulter tous les articles de R\u00e9daction Lyon\" target=\"_blank\" rel=\"noopener\">R\u00e9daction Lyon<\/a><br \/>\n        <\/strong><\/p>\n<p>        Publi\u00e9 le<\/p>\n<p>            14 juin 2025 \u00e0 10h20        <\/p>\n<p>De nouveaux <a href=\"https:\/\/actu.fr\/meteo\/dizaines-de-milliers-d-eclairs-grelons-de-6-cm-les-images-impressionnantes-des-orages-qui-frappent-la-france_62769715.html\" target=\"_blank\" rel=\"noopener\">orages violents<\/a>, des temp\u00e9ratures tr\u00e8s \u00e9lev\u00e9es et une ambiance lourde : c\u2019est la combinaison m\u00e9t\u00e9o explosive annonc\u00e9e ce samedi 14 juin 2025 dans le <a href=\"https:\/\/actu.fr\/auvergne-rhone-alpes\/rhone_69\" target=\"_blank\" rel=\"noopener\">Rh\u00f4ne<\/a>.<\/p>\n<p class=\" wall-content\"><a href=\"https:\/\/actu.fr\/tag\/meteo-france\" target=\"_blank\" rel=\"noopener\">M\u00e9t\u00e9o France<\/a> a relev\u00e9 d\u2019un cran la vigilance m\u00e9t\u00e9o orages dans le d\u00e9partement. La <strong>vigilance orange<\/strong> est activ\u00e9e d\u00e8s 16h.\u00a0<\/p>\n<p class=\" wall-content\">Voici les secteurs du Rh\u00f4ne concern\u00e9s par les orages qui peuvent \u00eatre accompagn\u00e9s de gr\u00eale, de vents violents et de fortes pluies.<\/p>\n<p class=\" wall-content\">\n<p>Des \u00ab\u00a0orages localement forts\u00a0\u00bb<\/p>\n<p class=\" wall-content\">\u00ab\u00a0Dans une masse d\u2019air tr\u00e8s chaude et instable, <strong>une d\u00e9gradation orageuse notable se met en place<\/strong> sur l\u2019Auvergne et le nord-ouest de Rh\u00f4ne-Alpes. Des orages localement forts pouvant apporter des ph\u00e9nom\u00e8nes violents se produisent sur l\u2019Allier, le Puy de D\u00f4me, la Loire et le Rh\u00f4ne\u00a0\u00bb, pr\u00e9vient M\u00e9t\u00e9o France dans son bulletin.<\/p>\n<p class=\" wall-content\">Les orages cl\u00f4turent \u00ab\u00a0un \u00e9pisode de chaleur pouvant localement apporter des ph\u00e9nom\u00e8nes violents (grosse gr\u00eale, forte rafales de vent, fortes intensit\u00e9s de pr\u00e9cipitations)\u00a0\u00bb.<\/p>\n<p class=\" wall-content\">Sous ces orages, les ph\u00e9nom\u00e8nes suivants peuvent \u00eatre attendus :<\/p>\n<ul class=\" wall-content\">\n<li>Gr\u00eale de taille moyenne (2-3 cm, tr\u00e8s localement 5 cm).<\/li>\n<li>Fortes rafales de vent (80-90 km\/h).<\/li>\n<li>Fortes lames d\u2019eau en peu de temps (20 \u00e0 30 mm).<\/li>\n<li>Forte activit\u00e9 \u00e9lectrique.<\/li>\n<\/ul>\n<p>Les secteurs du Rh\u00f4ne concern\u00e9s par les orages<\/p>\n<p class=\" wall-content\">Dans l\u2019apr\u00e8s-midi, ces zones pourraient \u00eatre touch\u00e9es par des chutes de gr\u00eale avec des orages :<\/p>\n<p class=\" wall-content\">Les orages violents avec des risques de pr\u00e9cipiations :\u00a0<\/p>\n<ul class=\" wall-content\">\n<li>Belleville<\/li>\n<li>Villefranche-sur-Sa\u00f4ne<\/li>\n<li>Tarare<\/li>\n<li>L\u2019Arbresle\u00a0<\/li>\n<\/ul>\n<p class=\" wall-content\">Dans la soir\u00e9e de samedi, des orages avec gr\u00eale vont s\u2019abattre sur les zones de Trades, Beaujeu, Thizy. Dans ces zones, les orages pourraient se poursuivre dans la nuit de samedi \u00e0 dimanche.<\/p>\n<p>Des orages dans le sud du Rh\u00f4ne dimanche<\/p>\n<p class=\" wall-content\">De nouveaux ph\u00e9nom\u00e8nes possiblement violents sont annonc\u00e9s dimanche apr\u00e8s-midi dans ces secteurs :\u00a0<\/p>\n<ul class=\" wall-content\">\n<li>L\u2019Arbresle\u00a0<\/li>\n<li>Neuville-sur-Sa\u00f4ne\u00a0<\/li>\n<li>Lyon<\/li>\n<li>Soucieu-en-Jarrest<\/li>\n<li>Neuville-sur-Sa\u00f4ne<\/li>\n<li>Pusignan<\/li>\n<li>Saint-Symphorien-sur-Coise<\/li>\n<\/ul>\n<p class=\" wall-content\">Les temp\u00e9ratures vont s\u2019effondrer en quelques heures dans le Rh\u00f4ne avec une chute de 10 \u00e0 15\u00b0C.<\/p>\n<p class=\" wall-content\">Suivez toute l\u2019actualit\u00e9 de vos villes et m\u00e9dias favoris en vous inscrivant \u00e0 <a href=\"https:\/\/moncompte.actu.fr\" title=\"D\u00e9couvez Mon Actu\" rel=\"nofollow noopener\" data-trk=\"{&quot;cta&quot;:{&quot;action&quot;:&quot;https:\\\/\\\/moncompte.actu.fr&quot;,&quot;category&quot;:&quot;mon compte&quot;,&quot;from&quot;:&quot;article footer&quot;,&quot;name&quot;:&quot;Mon actu&quot;,&quot;type&quot;:&quot;cta&quot;}}\" target=\"_blank\">Mon Actu<\/a>.<\/p>\n","protected":false},"excerpt":{"rendered":"Par R\u00e9daction Lyon Publi\u00e9 le 14 juin 2025 \u00e0 10h20 De nouveaux orages violents, des temp\u00e9ratures tr\u00e8s \u00e9lev\u00e9es&hellip;\n","protected":false},"author":2,"featured_media":175740,"comment_status":"","ping_status":"","sticky":false,"template":"","format":"standard","meta":{"footnotes":""},"categories":[2],"tags":[11,1011,27,2487,2357,12,4594],"class_list":{"0":"post-175739","1":"post","2":"type-post","3":"status-publish","4":"format-standard","5":"has-post-thumbnail","7":"category-actualites","8":"tag-actualites","9":"tag-fr","10":"tag-france","11":"tag-meteo","12":"tag-meteo-france","13":"tag-news","14":"tag-orages"},"share_on_mastodon":{"url":"https:\/\/pubeurope.com\/@fr\/114681395471880527","error":""},"_links":{"self":[{"href":"https:\/\/www.europesays.com\/fr\/wp-json\/wp\/v2\/posts\/175739","targetHints":{"allow":["GET"]}}],"collection":[{"href":"https:\/\/www.europesays.com\/fr\/wp-json\/wp\/v2\/posts"}],"about":[{"href":"https:\/\/www.europesays.com\/fr\/wp-json\/wp\/v2\/types\/post"}],"author":[{"embeddable":true,"href":"https:\/\/www.europesays.com\/fr\/wp-json\/wp\/v2\/users\/2"}],"replies":[{"embeddable":true,"href":"https:\/\/www.europesays.com\/fr\/wp-json\/wp\/v2\/comments?post=175739"}],"version-history":[{"count":0,"href":"https:\/\/www.europesays.com\/fr\/wp-json\/wp\/v2\/posts\/175739\/revisions"}],"wp:featuredmedia":[{"embeddable":true,"href":"https:\/\/www.europesays.com\/fr\/wp-json\/wp\/v2\/media\/175740"}],"wp:attachment":[{"href":"https:\/\/www.europesays.com\/fr\/wp-json\/wp\/v2\/media?parent=175739"}],"wp:term":[{"taxonomy":"category","embeddable":true,"href":"https:\/\/www.europesays.com\/fr\/wp-json\/wp\/v2\/categories?post=175739"},{"taxonomy":"post_tag","embeddable":true,"href":"https:\/\/www.europesays.com\/fr\/wp-json\/wp\/v2\/tags?post=175739"}],"curies":[{"name":"wp","href":"https:\/\/api.w.org\/{rel}","templated":true}]}}