{"id":175741,"date":"2025-06-14T11:06:10","date_gmt":"2025-06-14T11:06:10","guid":{"rendered":"https:\/\/www.europesays.com\/fr\/175741\/"},"modified":"2025-06-14T11:06:10","modified_gmt":"2025-06-14T11:06:10","slug":"noubliez-pas-les-paroles-en-quete-de-nouveaux-talents-stephanois","status":"publish","type":"post","link":"https:\/\/www.europesays.com\/fr\/175741\/","title":{"rendered":"\u00ab N&rsquo;OUBLIEZ PAS LES PAROLES ! \u00bb EN QU\u00caTE DE NOUVEAUX TALENTS ST\u00c9PHANOIS"},"content":{"rendered":"<p>Les producteurs de \u00ab N\u2019oubliez pas les paroles ! \u00bb sont \u00e0 la recherche de leurs prochains candidats pour participer \u00e0 cette aventure musicale unique.<\/p>\n<p>Une opportunit\u00e9 \u00e0 saisir pour les passionn\u00e9s de musique<\/p>\n<p>Vous fredonnez sans cesse vos tubes pr\u00e9f\u00e9r\u00e9s sous la douche ? Vous connaissez par c\u0153ur les paroles des plus grands hits de la chanson fran\u00e7aise et internationale ? Vous r\u00eavez secr\u00e8tement de fouler le plateau mythique de l\u2019\u00e9mission aux c\u00f4t\u00e9s de l\u2019animateur vedette ? Cette opportunit\u00e9 est faite pour vous !<\/p>\n<p>Le jeu t\u00e9l\u00e9vis\u00e9, qui passionne les t\u00e9l\u00e9spectateurs depuis des ann\u00e9es, offre une chance unique aux candidats de mettre \u00e0 l\u2019\u00e9preuve leur culture musicale tout en tentant de remporter des gains substantiels. L\u2019atmosph\u00e8re conviviale du plateau et la bienveillance l\u00e9gendaire de Nagui en font une exp\u00e9rience inoubliable pour tous les participants.<\/p>\n<p><img loading=\"lazy\" decoding=\"async\" width=\"724\" height=\"1024\" src=\"https:\/\/www.europesays.com\/fr\/wp-content\/uploads\/2025\/06\/497891358_122233869548193081_3893475166029035370_n-724x1024.jpg\" alt=\"\" class=\"wp-image-55890\"  \/><\/p>\n<p>Comment participer ?<\/p>\n<p>Les candidats int\u00e9ress\u00e9s peuvent d\u00e8s \u00e0 pr\u00e9sent s\u2019inscrire en ligne sur la plateforme d\u00e9di\u00e9e :\u00a0<strong><a href=\"http:\/\/inscription.noplp.tv\" target=\"_blank\" rel=\"noreferrer noopener\">inscription.noplp.tv<\/a><\/strong><\/p>\n<p>Cette d\u00e9marche simple et rapide constitue la premi\u00e8re \u00e9tape vers une possible participation \u00e0 l\u2019une des \u00e9missions les plus populaires de la t\u00e9l\u00e9vision fran\u00e7aise. Les \u00e9quipes de production examineront ensuite les candidatures pour s\u00e9lectionner les profils les plus prometteurs.<\/p>\n","protected":false},"excerpt":{"rendered":"Les producteurs de \u00ab N\u2019oubliez pas les paroles ! \u00bb sont \u00e0 la recherche de leurs prochains candidats&hellip;\n","protected":false},"author":2,"featured_media":175742,"comment_status":"","ping_status":"","sticky":false,"template":"","format":"standard","meta":{"footnotes":""},"categories":[9653],"tags":[1111,11,2430,1777,674,1011,27,3367,31009,12,25,4001],"class_list":{"0":"post-175741","1":"post","2":"type-post","3":"status-publish","4":"format-standard","5":"has-post-thumbnail","7":"category-saint-etienne","8":"tag-actu","9":"tag-actualites","10":"tag-auvergne-rhone-alpes","11":"tag-eu","12":"tag-europe","13":"tag-fr","14":"tag-france","15":"tag-loire","16":"tag-noubliez-pas-les-paroles","17":"tag-news","18":"tag-republique-francaise","19":"tag-saint-etienne"},"share_on_mastodon":{"url":"https:\/\/pubeurope.com\/@fr\/114681399536815915","error":""},"_links":{"self":[{"href":"https:\/\/www.europesays.com\/fr\/wp-json\/wp\/v2\/posts\/175741","targetHints":{"allow":["GET"]}}],"collection":[{"href":"https:\/\/www.europesays.com\/fr\/wp-json\/wp\/v2\/posts"}],"about":[{"href":"https:\/\/www.europesays.com\/fr\/wp-json\/wp\/v2\/types\/post"}],"author":[{"embeddable":true,"href":"https:\/\/www.europesays.com\/fr\/wp-json\/wp\/v2\/users\/2"}],"replies":[{"embeddable":true,"href":"https:\/\/www.europesays.com\/fr\/wp-json\/wp\/v2\/comments?post=175741"}],"version-history":[{"count":0,"href":"https:\/\/www.europesays.com\/fr\/wp-json\/wp\/v2\/posts\/175741\/revisions"}],"wp:featuredmedia":[{"embeddable":true,"href":"https:\/\/www.europesays.com\/fr\/wp-json\/wp\/v2\/media\/175742"}],"wp:attachment":[{"href":"https:\/\/www.europesays.com\/fr\/wp-json\/wp\/v2\/media?parent=175741"}],"wp:term":[{"taxonomy":"category","embeddable":true,"href":"https:\/\/www.europesays.com\/fr\/wp-json\/wp\/v2\/categories?post=175741"},{"taxonomy":"post_tag","embeddable":true,"href":"https:\/\/www.europesays.com\/fr\/wp-json\/wp\/v2\/tags?post=175741"}],"curies":[{"name":"wp","href":"https:\/\/api.w.org\/{rel}","templated":true}]}}