{"id":175763,"date":"2025-06-14T11:19:14","date_gmt":"2025-06-14T11:19:14","guid":{"rendered":"https:\/\/www.europesays.com\/fr\/175763\/"},"modified":"2025-06-14T11:19:14","modified_gmt":"2025-06-14T11:19:14","slug":"un-homme-simmole-par-le-feu-a-la-station-service-leclerc-cleunay-les-policiers-sur-place","status":"publish","type":"post","link":"https:\/\/www.europesays.com\/fr\/175763\/","title":{"rendered":"un homme s&rsquo;immole par le feu \u00e0 la station-service Leclerc Cleunay, les policiers sur place"},"content":{"rendered":"<p>            Par<br \/>\n        <strong><br \/>\n            <a href=\"https:\/\/actu.fr\/auteur\/laurene-fertin\" title=\"Consulter tous les articles de Laur\u00e8ne Fertin\" target=\"_blank\" rel=\"noopener\">Laur\u00e8ne Fertin<\/a><br \/>\n        <\/strong><\/p>\n<p>        Publi\u00e9 le<\/p>\n<p>            14 juin 2025 \u00e0 12h39        <\/p>\n<p>Terrible sc\u00e8ne, ce samedi 14\u00a0juin 2025, \u00e0 la <strong>station-service Leclerc du centre commercial Cleunay<\/strong>.<\/p>\n<p class=\" wall-content\">Aux alentours de <strong>11h,<\/strong> un homme de <strong>37\u00a0ans s\u2019est immol\u00e9 par le feu<\/strong>, indiquent des sources concordantes \u00e0 la r\u00e9daction d\u2019<a href=\"https:\/\/actu.fr\/rennes\/\" target=\"_blank\" rel=\"noopener\">actu Rennes<\/a>, d\u00e9p\u00each\u00e9e sur place.<\/p>\n<p>Le pronostic vital engag\u00e9<\/p>\n<p class=\" wall-content\"><strong>Un p\u00e9rim\u00e8tre de s\u00e9curit\u00e9<\/strong> a \u00e9t\u00e9 \u00e9tabli autour de la station. Les pompiers \u00e9taient sur place\u2009; Enedis \u00e9galement. La <strong>circulation,<\/strong> perturb\u00e9e, est encadr\u00e9e par des agents de <strong>police.<\/strong><\/p>\n<p class=\" wall-content\">Selon <strong>plusieurs t\u00e9moignages<\/strong> recueillis sur les lieux des faits, la victime <strong>s\u2019est asperg\u00e9e avec une pompe<\/strong> avant de s\u2019immoler par le feu.<\/p>\n<p>    <img   decoding=\"async\" loading=\"lazy\" src=\"https:\/\/www.europesays.com\/fr\/wp-content\/uploads\/2025\/06\/police-rennes-immole-par-le-feu-station-essence-leclerc-cleunay-2-960x640.jpg\" alt=\"xxx\" width=\"960\" height=\"640\"\/><br \/>\n    Les faits se sont d\u00e9roul\u00e9s \u00e0 la pompe n\u00b06, d\u00e9sormais noircie par les flammes. (\u00a9Laur\u00e8ne Fertin \u2013 actu Rennes)<\/p>\n<p class=\" wall-content\">L\u2019homme s\u2019est ensuite \u00e9cart\u00e9 de la pompe \u00e0 essence<strong> en se jetant au sol<\/strong>. <strong>90\u2009% de son corps<\/strong> est pr\u00e9sentement <strong>br\u00fbl\u00e9.<\/strong> Son pronostic vital est <strong>engag\u00e9.<\/strong><\/p>\n<p>Vid\u00e9os : en ce moment sur Actu<\/p>\n<p class=\" wall-content\">Suivez toute l\u2019actualit\u00e9 de vos villes et m\u00e9dias favoris en vous inscrivant \u00e0 <a href=\"https:\/\/moncompte.actu.fr\" title=\"D\u00e9couvez Mon Actu\" rel=\"nofollow noopener\" data-trk=\"{&quot;cta&quot;:{&quot;action&quot;:&quot;https:\\\/\\\/moncompte.actu.fr&quot;,&quot;category&quot;:&quot;mon compte&quot;,&quot;from&quot;:&quot;article footer&quot;,&quot;name&quot;:&quot;Mon actu&quot;,&quot;type&quot;:&quot;cta&quot;}}\" target=\"_blank\">Mon Actu<\/a>.<\/p>\n","protected":false},"excerpt":{"rendered":"Par Laur\u00e8ne Fertin Publi\u00e9 le 14 juin 2025 \u00e0 12h39 Terrible sc\u00e8ne, ce samedi 14\u00a0juin 2025, \u00e0 la&hellip;\n","protected":false},"author":2,"featured_media":175764,"comment_status":"","ping_status":"","sticky":false,"template":"","format":"standard","meta":{"footnotes":""},"categories":[2821],"tags":[1111,11,829,1777,674,118,1011,27,7755,12,1072,1311,584,25],"class_list":{"0":"post-175763","1":"post","2":"type-post","3":"status-publish","4":"format-standard","5":"has-post-thumbnail","7":"category-rennes","8":"tag-actu","9":"tag-actualites","10":"tag-bretagne","11":"tag-eu","12":"tag-europe","13":"tag-faits-divers","14":"tag-fr","15":"tag-france","16":"tag-leclerc","17":"tag-news","18":"tag-police","19":"tag-pompiers","20":"tag-rennes","21":"tag-republique-francaise"},"share_on_mastodon":{"url":"https:\/\/pubeurope.com\/@fr\/114681450637874198","error":""},"_links":{"self":[{"href":"https:\/\/www.europesays.com\/fr\/wp-json\/wp\/v2\/posts\/175763","targetHints":{"allow":["GET"]}}],"collection":[{"href":"https:\/\/www.europesays.com\/fr\/wp-json\/wp\/v2\/posts"}],"about":[{"href":"https:\/\/www.europesays.com\/fr\/wp-json\/wp\/v2\/types\/post"}],"author":[{"embeddable":true,"href":"https:\/\/www.europesays.com\/fr\/wp-json\/wp\/v2\/users\/2"}],"replies":[{"embeddable":true,"href":"https:\/\/www.europesays.com\/fr\/wp-json\/wp\/v2\/comments?post=175763"}],"version-history":[{"count":0,"href":"https:\/\/www.europesays.com\/fr\/wp-json\/wp\/v2\/posts\/175763\/revisions"}],"wp:featuredmedia":[{"embeddable":true,"href":"https:\/\/www.europesays.com\/fr\/wp-json\/wp\/v2\/media\/175764"}],"wp:attachment":[{"href":"https:\/\/www.europesays.com\/fr\/wp-json\/wp\/v2\/media?parent=175763"}],"wp:term":[{"taxonomy":"category","embeddable":true,"href":"https:\/\/www.europesays.com\/fr\/wp-json\/wp\/v2\/categories?post=175763"},{"taxonomy":"post_tag","embeddable":true,"href":"https:\/\/www.europesays.com\/fr\/wp-json\/wp\/v2\/tags?post=175763"}],"curies":[{"name":"wp","href":"https:\/\/api.w.org\/{rel}","templated":true}]}}