{"id":175765,"date":"2025-06-14T11:20:11","date_gmt":"2025-06-14T11:20:11","guid":{"rendered":"https:\/\/www.europesays.com\/fr\/175765\/"},"modified":"2025-06-14T11:20:11","modified_gmt":"2025-06-14T11:20:11","slug":"strasbourg-une-responsable-de-bassin-agressee-a-la-piscine-de-hautepierre-lequipement-est-ferme","status":"publish","type":"post","link":"https:\/\/www.europesays.com\/fr\/175765\/","title":{"rendered":"Strasbourg. Une responsable de bassin agress\u00e9e \u00e0 la piscine de Hautepierre, l&rsquo;\u00e9quipement est ferm\u00e9"},"content":{"rendered":"<p>Ce n\u2019est pas un mouvement collectif de jeunes qui ont commis des incivilit\u00e9s, <a href=\"https:\/\/www.dna.fr\/faits-divers-justice\/2025\/04\/25\/300-jeunes-sement-le-chaos-a-la-piscine-de-hautepierre-le-nombre-interroge\" target=\"_blank\" rel=\"nofollow noopener\">comme le 12\u00a0avril dernier<\/a> , qui a pouss\u00e9 la piscine de Hautepierre \u00e0 fermer ses portes vendredi 13\u00a0juin, en fin de journ\u00e9e. Mais une altercation entre une femme et une responsable de bassin, employ\u00e9e en int\u00e9rim pour la saison estivale.<\/p>\n<p>Ce contenu est bloqu\u00e9 car vous n&rsquo;avez pas accept\u00e9 les cookies et autres traceurs.<\/p>\n<p>En cliquant sur \u00ab J\u2019accepte \u00bb, les cookies et autres traceurs seront d\u00e9pos\u00e9s et vous pourrez visualiser les contenus  (<a href=\"\" class=\"consentModule_policy\" target=\"_blank\" title=\"Consulter la politique de protection des donn\u00e9es du fournisseur\">plus d&rsquo;informations<\/a>).<\/p>\n<p>En cliquant sur \u00ab J\u2019accepte tous les cookies \u00bb, vous autorisez des d\u00e9p\u00f4ts de cookies et autres traceurs pour le stockage de vos donn\u00e9es sur nos sites et applications \u00e0 des fins de personnalisation et de ciblage publicitaire.<\/p>\n<p class=\"consentModule_secondaryText\">Vous gardez la possibilit\u00e9 de retirer votre consentement \u00e0 tout moment en consultant notre <a href=\"https:\/\/www.dna.fr\/protection-des-donnees\" target=\"_blank\" title=\"Consulter notre politique de protection des donn\u00e9es\" rel=\"nofollow noopener\">politique de protection des donn\u00e9es<\/a>. <br \/>&#13;<br \/>\n            <a href=\"https:\/\/www.dna.fr\/faits-divers-justice\/2025\/06\/14\/javascript:Didomi.notice.show()\" class=\"consentModule_cmp\" rel=\"nofollow noopener\" target=\"_blank\">G\u00e9rer mes choix<\/a>&#13;\n        <\/p>\n<p>&#13;<br \/>\n                        J&rsquo;accepte&#13;<br \/>\n            J&rsquo;accepte tous les cookies&#13;\n        <\/p>\n<p>La baigneuse n\u2019avait pas la tenue ad\u00e9quate (un short et un par\u00e9o) pour aller dans l\u2019eau et lorsque la responsable est all\u00e9e la voir pour lui rappeler les r\u00e8gles de baignade, le ton est mont\u00e9. L\u2019employ\u00e9e de la piscine s\u2019est pris un coup de poing au visage. Les ma\u00eetres-nageurs lui ont alors port\u00e9 assistance, ce qui a provoqu\u00e9 d\u2019autres tensions et rameut\u00e9 des dizaines de personnes. La femme, soutenue par son conjoint aussi agressif, a menac\u00e9 toute l\u2019\u00e9quipe encadrante. \u00ab\u00a0C\u2019est inadmissible. Cet \u00e9pisode a rappel\u00e9 aux employ\u00e9s celui du mois d\u2019avril. Ils sont une nouvelle fois choqu\u00e9s\u00a0\u00bb, rapporte Vincent Debes, vice-pr\u00e9sident de l\u2019Eurom\u00e9tropole, charg\u00e9 du sport.<\/p>\n<p>  \u00ab\u00a0Plus d\u2019une heure et demie\u00a0\u00bb pour \u00e9vacuer la piscine<\/p>\n<p>Pour mettre en s\u00e9curit\u00e9 leurs postes et les familles pr\u00e9sentes, et pour disperser les fauteurs de trouble, les \u00e9quipes ont d\u00e9cid\u00e9 de fermer la piscine, accompagn\u00e9es des forces de police. \u00ab\u00a0Ils ont pris plus d\u2019une heure et demie pour \u00e9vacuer la piscine\u00a0\u00bb, ajoute-t-il.<\/p>\n<p>\u00c0 titre conservatoire, la piscine restera ferm\u00e9e jusqu\u2019au dimanche 15\u00a0juin inclus, le temps de r\u00e9unir les conditions n\u00e9cessaires \u00e0 une r\u00e9ouverture dans un cadre serein pour le personnel, particuli\u00e8rement marqu\u00e9, et le public, a pr\u00e9cis\u00e9 un communiqu\u00e9 de l\u2019Eurom\u00e9tropole de Strasbourg.<\/p>\n<p>Selon une source polici\u00e8re, une plainte a \u00e9t\u00e9 d\u00e9pos\u00e9e pour violences.<\/p>\n","protected":false},"excerpt":{"rendered":"Ce n\u2019est pas un mouvement collectif de jeunes qui ont commis des incivilit\u00e9s, comme le 12\u00a0avril dernier ,&hellip;\n","protected":false},"author":2,"featured_media":175766,"comment_status":"","ping_status":"","sticky":false,"template":"","format":"standard","meta":{"footnotes":""},"categories":[2820],"tags":[1111,11,2389,2649,271,272,2880,1777,674,274,107,1011,27,775,12,25,104,640,2879],"class_list":{"0":"post-175765","1":"post","2":"type-post","3":"status-publish","4":"format-standard","5":"has-post-thumbnail","7":"category-strasbourg","8":"tag-actu","9":"tag-actualites","10":"tag-alsace","11":"tag-bas-rhin","12":"tag-crime","13":"tag-delit-et-contravention","14":"tag-edition-strasbourg","15":"tag-eu","16":"tag-europe","17":"tag-faits-divers-justice","18":"tag-fil-info","19":"tag-fr","20":"tag-france","21":"tag-grand-est","22":"tag-news","23":"tag-republique-francaise","24":"tag-societe","25":"tag-strasbourg","26":"tag-strasbourg-ville"},"share_on_mastodon":{"url":"https:\/\/pubeurope.com\/@fr\/114681454646506397","error":""},"_links":{"self":[{"href":"https:\/\/www.europesays.com\/fr\/wp-json\/wp\/v2\/posts\/175765","targetHints":{"allow":["GET"]}}],"collection":[{"href":"https:\/\/www.europesays.com\/fr\/wp-json\/wp\/v2\/posts"}],"about":[{"href":"https:\/\/www.europesays.com\/fr\/wp-json\/wp\/v2\/types\/post"}],"author":[{"embeddable":true,"href":"https:\/\/www.europesays.com\/fr\/wp-json\/wp\/v2\/users\/2"}],"replies":[{"embeddable":true,"href":"https:\/\/www.europesays.com\/fr\/wp-json\/wp\/v2\/comments?post=175765"}],"version-history":[{"count":0,"href":"https:\/\/www.europesays.com\/fr\/wp-json\/wp\/v2\/posts\/175765\/revisions"}],"wp:featuredmedia":[{"embeddable":true,"href":"https:\/\/www.europesays.com\/fr\/wp-json\/wp\/v2\/media\/175766"}],"wp:attachment":[{"href":"https:\/\/www.europesays.com\/fr\/wp-json\/wp\/v2\/media?parent=175765"}],"wp:term":[{"taxonomy":"category","embeddable":true,"href":"https:\/\/www.europesays.com\/fr\/wp-json\/wp\/v2\/categories?post=175765"},{"taxonomy":"post_tag","embeddable":true,"href":"https:\/\/www.europesays.com\/fr\/wp-json\/wp\/v2\/tags?post=175765"}],"curies":[{"name":"wp","href":"https:\/\/api.w.org\/{rel}","templated":true}]}}