{"id":175769,"date":"2025-06-14T11:22:10","date_gmt":"2025-06-14T11:22:10","guid":{"rendered":"https:\/\/www.europesays.com\/fr\/175769\/"},"modified":"2025-06-14T11:22:10","modified_gmt":"2025-06-14T11:22:10","slug":"lun-etait-sous-bracelet-lautre-transportait-deux-passeurs-de-migrants-nicois-lourdement-condamnes","status":"publish","type":"post","link":"https:\/\/www.europesays.com\/fr\/175769\/","title":{"rendered":"L\u2019un \u00e9tait sous bracelet, l\u2019autre transportait&#8230; deux passeurs de migrants ni\u00e7ois lourdement condamn\u00e9s"},"content":{"rendered":"<p>D\u00e9j\u00e0 connus des tribunaux pour des faits similaires, Eddy Tisserand, 27 ans, et Bilal Khemiri, 25 ans, comparaissaient une nouvelle fois pour avoir organis\u00e9, contre r\u00e9mun\u00e9ration, le passage ill\u00e9gal de migrants de l\u2019Italie vers la France. Tous deux avaient d\u00e9j\u00e0 \u00e9t\u00e9 condamn\u00e9s l\u2019ann\u00e9e pass\u00e9e.<\/p>\n<p>D\u2019ailleurs, lors de la p\u00e9riode de pr\u00e9vention, qui s\u2019\u00e9tend du 2 octobre 2024 jusqu\u2019au 20 janvier 2025, le second, qui prenait \u00ab\u00a030 euros par t\u00eate\u00a0\u00bb, selon ses propres aveux, portait un bracelet \u00e9lectronique.<\/p>\n<p>Son copr\u00e9venu \u00e9tait \u00e0 quelques jours, voire quelques semaines de se voir en poser un. Selon la procureure Sandra Verbrugghen, tout laisse \u00e0 penser qu\u2019un v\u00e9ritable r\u00e9seau \u00e9tait en place, avec une organisation structur\u00e9e: Khemiri supervisait les op\u00e9rations depuis son domicile, appuy\u00e9 par un rabatteur, alors que les navettes effectu\u00e9es par Eddy Tisserand se faisaient \u00e0 bord de v\u00e9hicules lou\u00e9s ou pr\u00eat\u00e9s par des proches.<\/p>\n<p>                                158 allers-retours en deux mois<\/p>\n<p>Le ton est mont\u00e9 \u00e0 l\u2019audience entre la procureure et la d\u00e9fense, notamment \u00e0 propos des chiffres avanc\u00e9s par les enqu\u00eateurs.<\/p>\n<p>Entre le 14 novembre et le 20 janvier, 158 trajets auraient \u00e9t\u00e9 effectu\u00e9s, avec un tarif moyen de 200 euros par migrant et un total estim\u00e9 \u00e0 316 personnes transport\u00e9es. Soit un b\u00e9n\u00e9fice avoisinant les 64.000 euros.<\/p>\n<p>Des estimations vivement contest\u00e9es par les avocats de la d\u00e9fense. Ma\u00eetre Florian Abassit, conseil d\u2019Eddy Tisserand, a exprim\u00e9 ses doutes: \u00ab\u00a0On ignore si M. Tisserand a r\u00e9ellement effectu\u00e9 tous ces trajets. On ne sait pas combien de passagers \u00e9taient \u00e0 bord, ni m\u00eame s\u2019ils \u00e9taient en situation irr\u00e9guli\u00e8re\u00a0\u00bb.<\/p>\n<p>Ma\u00eetre Marie Seguin, repr\u00e9sentant Bilal Khemiri, a enfonc\u00e9 le clou: \u00ab\u00a0On a pseudo-enqu\u00eat\u00e9 pendant 4 mois. Il n\u2019y a aucune preuve de remise de caisse, pas d\u2019argent lors de la perquisition\u00a0\u00bb.<\/p>\n<p>Et d\u2019ajouter: \u00ab\u00a0Monsieur Tisserand a peut-\u00eatre parfois fait chou blanc, parce que pardonnez-moi, mais Vintimille ce n\u2019est pas la caverne d\u2019Alibaba\u00a0\u00bb.<\/p>\n<p>Bilal Khemiri a \u00e9t\u00e9 condamn\u00e9 \u00e0 six ans de prison, Eddy Tisserand \u00e0 cinq ans, auxquels s\u2019ajouteront quatre ann\u00e9es suppl\u00e9mentaires pour le second apr\u00e8s avoir \u00e9t\u00e9 jug\u00e9 et condamn\u00e9 dans la m\u00eame journ\u00e9e, dans une autre affaire d\u2019aide \u00e0 l\u2019entr\u00e9e de personnes en situation irr\u00e9guli\u00e8re.<\/p>\n","protected":false},"excerpt":{"rendered":"D\u00e9j\u00e0 connus des tribunaux pour des faits similaires, Eddy Tisserand, 27 ans, et Bilal Khemiri, 25 ans, comparaissaient&hellip;\n","protected":false},"author":2,"featured_media":175770,"comment_status":"","ping_status":"","sticky":false,"template":"","format":"standard","meta":{"footnotes":""},"categories":[2819],"tags":[1111,11,1777,674,1011,27,303,12,2401,882,25],"class_list":{"0":"post-175769","1":"post","2":"type-post","3":"status-publish","4":"format-standard","5":"has-post-thumbnail","7":"category-nice","8":"tag-actu","9":"tag-actualites","10":"tag-eu","11":"tag-europe","12":"tag-fr","13":"tag-france","14":"tag-justice","15":"tag-news","16":"tag-nice","17":"tag-provence-alpes-cote-dazur","18":"tag-republique-francaise"},"share_on_mastodon":{"url":"https:\/\/pubeurope.com\/@fr\/114681462327013990","error":""},"_links":{"self":[{"href":"https:\/\/www.europesays.com\/fr\/wp-json\/wp\/v2\/posts\/175769","targetHints":{"allow":["GET"]}}],"collection":[{"href":"https:\/\/www.europesays.com\/fr\/wp-json\/wp\/v2\/posts"}],"about":[{"href":"https:\/\/www.europesays.com\/fr\/wp-json\/wp\/v2\/types\/post"}],"author":[{"embeddable":true,"href":"https:\/\/www.europesays.com\/fr\/wp-json\/wp\/v2\/users\/2"}],"replies":[{"embeddable":true,"href":"https:\/\/www.europesays.com\/fr\/wp-json\/wp\/v2\/comments?post=175769"}],"version-history":[{"count":0,"href":"https:\/\/www.europesays.com\/fr\/wp-json\/wp\/v2\/posts\/175769\/revisions"}],"wp:featuredmedia":[{"embeddable":true,"href":"https:\/\/www.europesays.com\/fr\/wp-json\/wp\/v2\/media\/175770"}],"wp:attachment":[{"href":"https:\/\/www.europesays.com\/fr\/wp-json\/wp\/v2\/media?parent=175769"}],"wp:term":[{"taxonomy":"category","embeddable":true,"href":"https:\/\/www.europesays.com\/fr\/wp-json\/wp\/v2\/categories?post=175769"},{"taxonomy":"post_tag","embeddable":true,"href":"https:\/\/www.europesays.com\/fr\/wp-json\/wp\/v2\/tags?post=175769"}],"curies":[{"name":"wp","href":"https:\/\/api.w.org\/{rel}","templated":true}]}}