{"id":175775,"date":"2025-06-14T11:25:13","date_gmt":"2025-06-14T11:25:13","guid":{"rendered":"https:\/\/www.europesays.com\/fr\/175775\/"},"modified":"2025-06-14T11:25:13","modified_gmt":"2025-06-14T11:25:13","slug":"cetait-epique-un-train-paris-nantes-bloque-plusieurs-heures-des-passagers-passent-la-nuit-dans-la-mairie-dune-petite-ville","status":"publish","type":"post","link":"https:\/\/www.europesays.com\/fr\/175775\/","title":{"rendered":"\u00ab C\u2019\u00e9tait \u00e9pique \u00bb : un train Paris-Nantes bloqu\u00e9 plusieurs heures, des passagers passent la nuit dans la mairie d\u2019une petite ville"},"content":{"rendered":"<p class=\"paragraph text_align_left\">Vendredi 13, jour de malheur pour les 700 voyageurs d\u2019un train Paris-Nantes. Comme le rapporte <a href=\"https:\/\/www.francebleu.fr\/infos\/faits-divers-justice\/train-paris-nantes-bloque-a-beaugency-700-voyageurs-coinces-20-ont-du-dormir-a-la-mairie-4785276\" target=\"_self\" rel=\"nofollow noopener\">Ici Loiret<\/a>, un Ouigo est tomb\u00e9 en panne \u00e9lectrique ce vendredi soir, causant l\u2019arr\u00eat du TGV \u00e0 un kilom\u00e8tre de la gare de <a href=\"https:\/\/www.leparisien.fr\/loiret-45\/\" target=\"_self\" rel=\"nofollow noopener\">Beaugency (Loiret)<\/a>. <\/p>\n<p class=\"paragraph text_align_left\">Devant l\u2019impossibilit\u00e9 pour certains de <a href=\"https:\/\/www.leparisien.fr\/economie\/pas-de-toilettes-et-pas-deau-des-passagers-passent-la-nuit-bloques-dans-un-tgv-paris-hendaye-15-02-2025-BY757LVCBBDD7LBVMXZJY4SHUI.php\" target=\"_self\" rel=\"nofollow noopener\">reprendre leur route<\/a>, la mairie de cette petite ville de 8 000 habitants a accueilli une vingtaine de personnes \u00e0 dormir dans les locaux. <\/p>\n<p>Des passagers sans solution<\/p>\n<p class=\"paragraph text_align_left\">Apr\u00e8s cette panne \u00e9lectrique, le maire de Beaugency a \u00e9t\u00e9 contact\u00e9 vers 20h45. <a href=\"https:\/\/www.leparisien.fr\/faits-divers\/une-nuit-en-enfer-les-passagers-dun-tgv-reliant-hendaye-a-paris-bloques-pendant-9h-apres-une-panne-23-11-2024-UWWK6R2XYRBI5EG42YLUM3QGWE.php\" target=\"_self\" rel=\"nofollow noopener\">De l\u2019eau et de la nourriture ont \u00e9t\u00e9 apport\u00e9s aux voyageurs<\/a> qui attendaient \u00e0 bord. La protection civile, la gendarmerie et les pompiers se sont \u00e9galement rendus sur place.<\/p>\n<p class=\"paragraph text_align_left\">Devant l\u2019impossibilit\u00e9 pour les 700 voyageurs et ce TGV de reprendre leur trajet, un nouveau train est arriv\u00e9 sur place, mais un feu de broussailles a emp\u00each\u00e9 l\u2019op\u00e9ration de red\u00e9marrage. Si certains passagers ont d\u00e9cid\u00e9 de <a href=\"https:\/\/www.leparisien.fr\/faits-divers\/des-passagers-de-tgv-et-ouigo-bloques-toute-la-soiree-a-bord-apres-un-accident-de-personne-en-seine-et-marne-25-12-2024-RPBI6KEYTZEEJKE4XA7KO5NKUM.php\" target=\"_self\" rel=\"nofollow noopener\">reprendre un train dans le sens inverse<\/a>, ou d\u2019attendre qu\u2019un proche vienne les chercher en voiture, une vingtaine de personnes, sans solution, se sont vues proposer de dormir dans la mairie. <\/p>\n<p class=\"title-embed-dailymotion lp-color-text lp-f-subtitle-04\">Vid\u00e9oCes passagers d\u2019un TGV en direction de Paris ont fait 9 heures de trajet \u00e0 cause d&rsquo;une panne <\/p>\n<p class=\"paragraph text_align_left\">\u00ab C\u2019\u00e9tait \u00e9pique, confie \u00e0 <a href=\"https:\/\/www.francebleu.fr\/infos\/faits-divers-justice\/train-paris-nantes-bloque-a-beaugency-700-voyageurs-coinces-20-ont-du-dormir-a-la-mairie-4785276\" target=\"_blank\" rel=\"nofollow noopener\">Ici Loiret<\/a>, Jacques M\u00e9sas, le maire de Beaugency. Certaines personnes avaient contact\u00e9 des proches et ces derni\u00e8res ne pouvaient pas venir avant 3 heures de route. On les a donc mis \u00e0 la mairie, et ce samedi matin, tout le monde est parti. \u00bb La panne \u00e9lectrique aurait \u00e9t\u00e9 caus\u00e9e par un incident sur une cat\u00e9naire, suite \u00e0 l\u2019arrachage d\u2019un pantographe. <\/p>\n","protected":false},"excerpt":{"rendered":"Vendredi 13, jour de malheur pour les 700 voyageurs d\u2019un train Paris-Nantes. Comme le rapporte Ici Loiret, un&hellip;\n","protected":false},"author":2,"featured_media":175776,"comment_status":"","ping_status":"","sticky":false,"template":"","format":"standard","meta":{"footnotes":""},"categories":[2818],"tags":[1111,11,459,1777,674,118,1011,27,766,12,2636,25],"class_list":{"0":"post-175775","1":"post","2":"type-post","3":"status-publish","4":"format-standard","5":"has-post-thumbnail","7":"category-nantes","8":"tag-actu","9":"tag-actualites","10":"tag-departements-horsidfo","11":"tag-eu","12":"tag-europe","13":"tag-faits-divers","14":"tag-fr","15":"tag-france","16":"tag-nantes","17":"tag-news","18":"tag-pays-de-la-loire","19":"tag-republique-francaise"},"share_on_mastodon":{"url":"https:\/\/pubeurope.com\/@fr\/114681474189189956","error":""},"_links":{"self":[{"href":"https:\/\/www.europesays.com\/fr\/wp-json\/wp\/v2\/posts\/175775","targetHints":{"allow":["GET"]}}],"collection":[{"href":"https:\/\/www.europesays.com\/fr\/wp-json\/wp\/v2\/posts"}],"about":[{"href":"https:\/\/www.europesays.com\/fr\/wp-json\/wp\/v2\/types\/post"}],"author":[{"embeddable":true,"href":"https:\/\/www.europesays.com\/fr\/wp-json\/wp\/v2\/users\/2"}],"replies":[{"embeddable":true,"href":"https:\/\/www.europesays.com\/fr\/wp-json\/wp\/v2\/comments?post=175775"}],"version-history":[{"count":0,"href":"https:\/\/www.europesays.com\/fr\/wp-json\/wp\/v2\/posts\/175775\/revisions"}],"wp:featuredmedia":[{"embeddable":true,"href":"https:\/\/www.europesays.com\/fr\/wp-json\/wp\/v2\/media\/175776"}],"wp:attachment":[{"href":"https:\/\/www.europesays.com\/fr\/wp-json\/wp\/v2\/media?parent=175775"}],"wp:term":[{"taxonomy":"category","embeddable":true,"href":"https:\/\/www.europesays.com\/fr\/wp-json\/wp\/v2\/categories?post=175775"},{"taxonomy":"post_tag","embeddable":true,"href":"https:\/\/www.europesays.com\/fr\/wp-json\/wp\/v2\/tags?post=175775"}],"curies":[{"name":"wp","href":"https:\/\/api.w.org\/{rel}","templated":true}]}}