{"id":175789,"date":"2025-06-14T11:32:09","date_gmt":"2025-06-14T11:32:09","guid":{"rendered":"https:\/\/www.europesays.com\/fr\/175789\/"},"modified":"2025-06-14T11:32:09","modified_gmt":"2025-06-14T11:32:09","slug":"les-quatre-freres-sejdic-condamnes","status":"publish","type":"post","link":"https:\/\/www.europesays.com\/fr\/175789\/","title":{"rendered":"les quatre fr\u00e8res Sejdic condamn\u00e9s"},"content":{"rendered":"<p>Tous coupables. C\u2019est le verdict qui a \u00e9t\u00e9 rendu ce vendredi soir 13\u00a0juin par la cour d\u2019assises des Bouches-du-Rh\u00f4ne <a href=\"https:\/\/www.laprovence.com\/article\/faits-divers-justice\/1110071344863515\/tentative-de-meurtre-en-2016-sur-le-vieux-port-a-marseille-la-piste-d-une-vengeance-familiale\" target=\"_blank\" rel=\"nofollow noopener\">dans l\u2019affaire de la tentative de meurtre survenue en\u00a02016 sur le Vieux-Port<\/a> de <a href=\"https:\/\/www.laprovence.com\/bouches-du-rhone\/marseille-13055\" target=\"_blank\" rel=\"nofollow noopener\">Marseille<\/a>. Alesandro, Alberto, Denis et Kevin Sejdic, quatre fr\u00e8res d\u2019une m\u00eame famille issue de la communaut\u00e9 des gens du voyage \u00e9taient jug\u00e9s depuis lundi pour la violente agression de Kemal, un cousin \u00e9loign\u00e9 membre d\u2019une famille avec laquelle ils entretenaient un conflit ancien, le 9\u00a0mai\u00a02016.<\/p>\n","protected":false},"excerpt":{"rendered":"Tous coupables. C\u2019est le verdict qui a \u00e9t\u00e9 rendu ce vendredi soir 13\u00a0juin par la cour d\u2019assises des&hellip;\n","protected":false},"author":2,"featured_media":175790,"comment_status":"","ping_status":"","sticky":false,"template":"","format":"standard","meta":{"footnotes":""},"categories":[2814],"tags":[7086,17,1111,11,1777,674,274,1011,27,151,884,777,12,882,25,3356,7451,1179],"class_list":{"0":"post-175789","1":"post","2":"type-post","3":"status-publish","4":"format-standard","5":"has-post-thumbnail","7":"category-marseille","8":"tag-7086","9":"tag-17","10":"tag-actu","11":"tag-actualites","12":"tag-eu","13":"tag-europe","14":"tag-faits-divers-justice","15":"tag-fr","16":"tag-france","17":"tag-les","18":"tag-marseille","19":"tag-meurtre","20":"tag-news","21":"tag-provence-alpes-cote-dazur","22":"tag-republique-francaise","23":"tag-sur","24":"tag-tentative","25":"tag-vieux-port"},"share_on_mastodon":{"url":"https:\/\/pubeurope.com\/@fr\/114681501668672550","error":""},"_links":{"self":[{"href":"https:\/\/www.europesays.com\/fr\/wp-json\/wp\/v2\/posts\/175789","targetHints":{"allow":["GET"]}}],"collection":[{"href":"https:\/\/www.europesays.com\/fr\/wp-json\/wp\/v2\/posts"}],"about":[{"href":"https:\/\/www.europesays.com\/fr\/wp-json\/wp\/v2\/types\/post"}],"author":[{"embeddable":true,"href":"https:\/\/www.europesays.com\/fr\/wp-json\/wp\/v2\/users\/2"}],"replies":[{"embeddable":true,"href":"https:\/\/www.europesays.com\/fr\/wp-json\/wp\/v2\/comments?post=175789"}],"version-history":[{"count":0,"href":"https:\/\/www.europesays.com\/fr\/wp-json\/wp\/v2\/posts\/175789\/revisions"}],"wp:featuredmedia":[{"embeddable":true,"href":"https:\/\/www.europesays.com\/fr\/wp-json\/wp\/v2\/media\/175790"}],"wp:attachment":[{"href":"https:\/\/www.europesays.com\/fr\/wp-json\/wp\/v2\/media?parent=175789"}],"wp:term":[{"taxonomy":"category","embeddable":true,"href":"https:\/\/www.europesays.com\/fr\/wp-json\/wp\/v2\/categories?post=175789"},{"taxonomy":"post_tag","embeddable":true,"href":"https:\/\/www.europesays.com\/fr\/wp-json\/wp\/v2\/tags?post=175789"}],"curies":[{"name":"wp","href":"https:\/\/api.w.org\/{rel}","templated":true}]}}