{"id":175793,"date":"2025-06-14T11:34:10","date_gmt":"2025-06-14T11:34:10","guid":{"rendered":"https:\/\/www.europesays.com\/fr\/175793\/"},"modified":"2025-06-14T11:34:10","modified_gmt":"2025-06-14T11:34:10","slug":"lyon-4e-un-hommage-aux-resistants-georges-lyvet-rene-israel-et-noel-juneau-a-ete-rendu","status":"publish","type":"post","link":"https:\/\/www.europesays.com\/fr\/175793\/","title":{"rendered":"Lyon 4e. Un hommage aux R\u00e9sistants Georges Lyvet, Ren\u00e9 Israel et No\u00ebl Juneau a \u00e9t\u00e9 rendu"},"content":{"rendered":"<p>Tortur\u00e9s par la Gestapo puis hospitalis\u00e9s \u00e0 l\u2019H\u00f4pital militaire allemand de la Croix-Rousse, Georges Lyvet, Ren\u00e9 Israel et No\u00ebl Juneau, membres du mouvement arm\u00e9 de R\u00e9sistance, francs-tireurs et partisans, et un quatri\u00e8me R\u00e9sistant dont l\u2019identit\u00e9 \u00e0 ce jour n\u2019a pu \u00eatre d\u00e9finie, furent assassin\u00e9s le 15\u00a0juin 1944 en repr\u00e9sailles d\u2019une spectaculaire \u00e9vasion de leurs camarades de chambre.<\/p>\n<p>\u00c0 lire aussi<\/p>\n<p>&gt;&gt; <a href=\"https:\/\/www.leprogres.fr\/societe\/2024\/06\/06\/le-6-juin-1944-les-combattants-de-la-resistance-ont-quitte-lyon\" target=\"_blank\" rel=\"noopener\"> Le 6\u00a0juin 1944, les combattants de la R\u00e9sistance quittaient Lyon<\/a><\/p>\n<p>  \u00ab\u00a0Ce combat pour la libert\u00e9 doit rester fort\u00a0\u00bb<\/p>\n<p>Un hommage leur a \u00e9t\u00e9 rendu, ce vendredi 13\u00a0juin, \u00e0 l\u2019entr\u00e9e de l\u2019\u00e9tablissement hospitalier, l\u00e0 m\u00eame o\u00f9 une plaque comm\u00e9morative perp\u00e9tue leur m\u00e9moire depuis 1946. Sylvie Enters, secr\u00e9taire d\u00e9partementale de l\u2019Association nationale des anciens combattants et amis de la R\u00e9sistance (Anacr) du Rh\u00f4ne a rappel\u00e9 le parcours de ces hommes libres morts pour la libert\u00e9, \u00e9voquant au passage les valeurs de la R\u00e9sistance et le courage d\u00e9ploy\u00e9 par ces hommes de l\u2019ombre.<\/p>\n<p>\u00c0 lire aussi<\/p>\n<p>&gt;&gt; <a href=\"https:\/\/www.leprogres.fr\/societe\/2024\/08\/17\/fusille-il-y-a-80-ans-rene-leynaud-etait-journaliste-resistant-et-poete\" target=\"_blank\" rel=\"noopener\"> Fusill\u00e9 par les nazis\u00a0: Ren\u00e9 Leynaud, journaliste du Progr\u00e8s, \u00e9tait aussi po\u00e8te<\/a><\/p>\n<p>\u00ab\u00a0Maintenir leur m\u00e9moire, c\u2019est rappeler la force de leur engagement. L\u2019actualit\u00e9 du monde nous d\u00e9montre chaque jour que ce combat pour la libert\u00e9 doit rester fort\u00a0\u00bb a, pour sa part, d\u00e9clar\u00e9 le maire du 4e, R\u00e9mi Zinck. Avant de conclure\u00a0: \u00ab\u00a0Ce jour d\u2019hommage est aussi un jour d\u2019espoir. L\u2019espoir du monde que ces hommes ont voulu jusqu\u2019\u00e0 la mort. Un monde libre, fraternel, \u00e9mancipateur que nous portons comme projet pour nous et pour les g\u00e9n\u00e9rations futures.\u00a0\u00bb<\/p>\n","protected":false},"excerpt":{"rendered":"Tortur\u00e9s par la Gestapo puis hospitalis\u00e9s \u00e0 l\u2019H\u00f4pital militaire allemand de la Croix-Rousse, Georges Lyvet, Ren\u00e9 Israel et&hellip;\n","protected":false},"author":2,"featured_media":175794,"comment_status":"","ping_status":"","sticky":false,"template":"","format":"standard","meta":{"footnotes":""},"categories":[1889],"tags":[1111,11,2430,2757,1777,674,1011,27,937,2428,10928,10927,12,25,104],"class_list":{"0":"post-175793","1":"post","2":"type-post","3":"status-publish","4":"format-standard","5":"has-post-thumbnail","7":"category-lyon","8":"tag-actu","9":"tag-actualites","10":"tag-auvergne-rhone-alpes","11":"tag-edition-lyon-villeurbanne","12":"tag-eu","13":"tag-europe","14":"tag-fr","15":"tag-france","16":"tag-histoire","17":"tag-lyon","18":"tag-lyon-4e","19":"tag-lyon-4e-arrondissement","20":"tag-news","21":"tag-republique-francaise","22":"tag-societe"},"share_on_mastodon":{"url":"https:\/\/pubeurope.com\/@fr\/114681509729798115","error":""},"_links":{"self":[{"href":"https:\/\/www.europesays.com\/fr\/wp-json\/wp\/v2\/posts\/175793","targetHints":{"allow":["GET"]}}],"collection":[{"href":"https:\/\/www.europesays.com\/fr\/wp-json\/wp\/v2\/posts"}],"about":[{"href":"https:\/\/www.europesays.com\/fr\/wp-json\/wp\/v2\/types\/post"}],"author":[{"embeddable":true,"href":"https:\/\/www.europesays.com\/fr\/wp-json\/wp\/v2\/users\/2"}],"replies":[{"embeddable":true,"href":"https:\/\/www.europesays.com\/fr\/wp-json\/wp\/v2\/comments?post=175793"}],"version-history":[{"count":0,"href":"https:\/\/www.europesays.com\/fr\/wp-json\/wp\/v2\/posts\/175793\/revisions"}],"wp:featuredmedia":[{"embeddable":true,"href":"https:\/\/www.europesays.com\/fr\/wp-json\/wp\/v2\/media\/175794"}],"wp:attachment":[{"href":"https:\/\/www.europesays.com\/fr\/wp-json\/wp\/v2\/media?parent=175793"}],"wp:term":[{"taxonomy":"category","embeddable":true,"href":"https:\/\/www.europesays.com\/fr\/wp-json\/wp\/v2\/categories?post=175793"},{"taxonomy":"post_tag","embeddable":true,"href":"https:\/\/www.europesays.com\/fr\/wp-json\/wp\/v2\/tags?post=175793"}],"curies":[{"name":"wp","href":"https:\/\/api.w.org\/{rel}","templated":true}]}}