{"id":175799,"date":"2025-06-14T11:37:14","date_gmt":"2025-06-14T11:37:14","guid":{"rendered":"https:\/\/www.europesays.com\/fr\/175799\/"},"modified":"2025-06-14T11:37:14","modified_gmt":"2025-06-14T11:37:14","slug":"transports-franciliens-quels-travaux-la-semaine-du-16-au-22-juin-2","status":"publish","type":"post","link":"https:\/\/www.europesays.com\/fr\/175799\/","title":{"rendered":"Transports franciliens : quels travaux la semaine du 16 au 22\u202fjuin ?"},"content":{"rendered":"<p><img loading=\"lazy\" decoding=\"async\" alt=\"\u00a9 Shutterstock - La ligne 6, les RER B et E, ainsi que les Transiliens N er R vont \u00eatre impact\u00e9s par des travaux durant  la semaine du 16 au 22\u202fjuin.\" data-zoom-src=\"https:\/\/www.europesays.com\/fr\/wp-content\/uploads\/2025\/06\/initial-metro-paris.jpg\" data-zoomable=\"\" height=\"702\" src=\"https:\/\/www.europesays.com\/fr\/wp-content\/uploads\/2025\/06\/initial-metro-paris.jpg\" width=\"1248\"\/>  <\/p>\n<p class=\"article-desc\">\u00a9 Shutterstock &#8211; La ligne 6, les RER B et E, ainsi que les Transiliens N er R vont \u00eatre impact\u00e9s par des travaux durant la semaine du 16 au 22\u202fjuin. <\/p>\n<p>Cette troisi\u00e8me semaine de juin s\u2019annonce d\u00e9licate pour les voyageurs : entre <a href=\"https:\/\/mesinfos.fr\/75000-paris\/transports-en-ile-de-france-les-perturbations-a-prevoir-du-9-au-15-juin-223891.html\" rel=\"noopener nofollow\" target=\"_blank\">fermetures totales<\/a><strong>, interruptions nocturnes<\/strong> et <strong>remplacement par bus<\/strong>, <strong>plusieurs lignes de m\u00e9tro<\/strong>, <strong>RER<\/strong> et <strong>Transilien<\/strong> conna\u00eetront des changements d\u2019organisation matrimoniaux. <\/p>\n<p>Fermeture de la ligne\u202f6 du m\u00e9tro <\/p>\n<ul>\n<li>\n<p><strong>Ligne\u202f6<\/strong> : Cette ligne sera totalement ferm\u00e9e le dimanche 22 juin (toute la journ\u00e9e) pour des op\u00e9rations de modernisation essentielles li\u00e9es \u00e0 l\u2019accueil des nouvelles rames MP\u202f89 et \u00e0 l\u2019adaptation du pilotage automatique. Des bus de substitution seront propos\u00e9s entre Charles\u2011de\u2011Gaulle\u2011\u00c9toile \u2194 La Motte\u2011Picquet\u2011Grenelle et Daumesnil \u2194 Nation. <\/p>\n<\/li>\n<\/ul>\n<p>  Interruptions nocturnes pr\u00e9vues sur le RER <\/p>\n<ul>\n<li>\n<p><strong>RER\u202fB<\/strong> : D\u00e8s le lundi 16 juin, en soir\u00e9e (\u00e0 partir de ~22\u202fh45) jusqu\u2019au vendredi 20, la circulation sera interrompue entre Gare\u202fdu\u202fNord et A\u00e9roport CDG\u202f2\/Mitry\u2011Claye ; des bus de remplacement seront mis en place. <\/p>\n<\/li>\n<li>\n<p><strong>RER\u202fE<\/strong> : Du 16 au 20 juin, la circulation sera interrompue chaque soir d\u00e8s 22\u202fh45 sur le tron\u00e7on Nanterre\u2011la\u2011Folie \u2194 Chelles Gournay, avec desserte alternative via bus. <\/p>\n<\/li>\n<\/ul>\n<p> Des modifications en soir\u00e9e sur le Transilien <\/p>\n<p>Souci d\u2019organisation nocturne sur plusieurs lignes : <\/p>\n<ul>\n<li>\n<p><strong>Ligne\u202fN<\/strong> : Chaque soir, d\u00e8s 23\u202fh (hors jours f\u00e9ri\u00e9s), du 16 au 20 juin, aucun train ne circulera entre Paris\u2011Montparnasse \u2194 Rambouillet. Des cars de substitution prendront le relais. <\/p>\n<\/li>\n<li>\n<p><strong>Ligne\u202fR<\/strong> : Durant ce m\u00eame cr\u00e9neau, le week\u2011end (21\u201122 juin), aucun train ne circulera entre Melun et Montereau via H\u00e9ricy, en lien avec des travaux \u00e9lectriques. <\/p>\n<\/li>\n<\/ul>\n<p>Aucune suspension majeure n\u2019a \u00e9t\u00e9 relay\u00e9e par IDFM pour les tramways. Concernant les bus, des adaptations en soir\u00e9e sont possibles, notamment sur les axes impact\u00e9s par les fermetures de m\u00e9tros\/RER ; il est recommand\u00e9 de consulter les horaires en ligne de la RATP ou d\u2019\u00cele\u2011de\u2011France Mobilit\u00e9s.<\/p>\n","protected":false},"excerpt":{"rendered":"\u00a9 Shutterstock &#8211; La ligne 6, les RER B et E, ainsi que les Transiliens N er R&hellip;\n","protected":false},"author":2,"featured_media":175543,"comment_status":"","ping_status":"","sticky":false,"template":"","format":"standard","meta":{"footnotes":""},"categories":[1592],"tags":[1111,11,1777,674,1011,27,662,12,626,25,2216],"class_list":{"0":"post-175799","1":"post","2":"type-post","3":"status-publish","4":"format-standard","5":"has-post-thumbnail","7":"category-ile-de-france","8":"tag-actu","9":"tag-actualites","10":"tag-eu","11":"tag-europe","12":"tag-fr","13":"tag-france","14":"tag-ile-de-france","15":"tag-news","16":"tag-paris","17":"tag-republique-francaise","18":"tag-transports-en-commun"},"share_on_mastodon":{"url":"https:\/\/pubeurope.com\/@fr\/114681521445588417","error":""},"_links":{"self":[{"href":"https:\/\/www.europesays.com\/fr\/wp-json\/wp\/v2\/posts\/175799","targetHints":{"allow":["GET"]}}],"collection":[{"href":"https:\/\/www.europesays.com\/fr\/wp-json\/wp\/v2\/posts"}],"about":[{"href":"https:\/\/www.europesays.com\/fr\/wp-json\/wp\/v2\/types\/post"}],"author":[{"embeddable":true,"href":"https:\/\/www.europesays.com\/fr\/wp-json\/wp\/v2\/users\/2"}],"replies":[{"embeddable":true,"href":"https:\/\/www.europesays.com\/fr\/wp-json\/wp\/v2\/comments?post=175799"}],"version-history":[{"count":0,"href":"https:\/\/www.europesays.com\/fr\/wp-json\/wp\/v2\/posts\/175799\/revisions"}],"wp:featuredmedia":[{"embeddable":true,"href":"https:\/\/www.europesays.com\/fr\/wp-json\/wp\/v2\/media\/175543"}],"wp:attachment":[{"href":"https:\/\/www.europesays.com\/fr\/wp-json\/wp\/v2\/media?parent=175799"}],"wp:term":[{"taxonomy":"category","embeddable":true,"href":"https:\/\/www.europesays.com\/fr\/wp-json\/wp\/v2\/categories?post=175799"},{"taxonomy":"post_tag","embeddable":true,"href":"https:\/\/www.europesays.com\/fr\/wp-json\/wp\/v2\/tags?post=175799"}],"curies":[{"name":"wp","href":"https:\/\/api.w.org\/{rel}","templated":true}]}}