{"id":175812,"date":"2025-06-14T11:44:11","date_gmt":"2025-06-14T11:44:11","guid":{"rendered":"https:\/\/www.europesays.com\/fr\/175812\/"},"modified":"2025-06-14T11:44:11","modified_gmt":"2025-06-14T11:44:11","slug":"martin-scorsese-la-reelection-de-trump-a-ete-une-vraie-deception-les-etats-unis-sont-au-bord-dune-guerre-civile","status":"publish","type":"post","link":"https:\/\/www.europesays.com\/fr\/175812\/","title":{"rendered":"Martin Scorsese\u00a0: \u00abLa r\u00e9\u00e9lection de Trump a \u00e9t\u00e9 une vraie d\u00e9ception. Les \u00c9tats-Unis sont au bord d\u2019une guerre civile\u00bb"},"content":{"rendered":"<p>Martin Scorsese ne m\u00e2che pas ses mots : \u00ab La r\u00e9\u00e9lection de <a href=\"https:\/\/www.vanityfair.fr\/dossier\/donald-trump\" isautogenerated=\"true\" target=\"_blank\" rel=\"noopener\">Donald Trump<\/a> a \u00e9t\u00e9 une immense d\u00e9ception. Je ne suis pas un homme politique, j\u2019essaie seulement de comprendre ce qu\u2019est la compassion, ce qui compte dans la vie entre les \u00eatres humains. Et je ne trouve rien de cela dans l\u2019administration Trump. Au contraire, on dirait qu\u2019elle prend plaisir \u00e0 faire le contraire, \u00e0 faire souffrir. C\u2019est triste. Tragique. \u00bb<\/p>\n<p>Scorsese est arriv\u00e9 \u00e0 Taormine, et Taormine lui rend hommage. \u00c0 82 ans, le grand r\u00e9alisateur am\u00e9ricain est de retour \u2013 comme il pr\u00e9f\u00e8re le dire \u2013 en Sicile, pour recevoir un prix honorifique au Festival du film de Taormine, relanc\u00e9 cette ann\u00e9e par Tiziana Rocca. Au programme\u00a0: une masterclass avec des \u00e9tudiants en cin\u00e9ma, le tapis rouge en compagnie de sa fille <strong>Francesca<\/strong>, la c\u00e9r\u00e9monie de remise de prix, et enfin, une projection de Taxi Driver, l\u2019un de ses films les plus mythiques, dans le d\u00e9cor mill\u00e9naire du Th\u00e9\u00e2tre antique.<\/p>\n<p>Le cin\u00e9aste a parl\u00e9 de ses racines, de la vocation et de la religion, d\u2019une d\u00e9mocratie en p\u00e9ril, et de ces jours incertains dans cette Am\u00e9rique qu\u2019il aime tant. \u00ab Mon p\u00e8re \u00e9tait originaire de Polizzi Generosa, ma m\u00e8re de Ciminna, a-t-il expliqu\u00e9 aux \u00e9tudiants. Pour moi, venir ici n\u2019est pas une visite, c\u2019est un retour. J\u2019ai tant appris de ma famille. \u00bb Et de poursuivre : \u00ab J\u2019ai grandi \u00e0 <a href=\"https:\/\/www.vanityfair.fr\/dossier\/new-york\" isautogenerated=\"true\" target=\"_blank\" rel=\"noopener\">New York<\/a>, immerg\u00e9 dans la culture sicilienne, dans un environnement tr\u00e8s dur. Deux mondes cohabitaient autour de moi\u00a0: d\u2019un c\u00f4t\u00e9 la foi, la compassion ; de l\u2019autre, le crime organis\u00e9. Et peut-\u00eatre que tout ce que je raconte dans mes films vient de l\u00e0\u00a0: la foi et les gangsters.\u00a0\u00bb<\/p>\n<p>Martin Scorsese au Festival de Taormine.<\/p>\n<p>Daniele Venturelli\/Getty ImagesReligion et nouveaux projets<\/p>\n<p>Ses prochains projets sont d\u2019ailleurs tous marqu\u00e9s par la spiritualit\u00e9 : un nouveau film sur J\u00e9sus, une s\u00e9rie sur la vie des saints, et un documentaire sur le <a href=\"https:\/\/www.vanityfair.fr\/dossier\/pape-francois\" isautogenerated=\"true\" target=\"_blank\" rel=\"noopener\">pape Fran\u00e7ois<\/a>. Scorsese sourit souvent, d\u00e9veloppe longuement ses r\u00e9ponses, regarde autour de lui. V\u00eatu d\u2019une chemise bleu ciel et d\u2019une veste claire, enfonc\u00e9 dans un fauteuil de l\u2019h\u00f4tel Metropole, face \u00e0 un petit groupe de journalistes, il commence \u00e0 parler.<\/p>\n<p>\u00ab Je travaille sur un projet autour de la vie de J\u00e9sus, transpos\u00e9e dans le monde contemporain. Je cherche un angle qui fonctionne vraiment, et je pense qu\u2019il me faudra encore au moins un an. L\u2019id\u00e9e remonte aux ann\u00e9es 60, \u00e0 l\u2019\u00e9poque o\u00f9 j\u2019imaginais un film inspir\u00e9 des \u00c9vangiles, situ\u00e9 dans le Lower East Side de New York, ces quartiers pauvres o\u00f9 j\u2019ai grandi. J\u2019avais d\u00e9j\u00e0 commenc\u00e9 \u00e0 y r\u00e9fl\u00e9chir quand j\u2019\u00e9tais \u00e9tudiant \u00e0 la NYU, qui ne comptait alors qu\u2019une trentaine d\u2019\u00e9l\u00e8ves. On voulait tourner en noir et blanc. Mais ensuite, j\u2019ai vu L\u2019\u00c9vangile selon saint Matthieu de <strong>Pasolini<\/strong> et je me suis dit : \u201cStop, il faut que je trouve une autre voie.\u201d \u00bb<\/p>\n<p>Le pape Fran\u00e7ois<\/p>\n<p>\u00ab Oui, j\u2019ai eu la chance de le rencontrer \u00e0 plusieurs reprises. En ce moment, nous achevons un documentaire intitul\u00e9 Aldeas \u2013 A New Story, produit avec Scholas Occurrentes, un mouvement actif en Argentine. Le film a \u00e9t\u00e9 tourn\u00e9 en Sicile \u2013 j\u2019y \u00e9tais avec eux en octobre \u2013 mais aussi en Gambie, en Amazonie, et dans d\u2019autres lieux. L\u2019id\u00e9e, c\u2019est de raconter des histoires pour mieux conna\u00eetre les cultures, les mani\u00e8res de penser diff\u00e9rentes, et apprendre les uns des autres. Le pape Fran\u00e7ois appara\u00eet dans ce film : il s\u2019adresse aux jeunes au nom des conseils des anciens. J\u2019\u00e9tais l\u2019un de ces anciens. \u00bb<\/p>\n<p>Le nouveau pape<\/p>\n<p>\u00c0 propos de <strong>L\u00e9on XIV<\/strong>, le nouveau pape, Scorsese pr\u00e9cise : \u00ab Je ne le vois pas comme un \u201cAm\u00e9ricain\u201d. Quiconque devient pape doit l\u2019\u00eatre pour tous. Ce n\u2019est pas parce qu\u2019on est \u00e9lu qu\u2019on devient subitement argentin, nig\u00e9rian ou philippin : on est le pape. Le d\u00e9fi aujourd\u2019hui, c\u2019est que l\u2019\u00c9glise garde son \u00e2me tout en s\u2019ouvrant au monde. Et d\u2019apr\u00e8s ce que j\u2019ai lu sur lui, je pense qu\u2019il a la bonne approche. \u00bb Ce qui compte, dit-il, c\u2019est de travailler \u00e0 la paix : \u00ab La paix commence par la connaissance, par savoir o\u00f9 se situent les gens, par un travail sur le c\u0153ur. Ce n\u2019est pas seulement l\u2019absence de conflit. Il nous faut \u00eatre moins avides. M\u00eame si nous ne sommes pas d\u2019accord politiquement, nous devons reconna\u00eetre \u00e0 chacun le droit de vivre. C\u2019est la seule mani\u00e8re de b\u00e2tir une paix v\u00e9ritable. \u00bb<\/p>\n<p>Foi et vocation<\/p>\n<p>La spiritualit\u00e9 a toujours occup\u00e9 une place centrale dans sa vie, raconte-t-il, en lien direct avec son enfance : \u00ab Quand j\u2019\u00e9tais tr\u00e8s jeune, l\u2019un des seuls endroits o\u00f9 je trouvais du r\u00e9confort, c\u2019\u00e9tait la vieille cath\u00e9drale Saint-Patrick, \u00e0 Manhattan. Il y avait l\u00e0 un pr\u00eatre, jeune, s\u00e9v\u00e8re, solide, qui \u00e9tait formidable avec nous. Il nous a ouvert \u00e0 la litt\u00e9rature. Il nous faisait voir le monde \u00e0 travers une lentille plus ancienne. Non, apr\u00e8s tout, nous vivions vraiment dans un monde ancien. Nous vivions dans le monde de la Sicile. Nous vivions \u00e0 Cimina et \u00e0 Polizzi Generosa, des lieux tr\u00e8s beau, mais c\u2019\u00e9tait le monde des immigrants plus \u00e2g\u00e9s, arriv\u00e9s en 1910, en 1900. Nous, on repr\u00e9sentait une nouvelle g\u00e9n\u00e9ration. Et on savait qu\u2019un autre monde existait au-dehors. Ce monde s\u2019appelait New York. Et New York faisait partie d\u2019un pays nouveau appel\u00e9 l\u2019Am\u00e9rique. Ce pr\u00eatre se tenait entre les deux. Il nous a parl\u00e9 pour la premi\u00e8re fois. Et je me suis dit : ce serait merveilleux d\u2019\u00eatre comme lui. D\u2019\u00eatre un tel enseignant. En plus, j\u2019\u00e9tais un enfant malade, constamment souffrant. J\u2019avais un asthme terrible. Je ne pouvais pas faire de sport. On me mettait au cin\u00e9ma\u2026 ou \u00e0 l\u2019\u00e9glise. \u00bb<\/p>\n","protected":false},"excerpt":{"rendered":"Martin Scorsese ne m\u00e2che pas ses mots : \u00ab La r\u00e9\u00e9lection de Donald Trump a \u00e9t\u00e9 une immense&hellip;\n","protected":false},"author":2,"featured_media":175813,"comment_status":"","ping_status":"","sticky":false,"template":"","format":"standard","meta":{"footnotes":""},"categories":[1589],"tags":[11,73,1866,17054,12,1864,1865,1863,308],"class_list":{"0":"post-175812","1":"post","2":"type-post","3":"status-publish","4":"format-standard","5":"has-post-thumbnail","7":"category-etats-unis","8":"tag-actualites","9":"tag-etats-unis","10":"tag-etats-unis-damerique","11":"tag-martin-scorsese","12":"tag-news","13":"tag-united-states","14":"tag-united-states-of-america","15":"tag-us","16":"tag-usa"},"share_on_mastodon":{"url":"https:\/\/pubeurope.com\/@fr\/114681548900973451","error":""},"_links":{"self":[{"href":"https:\/\/www.europesays.com\/fr\/wp-json\/wp\/v2\/posts\/175812","targetHints":{"allow":["GET"]}}],"collection":[{"href":"https:\/\/www.europesays.com\/fr\/wp-json\/wp\/v2\/posts"}],"about":[{"href":"https:\/\/www.europesays.com\/fr\/wp-json\/wp\/v2\/types\/post"}],"author":[{"embeddable":true,"href":"https:\/\/www.europesays.com\/fr\/wp-json\/wp\/v2\/users\/2"}],"replies":[{"embeddable":true,"href":"https:\/\/www.europesays.com\/fr\/wp-json\/wp\/v2\/comments?post=175812"}],"version-history":[{"count":0,"href":"https:\/\/www.europesays.com\/fr\/wp-json\/wp\/v2\/posts\/175812\/revisions"}],"wp:featuredmedia":[{"embeddable":true,"href":"https:\/\/www.europesays.com\/fr\/wp-json\/wp\/v2\/media\/175813"}],"wp:attachment":[{"href":"https:\/\/www.europesays.com\/fr\/wp-json\/wp\/v2\/media?parent=175812"}],"wp:term":[{"taxonomy":"category","embeddable":true,"href":"https:\/\/www.europesays.com\/fr\/wp-json\/wp\/v2\/categories?post=175812"},{"taxonomy":"post_tag","embeddable":true,"href":"https:\/\/www.europesays.com\/fr\/wp-json\/wp\/v2\/tags?post=175812"}],"curies":[{"name":"wp","href":"https:\/\/api.w.org\/{rel}","templated":true}]}}