{"id":175818,"date":"2025-06-14T11:47:09","date_gmt":"2025-06-14T11:47:09","guid":{"rendered":"https:\/\/www.europesays.com\/fr\/175818\/"},"modified":"2025-06-14T11:47:09","modified_gmt":"2025-06-14T11:47:09","slug":"conflit-israel-iran-leurope-hors-jeu-diplomatique","status":"publish","type":"post","link":"https:\/\/www.europesays.com\/fr\/175818\/","title":{"rendered":"Conflit Isra\u00ebl &#8211; Iran : l&rsquo;Europe hors-jeu diplomatique"},"content":{"rendered":"<p><img decoding=\"async\" class=\"c-ad__placeholder__logo\" src=\"https:\/\/static.euronews.com\/website\/images\/logos\/logo-euronews-grey-6-180x22.svg\" width=\"180\" height=\"22\" alt=\"\" loading=\"lazy\"\/>PUBLICIT\u00c9<\/p>\n<p>Les dirigeants europ\u00e9ens ont exprim\u00e9 leur inqui\u00e9tude face aux attaques militaires et ont appel\u00e9 \u00e0 une solution diplomatique pour \u00e9viter une guerre totale qui pourrait s&rsquo;\u00e9tendre au Moyen-Orient et au-del\u00e0, mais l&rsquo;<a href=\"https:\/\/fr.euronews.com\/my-europe\/2025\/06\/13\/moyen-orient-lequilibre-des-forces-en-faveur-disrael-selon-lexpert-en-securite-claude-moni\" rel=\"nofollow noopener\" target=\"_blank\"><strong>expert en s\u00e9curit\u00e9 Claude Moniquet a d\u00e9clar\u00e9 \u00e0 Euronews<\/strong><\/a> que l&rsquo;Europe \u00e9tait rest\u00e9e \u00ab\u00a0sur la touche\u00a0\u00bb.<\/p>\n<p>C&rsquo;\u00e9tait d\u00e9j\u00e0 le cas des n\u00e9gociations entre les Am\u00e9ricains et les Iraniens. La tentative du pr\u00e9sident am\u00e9ricain Donald Trump de parvenir \u00e0 un accord avec l&rsquo;Iran pour mettre fin \u00e0 l&rsquo;enrichissement de l&rsquo;uranium devait aboutir \u00e0 un sixi\u00e8me cycle de n\u00e9gociations \u00e0 Oman dimanche.<\/p>\n<p>Ces pourparlers sont peut-\u00eatre maintenant remis en question, mais \u00ab\u00a0les Europ\u00e9ens en ont \u00e9t\u00e9 exclus\u00a0\u00bb de toute fa\u00e7on, a fait remarquer M. Moniquet.<\/p>\n<p><strong>\u00ab\u00a0Les Europ\u00e9ens ont \u00e9t\u00e9 pratiquement exclus de toutes les grandes man\u0153uvres diplomatiques autour de la guerre \u00e0 Gaza ou de la guerre au Liban\u00a0\u00bb<\/strong>, a d\u00e9clar\u00e9 l&rsquo;ancien officier de renseignement et auteur fran\u00e7ais.<\/p>\n<p>Les dirigeants europ\u00e9ens vantent les m\u00e9rites de la diplomatie, mais manquent de moyens pour la mettre en \u0153uvre<\/p>\n<p>\u00ab\u00a0Les efforts diplomatiques sont essentiels pour emp\u00eacher une nouvelle escalade\u00a0\u00bb, a d\u00e9clar\u00e9 le pr\u00e9sident de la Commission europ\u00e9enne sur X vendredi en fin de journ\u00e9e, apr\u00e8s s&rsquo;\u00eatre entretenu avec le pr\u00e9sident isra\u00e9lien Isaac Herzog au sujet de l&rsquo;escalade de la situation.<\/p>\n<p>M. Moniquet a d\u00e9clar\u00e9 que l&rsquo;Union europ\u00e9enne avait perdu de son influence dans la r\u00e9gion et qu&rsquo;elle n&rsquo;avait pas son mot \u00e0 dire dans la diplomatie sur l&rsquo;avenir du Moyen-Orient.<\/p>\n<p>Le soutien ambivalent de l&rsquo;Europe aux attaques d&rsquo;Isra\u00ebl signifie probablement que ses gouvernements n&rsquo;ont pas \u00e9t\u00e9 avertis des d\u00e9tails, ce qui contraste fortement avec les \u00c9tats-Unis.<\/p>\n<p>La conf\u00e9rence de presse du pr\u00e9sident fran\u00e7ais Emmanuel Macron, vendredi, a parfaitement r\u00e9sum\u00e9 le soutien strictement conditionnel que les dirigeants europ\u00e9ens offrent \u00e0 Isra\u00ebl.<\/p>\n<p>\u00ab\u00a0Nous soutenons la s\u00e9curit\u00e9 d&rsquo;Isra\u00ebl et si Isra\u00ebl devait \u00eatre attaqu\u00e9, la France participerait aux op\u00e9rations de d\u00e9fense d&rsquo;Isra\u00ebl si elle est en mesure de le faire\u00a0\u00bb, a d\u00e9clar\u00e9 M. Macron, tout en pr\u00e9cisant que la France ne participerait \u00ab\u00a0\u00e0 aucune op\u00e9ration offensive\u00a0\u00bb.<\/p>\n<p>\u00ab\u00a0Nous avons toujours privil\u00e9gi\u00e9 la voie diplomatique [sur la question du nucl\u00e9aire iranien et des missiles balistiques] plut\u00f4t qu&rsquo;une intervention militaire, c&rsquo;est pourquoi la France n&rsquo;a pas recommand\u00e9 d&rsquo;attaques de la part d&rsquo;Isra\u00ebl\u00a0\u00bb, a-t-il d\u00e9clar\u00e9, soulignant que la France \u00ab\u00a0n&rsquo;a pas planifi\u00e9 cette d\u00e9cision avec Isra\u00ebl\u00a0\u00bb.<\/p>\n<p>M. Macron a \u00e9galement abord\u00e9 la situation \u00e0 Gaza. \u00ab\u00a0Ces attaques ne doivent pas nous d\u00e9tourner de la n\u00e9cessit\u00e9 d&rsquo;y instaurer un cessez-le-feu\u00a0\u00bb, a estim\u00e9 le pr\u00e9sident, qualifiant d'\u00a0\u00bbinjustifiable\u00a0\u00bb le blocus humanitaire impos\u00e9 \u00e0 l&rsquo;enclave palestinienne.<\/p>\n<p>De m\u00eame, le Premier ministre britannique Keir Starmer a d\u00e9clar\u00e9 vendredi que \u00ab\u00a0l&rsquo;heure est \u00e0 la retenue, au calme et au retour \u00e0 la diplomatie\u00a0\u00bb.<\/p>\n<p>Mais le fait que le Royaume-Uni n&rsquo;ait pas \u00e9t\u00e9 inform\u00e9 de l&rsquo;attaque isra\u00e9lienne contre l&rsquo;Iran avant qu&rsquo;elle ne se produise, et qu&rsquo;il n&rsquo;ait pas soutenu la mission, souligne \u00ab\u00a0la d\u00e9t\u00e9rioration des relations entre les deux pays\u00a0\u00bb, a rapport\u00e9 aujourd&rsquo;hui le Times of London.<\/p>\n<p>Des diplomates ont d\u00e9clar\u00e9 au journal qu&rsquo;il semblait qu&rsquo;Isra\u00ebl ne consid\u00e9rait plus le Royaume-Uni comme un \u00ab\u00a0partenaire fiable\u00a0\u00bb apr\u00e8s que M. Starmer a impos\u00e9 des sanctions \u00e0 deux ministres isra\u00e9liens d&rsquo;extr\u00eame droite.<\/p>\n<p>\u00ab\u00a0Les responsables de la planification militaire au sein du minist\u00e8re de la d\u00e9fense se sont pr\u00e9par\u00e9s aux frappes de jeudi soir. Cependant, le Royaume-Uni semble avoir \u00e9t\u00e9 tenu \u00e0 l&rsquo;\u00e9cart de l&rsquo;op\u00e9ration, bien qu&rsquo;il ait \u00e9t\u00e9 impliqu\u00e9 dans les frappes pr\u00e9c\u00e9dentes\u00a0\u00bb, a rapport\u00e9 le journal.<\/p>\n<p>Mme Von der Leyen a \u00e9galement r\u00e9it\u00e9r\u00e9 le droit d&rsquo;Isra\u00ebl \u00e0 se d\u00e9fendre et \u00e0 prot\u00e9ger son peuple, ajoutant : \u00ab\u00a0Dans le m\u00eame temps, il est vital de pr\u00e9server la stabilit\u00e9 r\u00e9gionale. J&rsquo;exhorte toutes les parties \u00e0 agir avec un maximum de retenue et \u00e0 \u0153uvrer \u00e0 la d\u00e9sescalade de la situation\u00a0\u00bb.<\/p>\n<p>En revanche, apr\u00e8s avoir exhort\u00e9 pendant des mois Isra\u00ebl \u00e0 ne pas frapper l&rsquo;Iran pendant qu&rsquo;il travaillait \u00e0 la conclusion d&rsquo;un accord sur le nucl\u00e9aire, le pr\u00e9sident Donald Trump a d\u00e9clar\u00e9 vendredi \u00e0 Reuters, lors d&rsquo;un entretien t\u00e9l\u00e9phonique, que lui et son \u00e9quipe savaient que les attaques allaient avoir lieu, et n&rsquo;a pas lanc\u00e9 d&rsquo;appel \u00e0 la retenue.<\/p>\n<p><strong>Les \u00c9tats-Unis se rapprochent d&rsquo;Isra\u00ebl en mati\u00e8re d&rsquo;action<\/strong><\/p>\n<p>\u00ab\u00a0Nous savions tout, et j&rsquo;ai essay\u00e9 d&rsquo;\u00e9pargner \u00e0 l&rsquo;Iran l&rsquo;humiliation et la mort. Nous savions tout, et j&rsquo;ai essay\u00e9 d&rsquo;\u00e9pargner \u00e0 l&rsquo;Iran l&rsquo;humiliation et la mort. J&rsquo;ai essay\u00e9 de les sauver tr\u00e8s fort parce que j&rsquo;aurais aim\u00e9 qu&rsquo;un accord soit conclu\u00a0\u00bb, a d\u00e9clar\u00e9 M. Trump, ajoutant : \u00ab\u00a0Ils peuvent encore trouver un accord, cependant, il n&rsquo;est pas trop tard\u00a0\u00bb.<\/p>\n<p>\u00ab\u00a0Nous avons \u00e9t\u00e9 tr\u00e8s proches d&rsquo;Isra\u00ebl. Nous sommes de loin leur premier alli\u00e9\u00a0\u00bb, a d\u00e9clar\u00e9 M. Trump \u00e0 Reuters, ajoutant : \u00ab\u00a0Nous verrons ce qui se passera\u00a0\u00bb.<\/p>\n<p>Selon M. Moniquet, la principale raison de la perte d&rsquo;influence de l&rsquo;Europe r\u00e9side dans la diminution de sa puissance militaire. Si cela est vrai, la situation s&rsquo;ajoute aux questions existentielles sur son avenir s\u00e9curitaire auxquelles l&rsquo;Europe et l&rsquo;UE ont \u00e9t\u00e9 confront\u00e9es \u00e0 la suite de l&rsquo;explosion dans le bureau ovale en f\u00e9vrier entre le pr\u00e9sident ukrainien Volodymyr Zelenskyy et M. Trump.<\/p>\n<p>Depuis lors, l&rsquo;Europe s&rsquo;est d\u00e9battue avec la n\u00e9cessit\u00e9 d&rsquo;assumer une plus grande responsabilit\u00e9 pour sa propre s\u00e9curit\u00e9 et a commenc\u00e9 \u00e0 l&rsquo;accepter. Elle s&rsquo;est \u00e9galement retrouv\u00e9e en marge de la tentative de Trump de n\u00e9gocier un cessez-le-feu entre Zelenskyy et Poutine.<\/p>\n<p>Le fait d&rsquo;\u00eatre laiss\u00e9 sur la touche aujourd&rsquo;hui pourrait toutefois comporter plus de risques.<\/p>\n<p>M. Moniquet a d\u00e9clar\u00e9 \u00e0 Euronews que l&rsquo;Iran pourrait r\u00e9pondre par une tentative de terrorisme sur le continent.<\/p>\n<p>\u00ab\u00a0Ils pourraient bien demander \u00e0 une cellule du Hezbollah ou \u00e0 une cellule iranienne comme celle qui a \u00e9t\u00e9 d\u00e9mantel\u00e9e \u00e0 Londres il y a quelques semaines de frapper quelque part en Europe\u00a0\u00bb, a-t-il d\u00e9clar\u00e9. \u00ab\u00a0C&rsquo;est une possibilit\u00e9 importante\u00a0\u00bb, estime-t-il. Aux yeux de Claude Moniquet, cela \u00ab\u00a0signifie que les communaut\u00e9s juives, les int\u00e9r\u00eats diplomatiques et commerciaux isra\u00e9liens, les bateaux isra\u00e9liens, les avions isra\u00e9liens, mais probablement aussi les int\u00e9r\u00eats am\u00e9ricains, sont maintenant en position de risque en Europe et pourraient \u00eatre frapp\u00e9s.\u00a0\u00bb<\/p>\n","protected":false},"excerpt":{"rendered":"PUBLICIT\u00c9 Les dirigeants europ\u00e9ens ont exprim\u00e9 leur inqui\u00e9tude face aux attaques militaires et ont appel\u00e9 \u00e0 une solution&hellip;\n","protected":false},"author":2,"featured_media":175819,"comment_status":"","ping_status":"","sticky":false,"template":"","format":"standard","meta":{"footnotes":""},"categories":[1586],"tags":[11,31122,312,75,1073,1777,674,1011,27,12,25,2544],"class_list":{"0":"post-175818","1":"post","2":"type-post","3":"status-publish","4":"format-standard","5":"has-post-thumbnail","7":"category-europe","8":"tag-actualites","9":"tag-conflit-israel-iran","10":"tag-diplomatie","11":"tag-donald-trump","12":"tag-emmanuel-macron","13":"tag-eu","14":"tag-europe","15":"tag-fr","16":"tag-france","17":"tag-news","18":"tag-republique-francaise","19":"tag-ursula-von-der-leyen"},"share_on_mastodon":{"url":"https:\/\/pubeurope.com\/@fr\/114681560707216627","error":""},"_links":{"self":[{"href":"https:\/\/www.europesays.com\/fr\/wp-json\/wp\/v2\/posts\/175818","targetHints":{"allow":["GET"]}}],"collection":[{"href":"https:\/\/www.europesays.com\/fr\/wp-json\/wp\/v2\/posts"}],"about":[{"href":"https:\/\/www.europesays.com\/fr\/wp-json\/wp\/v2\/types\/post"}],"author":[{"embeddable":true,"href":"https:\/\/www.europesays.com\/fr\/wp-json\/wp\/v2\/users\/2"}],"replies":[{"embeddable":true,"href":"https:\/\/www.europesays.com\/fr\/wp-json\/wp\/v2\/comments?post=175818"}],"version-history":[{"count":0,"href":"https:\/\/www.europesays.com\/fr\/wp-json\/wp\/v2\/posts\/175818\/revisions"}],"wp:featuredmedia":[{"embeddable":true,"href":"https:\/\/www.europesays.com\/fr\/wp-json\/wp\/v2\/media\/175819"}],"wp:attachment":[{"href":"https:\/\/www.europesays.com\/fr\/wp-json\/wp\/v2\/media?parent=175818"}],"wp:term":[{"taxonomy":"category","embeddable":true,"href":"https:\/\/www.europesays.com\/fr\/wp-json\/wp\/v2\/categories?post=175818"},{"taxonomy":"post_tag","embeddable":true,"href":"https:\/\/www.europesays.com\/fr\/wp-json\/wp\/v2\/tags?post=175818"}],"curies":[{"name":"wp","href":"https:\/\/api.w.org\/{rel}","templated":true}]}}