{"id":175824,"date":"2025-06-14T11:50:08","date_gmt":"2025-06-14T11:50:08","guid":{"rendered":"https:\/\/www.europesays.com\/fr\/175824\/"},"modified":"2025-06-14T11:50:08","modified_gmt":"2025-06-14T11:50:08","slug":"frappee-par-la-foudre-une-maison-prend-feu-dans-la-manche","status":"publish","type":"post","link":"https:\/\/www.europesays.com\/fr\/175824\/","title":{"rendered":"Frapp\u00e9e par la foudre, une maison prend feu dans la Manche"},"content":{"rendered":"<p>            Par<br \/>\n        <strong><br \/>\n            <a href=\"https:\/\/actu.fr\/auteur\/redaction-pressemanche\" title=\"Consulter tous les articles de R\u00e9daction La Presse de la Manche\" target=\"_blank\" rel=\"noopener\">R\u00e9daction La Presse de la Manche<\/a><br \/>\n        <\/strong><\/p>\n<p>        Publi\u00e9 le<\/p>\n<p>            14 juin 2025 \u00e0 11h05        <\/p>\n<p>Ce <b>vendredi 13\u00a0juin 2025<\/b> vers 19\u2009h\u200930, alors que la Manche <a href=\"https:\/\/actu.fr\/meteo\/meteo-la-manche-et-la-normandie-placees-en-vigilance-orange-pour-les-orages_62767451.html\" target=\"_blank\" rel=\"noopener\">\u00e9tait plac\u00e9e en vigilance orange aux orages<\/a>, le <b>toit d\u2019une maison <\/b>d\u2019un \u00e9tage situ\u00e9e <b>rue des Aum\u00f4nes<\/b> \u00e0 <a href=\"https:\/\/actu.fr\/normandie\/saint-andre-de-l-epine_50446\" target=\"_blank\" rel=\"noopener\">Saint-Andr\u00e9-de-l\u2019Epine<\/a> a \u00e9t\u00e9 frapp\u00e9 par la <b>foudre<\/b>.<\/p>\n<p class=\" wall-content\">Le feu a \u00e9t\u00e9 \u00e9teint avec trois lances \u00e0 eau, alors que <b>31 sapeurs-pompiers <\/b>des centres de secours de Saint-Clair, Saint-L\u00f4, Tessy et Torigny ont \u00e9t\u00e9 mobilis\u00e9s sur les lieux.<\/p>\n<p>Une famille relog\u00e9e<\/p>\n<p class=\" wall-content\">Les<b> op\u00e9rations de d\u00e9blai <\/b>ont \u00e9t\u00e9, en revanche, particuli\u00e8rement longues.<\/p>\n<p>    <a href=\"https:\/\/www.google.com\/maps\/embed?pb=!1m18!1m12!1m3!1d4126.192681415317!2d-1.0161509224307368!3d49.13774397137139!2m3!1f0!2f0!3f0!3m2!1i1024!2i768!4f13.1!3m3!1m2!1s0x480bbdc81d6e74a1%3A0x9179dad6e8c6809a!2sRue%20des%20Aum%C3%B4nes%2C%2050680%20Saint-Andr%C3%A9-de-l&#039;%C3%89pine!5e1!3m2!1sfr!2sfr!4v1749891845250!5m2!1sfr!2sfr\" title=\"Ouvrie le lien\" target=\"_blank\" rel=\"noopener\">Cliquez ici pour visualiser le contenu<\/a><\/p>\n<p class=\" wall-content\">Si <b>aucune victime<\/b> n\u2019est heureusement \u00e0 d\u00e9plorer, la <b>famille de trois personnes<\/b> qui vivait dans l\u2019habitation devra \u00eatre <b>relog\u00e9e<\/b>.<\/p>\n<p class=\" wall-content\">Suivez toute l\u2019actualit\u00e9 de vos villes et m\u00e9dias favoris en vous inscrivant \u00e0 <a href=\"https:\/\/moncompte.actu.fr\" title=\"D\u00e9couvez Mon Actu\" rel=\"nofollow noopener\" data-trk=\"{&quot;cta&quot;:{&quot;action&quot;:&quot;https:\\\/\\\/moncompte.actu.fr&quot;,&quot;category&quot;:&quot;mon compte&quot;,&quot;from&quot;:&quot;article footer&quot;,&quot;name&quot;:&quot;Mon actu&quot;,&quot;type&quot;:&quot;cta&quot;}}\" target=\"_blank\">Mon Actu<\/a>.<\/p>\n","protected":false},"excerpt":{"rendered":"Par R\u00e9daction La Presse de la Manche Publi\u00e9 le 14 juin 2025 \u00e0 11h05 Ce vendredi 13\u00a0juin 2025&hellip;\n","protected":false},"author":2,"featured_media":175825,"comment_status":"","ping_status":"","sticky":false,"template":"","format":"standard","meta":{"footnotes":""},"categories":[2],"tags":[11,118,1011,27,1310,12,4594,1311,25],"class_list":{"0":"post-175824","1":"post","2":"type-post","3":"status-publish","4":"format-standard","5":"has-post-thumbnail","7":"category-actualites","8":"tag-actualites","9":"tag-faits-divers","10":"tag-fr","11":"tag-france","12":"tag-incendie","13":"tag-news","14":"tag-orages","15":"tag-pompiers","16":"tag-republique-francaise"},"share_on_mastodon":{"url":"https:\/\/pubeurope.com\/@fr\/114681572525916606","error":""},"_links":{"self":[{"href":"https:\/\/www.europesays.com\/fr\/wp-json\/wp\/v2\/posts\/175824","targetHints":{"allow":["GET"]}}],"collection":[{"href":"https:\/\/www.europesays.com\/fr\/wp-json\/wp\/v2\/posts"}],"about":[{"href":"https:\/\/www.europesays.com\/fr\/wp-json\/wp\/v2\/types\/post"}],"author":[{"embeddable":true,"href":"https:\/\/www.europesays.com\/fr\/wp-json\/wp\/v2\/users\/2"}],"replies":[{"embeddable":true,"href":"https:\/\/www.europesays.com\/fr\/wp-json\/wp\/v2\/comments?post=175824"}],"version-history":[{"count":0,"href":"https:\/\/www.europesays.com\/fr\/wp-json\/wp\/v2\/posts\/175824\/revisions"}],"wp:featuredmedia":[{"embeddable":true,"href":"https:\/\/www.europesays.com\/fr\/wp-json\/wp\/v2\/media\/175825"}],"wp:attachment":[{"href":"https:\/\/www.europesays.com\/fr\/wp-json\/wp\/v2\/media?parent=175824"}],"wp:term":[{"taxonomy":"category","embeddable":true,"href":"https:\/\/www.europesays.com\/fr\/wp-json\/wp\/v2\/categories?post=175824"},{"taxonomy":"post_tag","embeddable":true,"href":"https:\/\/www.europesays.com\/fr\/wp-json\/wp\/v2\/tags?post=175824"}],"curies":[{"name":"wp","href":"https:\/\/api.w.org\/{rel}","templated":true}]}}