{"id":175826,"date":"2025-06-14T11:51:11","date_gmt":"2025-06-14T11:51:11","guid":{"rendered":"https:\/\/www.europesays.com\/fr\/175826\/"},"modified":"2025-06-14T11:51:11","modified_gmt":"2025-06-14T11:51:11","slug":"gaza-des-manifestations-prevues-ce-samedi-en-france-pour-exiger-la-reconnaissance-de-letat-de-palestine","status":"publish","type":"post","link":"https:\/\/www.europesays.com\/fr\/175826\/","title":{"rendered":"Gaza. Des manifestations pr\u00e9vues ce samedi en France pour exiger la reconnaissance de l&rsquo;\u00c9tat de Palestine"},"content":{"rendered":"<p>Cinq syndicats, les partis de gauche et des collectifs en faveur des droits des Palestiniens appellent \u00e0 la mobilisation dans toute la France samedi avec notamment une manifestation \u00e0 Paris, pour r\u00e9clamer la paix \u00e0 Gaza et la reconnaissance de l&rsquo;Etat de Palestine. CFDT, CGT, Unsa, Solidaires et FSU ont appel\u00e9 en commun \u00e0 mobiliser \u00ab massivement \u00bb le 14 juin \u00e0 Paris et en France, dans le cadre d&rsquo;un week-end mondial de mobilisations.<\/p>\n<p>L&rsquo;appel a \u00e9t\u00e9 lanc\u00e9 avant <a href=\"https:\/\/www.ledauphine.com\/politique\/2025\/06\/13\/ce-que-l-on-sait-de-l-attaque-d-israel-sur-l-iran-cette-nuit-et-la-riposte\" target=\"_blank\" rel=\"nofollow noopener\">l&rsquo;escalade militaire entre Isra\u00ebl et l&rsquo;Iran<\/a>, distants de plus de 1 500 km, qui fait craindre un conflit prolong\u00e9 susceptible d&rsquo;engloutir la r\u00e9gion, selon des experts. \u00ab On manifeste pour demander un cessez-le-feu imm\u00e9diat, l&rsquo;arr\u00eat du g\u00e9nocide, l&rsquo;entr\u00e9e de l&rsquo;aide humanitaire, l&rsquo;application du droit international tout simplement \u00bb, explique Linda Sehili, secr\u00e9taire nationale de Solidaires.<\/p>\n<p>Ce contenu est bloqu\u00e9 car vous n&rsquo;avez pas accept\u00e9 les cookies et autres traceurs.<\/p>\n<p>En cliquant sur \u00ab J\u2019accepte \u00bb, les cookies et autres traceurs seront d\u00e9pos\u00e9s et vous pourrez visualiser les contenus  (<a href=\"\" class=\"consentModule_policy\" target=\"_blank\" title=\"Consulter la politique de protection des donn\u00e9es du fournisseur\">plus d&rsquo;informations<\/a>).<\/p>\n<p>En cliquant sur \u00ab J\u2019accepte tous les cookies \u00bb, vous autorisez des d\u00e9p\u00f4ts de cookies et autres traceurs pour le stockage de vos donn\u00e9es sur nos sites et applications \u00e0 des fins de personnalisation et de ciblage publicitaire.<\/p>\n<p class=\"consentModule_secondaryText\">Vous gardez la possibilit\u00e9 de retirer votre consentement \u00e0 tout moment en consultant notre <a href=\"https:\/\/www.ledauphine.com\/protection-des-donnees\" target=\"_blank\" title=\"Consulter notre politique de protection des donn\u00e9es\" rel=\"nofollow noopener\">politique de protection des donn\u00e9es<\/a>. <br \/>&#13;<br \/>\n            <a href=\"https:\/\/www.ledauphine.com\/defense-guerre-conflit\/2025\/06\/14\/javascript:Didomi.notice.show()\" class=\"consentModule_cmp\" rel=\"nofollow noopener\" target=\"_blank\">G\u00e9rer mes choix<\/a>&#13;\n        <\/p>\n<p>&#13;<br \/>\n                        J&rsquo;accepte&#13;<br \/>\n            J&rsquo;accepte tous les cookies&#13;\n        <\/p>\n<p>  Les syndicats rejoints par des partis et un collectif d&rsquo;artistes<\/p>\n<p>Les syndicats ont \u00e9t\u00e9 rejoints par les partis de gauche comme LFI, PS, PCF et EELV. Le collectif national pour une Paix Juste et Durable entre Palestiniens et Isra\u00e9liens (CNPJDPI), Attac ou encore Urgence Palestine s&rsquo;associent \u00e0 cet appel \u00e0 mobilisation.<\/p>\n<p>\u00c0 Paris, la manifestation partira \u00e0 14 heures de la place de la R\u00e9publique pour rejoindre la place de la Nation. Des rassemblements sont \u00e9galement pr\u00e9vus \u00e0 Marseille, Montpellier, Bordeaux, Rennes, Lyon ou encore Strasbourg. Dans la cit\u00e9 phoc\u00e9enne, environ 300 personnes se sont d\u00e9j\u00e0 r\u00e9unies.<\/p>\n<p>Pr\u00e8s de 150 personnalit\u00e9s des arts et du spectacle dont <a href=\"https:\/\/www.ledauphine.com\/culture-loisirs\/2022\/12\/04\/annie-ernaux-nobel-de-litterature-l-ecriture-est-un-acte-politique\" target=\"_blank\" rel=\"nofollow noopener\">la Prix Nobel de litt\u00e9rature Annie Ernaux<\/a>, ont appel\u00e9 \u00e0 rejoindre les rassemblements dans une tribune publi\u00e9e dans le journal L&rsquo;Humanit\u00e9<\/p>\n","protected":false},"excerpt":{"rendered":"Cinq syndicats, les partis de gauche et des collectifs en faveur des droits des Palestiniens appellent \u00e0 la&hellip;\n","protected":false},"author":2,"featured_media":175827,"comment_status":"","ping_status":"","sticky":false,"template":"","format":"standard","meta":{"footnotes":""},"categories":[4],"tags":[11,3206,107,1011,27,329,12,316,25,801],"class_list":{"0":"post-175826","1":"post","2":"type-post","3":"status-publish","4":"format-standard","5":"has-post-thumbnail","7":"category-france","8":"tag-actualites","9":"tag-defense-guerre-conflit","10":"tag-fil-info","11":"tag-fr","12":"tag-france","13":"tag-france-monde","14":"tag-news","15":"tag-politique","16":"tag-republique-francaise","17":"tag-social"},"share_on_mastodon":{"url":"https:\/\/pubeurope.com\/@fr\/114681576571674072","error":""},"_links":{"self":[{"href":"https:\/\/www.europesays.com\/fr\/wp-json\/wp\/v2\/posts\/175826","targetHints":{"allow":["GET"]}}],"collection":[{"href":"https:\/\/www.europesays.com\/fr\/wp-json\/wp\/v2\/posts"}],"about":[{"href":"https:\/\/www.europesays.com\/fr\/wp-json\/wp\/v2\/types\/post"}],"author":[{"embeddable":true,"href":"https:\/\/www.europesays.com\/fr\/wp-json\/wp\/v2\/users\/2"}],"replies":[{"embeddable":true,"href":"https:\/\/www.europesays.com\/fr\/wp-json\/wp\/v2\/comments?post=175826"}],"version-history":[{"count":0,"href":"https:\/\/www.europesays.com\/fr\/wp-json\/wp\/v2\/posts\/175826\/revisions"}],"wp:featuredmedia":[{"embeddable":true,"href":"https:\/\/www.europesays.com\/fr\/wp-json\/wp\/v2\/media\/175827"}],"wp:attachment":[{"href":"https:\/\/www.europesays.com\/fr\/wp-json\/wp\/v2\/media?parent=175826"}],"wp:term":[{"taxonomy":"category","embeddable":true,"href":"https:\/\/www.europesays.com\/fr\/wp-json\/wp\/v2\/categories?post=175826"},{"taxonomy":"post_tag","embeddable":true,"href":"https:\/\/www.europesays.com\/fr\/wp-json\/wp\/v2\/tags?post=175826"}],"curies":[{"name":"wp","href":"https:\/\/api.w.org\/{rel}","templated":true}]}}