{"id":175834,"date":"2025-06-14T11:57:10","date_gmt":"2025-06-14T11:57:10","guid":{"rendered":"https:\/\/www.europesays.com\/fr\/175834\/"},"modified":"2025-06-14T11:57:10","modified_gmt":"2025-06-14T11:57:10","slug":"honda-va-remplacer-marini-par-nakagami-au-gp-ditalie","status":"publish","type":"post","link":"https:\/\/www.europesays.com\/fr\/175834\/","title":{"rendered":"Honda va remplacer Marini par Nakagami au GP d&rsquo;Italie"},"content":{"rendered":"<p>Pour le Grand Prix d&rsquo;Italie, prochaine \u00e9preuve du championnat du monde moto, qui se d\u00e9roulera du 20 au 22 juin sur le circuit du Mugello, <strong>Motorsport.com<\/strong> est en mesure de r\u00e9v\u00e9ler que Honda va remplacer <a href=\"https:\/\/fr.motorsport.com\/driver\/luca-marini\/201098\/\" target=\"_blank\" rel=\"noopener\">Luca Marini<\/a>, toujours forfait en raison d&rsquo;importantes blessures, par <a href=\"https:\/\/fr.motorsport.com\/driver\/takaaki-nakagami\/109418\/\" target=\"_blank\" rel=\"noopener\">Takaaki Nakagami<\/a>.<\/p>\n<p><a href=\"https:\/\/fr.motorsport.com\/motogp\/news\/luca-marini-serieusement-blesse-honda\/10727496\/\" target=\"_self\" rel=\"noopener\">Marini a chut\u00e9 lourdement fin mai lors d&rsquo;un test en vue des 8 Heures de Suzuka<\/a>, un accident lors duquel il a subi de nombreuses blessures. Honda avait ainsi r\u00e9v\u00e9l\u00e9 que son pilote avait souffert d&rsquo;une luxation de la hanche gauche, de l\u00e9sions ligamentaires au genou gauche, de fractures au sternum et \u00e0 la clavicule gauche, ainsi que d&rsquo;un pneumothorax du c\u00f4t\u00e9 droit, promettant donc une longue convalescence au natif d&rsquo;Urbino.<\/p>\n<p>Lors du Grand Prix d&rsquo;Arag\u00f3n, l&rsquo;\u00e9preuve directement apr\u00e8s cette chute, Honda avait fait le choix, comme le lui permet la r\u00e9glementation, <a href=\"https:\/\/fr.motorsport.com\/motogp\/news\/honda-remplacement-marini-gp-aragon\/10729138\/\" target=\"_self\" rel=\"noopener\">de ne pas remplacer l&rsquo;Italien au guidon de la RC213V<\/a> et de n&rsquo;aligner que <a href=\"https:\/\/fr.motorsport.com\/driver\/joan-mir\/289392\/\" target=\"_blank\" rel=\"noopener\">Joan Mir<\/a>. Toutefois, pour le Mugello, il lui faut engager un rempla\u00e7ant, et cette t\u00e2che reviendra donc \u00e0 son pilote essayeur Takaaki Nakagami, m\u00eame si ce dernier n&rsquo;est pas encore officiellement inscrit sur la liste des engag\u00e9s.<\/p>\n<p>Le Japonais, qui s&rsquo;est retir\u00e9 de la cat\u00e9gorie en tant que pilote \u00e0 plein temps en fin de saison 2024 apr\u00e8s plusieurs saisons chez le team satellite LCR, a d\u00e9but\u00e9 ce nouveau chapitre de sa carri\u00e8re cette ann\u00e9e au sein du HRC. En d\u00e9pit de son r\u00f4le, il a d\u00e9j\u00e0 disput\u00e9 une course en tant que wild-card lors du GP de France, signant au passage une tr\u00e8s belle sixi\u00e8me position dans des conditions difficiles.<\/p>\n<p>Honda dispose cette ann\u00e9e de trois pilotes d&rsquo;essais\u00a0: Nakagami,\u00a0<a href=\"https:\/\/fr.motorsport.com\/driver\/aleix-espargaro\/90382\/\" target=\"_blank\" rel=\"noopener\">Aleix Espargar\u00f3<\/a> (engag\u00e9 en wild-card \u00e0 Jerez et Silverstone) et <a href=\"https:\/\/fr.motorsport.com\/driver\/stefan-bradl\/88379\/\" target=\"_blank\" rel=\"noopener\">Stefan Bradl<\/a>, ce dernier se concentrant uniquement sur les tests de fiabilit\u00e9. Si l&rsquo;indisponibilit\u00e9 de Marini venait \u00e0 durer, comme cela est attendu,\u00a0Espargar\u00f3 pourrait lui aussi \u00eatre sollicit\u00e9.<\/p>\n<p style=\"text-align: right;\">Avec\u00a0German Garcia Casanova<\/p>\n<p>Lire aussi :<\/p>\n<p>Dans cet article<\/p>\n<p>    Fabien Gaillard\n<\/p>\n<p>    MotoGP\n<\/p>\n<p>    Takaaki Nakagami\n<\/p>\n<p>    Luca Marini\n<\/p>\n<p>    Honda HRC\n<\/p>\n<p>Soyez le premier inform\u00e9 et souscrivez aux alertes mails pour recevoir les infos en temps r\u00e9el<\/p>\n<p>    S&rsquo;abonner aux alertes de news<\/p>\n","protected":false},"excerpt":{"rendered":"Pour le Grand Prix d&rsquo;Italie, prochaine \u00e9preuve du championnat du monde moto, qui se d\u00e9roulera du 20 au&hellip;\n","protected":false},"author":2,"featured_media":175835,"comment_status":"","ping_status":"","sticky":false,"template":"","format":"standard","meta":{"footnotes":""},"categories":[1413],"tags":[1011,27,31123,3345,15966,1457,1456,1458,31124,60,15544],"class_list":{"0":"post-175834","1":"post","2":"type-post","3":"status-publish","4":"format-standard","5":"has-post-thumbnail","7":"category-moto","8":"tag-fr","9":"tag-france","10":"tag-gp-ditalie","11":"tag-honda-hrc","12":"tag-luca-marini","13":"tag-moto","14":"tag-motocycle","15":"tag-motogp","16":"tag-mugello","17":"tag-sports","18":"tag-takaaki-nakagami"},"share_on_mastodon":{"url":"https:\/\/pubeurope.com\/@fr\/114681600032591557","error":""},"_links":{"self":[{"href":"https:\/\/www.europesays.com\/fr\/wp-json\/wp\/v2\/posts\/175834","targetHints":{"allow":["GET"]}}],"collection":[{"href":"https:\/\/www.europesays.com\/fr\/wp-json\/wp\/v2\/posts"}],"about":[{"href":"https:\/\/www.europesays.com\/fr\/wp-json\/wp\/v2\/types\/post"}],"author":[{"embeddable":true,"href":"https:\/\/www.europesays.com\/fr\/wp-json\/wp\/v2\/users\/2"}],"replies":[{"embeddable":true,"href":"https:\/\/www.europesays.com\/fr\/wp-json\/wp\/v2\/comments?post=175834"}],"version-history":[{"count":0,"href":"https:\/\/www.europesays.com\/fr\/wp-json\/wp\/v2\/posts\/175834\/revisions"}],"wp:featuredmedia":[{"embeddable":true,"href":"https:\/\/www.europesays.com\/fr\/wp-json\/wp\/v2\/media\/175835"}],"wp:attachment":[{"href":"https:\/\/www.europesays.com\/fr\/wp-json\/wp\/v2\/media?parent=175834"}],"wp:term":[{"taxonomy":"category","embeddable":true,"href":"https:\/\/www.europesays.com\/fr\/wp-json\/wp\/v2\/categories?post=175834"},{"taxonomy":"post_tag","embeddable":true,"href":"https:\/\/www.europesays.com\/fr\/wp-json\/wp\/v2\/tags?post=175834"}],"curies":[{"name":"wp","href":"https:\/\/api.w.org\/{rel}","templated":true}]}}