{"id":175837,"date":"2025-06-14T11:59:14","date_gmt":"2025-06-14T11:59:14","guid":{"rendered":"https:\/\/www.europesays.com\/fr\/175837\/"},"modified":"2025-06-14T11:59:14","modified_gmt":"2025-06-14T11:59:14","slug":"en-direct-criterium-du-dauphine-lequipe-de-vingegaard-attaque-a-tout-va-dans-le-col-de-la-madeleine-asterix-et-obelix-dans-le-glandon-suivez-letape-reine","status":"publish","type":"post","link":"https:\/\/www.europesays.com\/fr\/175837\/","title":{"rendered":"En direct Crit\u00e9rium du Dauphin\u00e9. L&rsquo;\u00e9quipe de Vingegaard attaque \u00e0 tout-va dans le col de la Madeleine, Ast\u00e9rix et Ob\u00e9lix dans le Glandon : suivez l&rsquo;\u00e9tape reine"},"content":{"rendered":"<p>24 heures apr\u00e8s la d\u00e9monstration de <strong>Tadej Pogacar<\/strong> (UAE Emirates) \u00e0 Combloux, c&rsquo;est l&rsquo;\u00e9tape reine de ce Crit\u00e9rium du Dauphin\u00e9 qui est au programme aujourd&rsquo;hui en Savoie.<\/p>\n<p>131,6 km entre Grand-Aigueblanche et Valmeinier 1 800 avec quasiment pas un m\u00e8tre de plat et les ascensions du col de la Madeleine d\u00e8s les premiers kilom\u00e8tres (24,6 km \u00e0 6,2%), puis du col de la Croix de Fer (22,4 km \u00e0 6,9%) avant la mont\u00e9e finale vers la station savoyarde (16,5 km \u00e0 6,7%) qui emprunte une bonne partie du col du T\u00e9l\u00e9graphe.<\/p>\n<p>Avec un total de 4800 m de d\u00e9nivel\u00e9 positif, c&rsquo;est l\u2019\u00e9tape la plus dure de cette \u00e9dition 2025.<\/p>\n","protected":false},"excerpt":{"rendered":"24 heures apr\u00e8s la d\u00e9monstration de Tadej Pogacar (UAE Emirates) \u00e0 Combloux, c&rsquo;est l&rsquo;\u00e9tape reine de ce Crit\u00e9rium&hellip;\n","protected":false},"author":2,"featured_media":175838,"comment_status":"","ping_status":"","sticky":false,"template":"","format":"standard","meta":{"footnotes":""},"categories":[1411],"tags":[24803,1154,207,3545,7003,107,1701,1011,27,25957,9688,31125,31133,31128,28366,31126,31131,17015,31134,31136,31127,31135,31130,31129,5508,517,1947,60,25956,31132],"class_list":{"0":"post-175837","1":"post","2":"type-post","3":"status-publish","4":"format-standard","5":"has-post-thumbnail","7":"category-cyclisme","8":"tag-criterium-du-dauphine","9":"tag-cycling","10":"tag-cyclisme","11":"tag-direct-sport","12":"tag-edition-tarentaise-maurienne","13":"tag-fil-info","14":"tag-fil-info-sport","15":"tag-fr","16":"tag-france","17":"tag-grand-aigueblanche","18":"tag-la-chambre","19":"tag-la-lechere","20":"tag-montricher-albanne","21":"tag-saint-avre","22":"tag-saint-etienne-de-cuines","23":"tag-saint-francois-longchamp","24":"tag-saint-jean-darves","25":"tag-saint-jean-de-maurienne","26":"tag-saint-julien-mont-denis","27":"tag-saint-martin-darc","28":"tag-saint-martin-sur-la-chambre","29":"tag-saint-michel-de-maurienne","30":"tag-saint-sorlin-darves","31":"tag-sainte-marie-de-cuines","32":"tag-savoie","33":"tag-sport","34":"tag-sport-national","35":"tag-sports","36":"tag-valmeinier","37":"tag-villargondran"},"share_on_mastodon":{"url":"","error":"Validation failed: Text character limit of 500 exceeded"},"_links":{"self":[{"href":"https:\/\/www.europesays.com\/fr\/wp-json\/wp\/v2\/posts\/175837","targetHints":{"allow":["GET"]}}],"collection":[{"href":"https:\/\/www.europesays.com\/fr\/wp-json\/wp\/v2\/posts"}],"about":[{"href":"https:\/\/www.europesays.com\/fr\/wp-json\/wp\/v2\/types\/post"}],"author":[{"embeddable":true,"href":"https:\/\/www.europesays.com\/fr\/wp-json\/wp\/v2\/users\/2"}],"replies":[{"embeddable":true,"href":"https:\/\/www.europesays.com\/fr\/wp-json\/wp\/v2\/comments?post=175837"}],"version-history":[{"count":0,"href":"https:\/\/www.europesays.com\/fr\/wp-json\/wp\/v2\/posts\/175837\/revisions"}],"wp:featuredmedia":[{"embeddable":true,"href":"https:\/\/www.europesays.com\/fr\/wp-json\/wp\/v2\/media\/175838"}],"wp:attachment":[{"href":"https:\/\/www.europesays.com\/fr\/wp-json\/wp\/v2\/media?parent=175837"}],"wp:term":[{"taxonomy":"category","embeddable":true,"href":"https:\/\/www.europesays.com\/fr\/wp-json\/wp\/v2\/categories?post=175837"},{"taxonomy":"post_tag","embeddable":true,"href":"https:\/\/www.europesays.com\/fr\/wp-json\/wp\/v2\/tags?post=175837"}],"curies":[{"name":"wp","href":"https:\/\/api.w.org\/{rel}","templated":true}]}}