{"id":175841,"date":"2025-06-14T12:01:10","date_gmt":"2025-06-14T12:01:10","guid":{"rendered":"https:\/\/www.europesays.com\/fr\/175841\/"},"modified":"2025-06-14T12:01:10","modified_gmt":"2025-06-14T12:01:10","slug":"si-tu-nas-pas-fait-avignon-tu-nes-pas-une-vraie","status":"publish","type":"post","link":"https:\/\/www.europesays.com\/fr\/175841\/","title":{"rendered":"\u201cSi tu n\u2019as pas fait Avignon, tu n\u2019es pas une vraie\u201d\u00bb"},"content":{"rendered":"<p><strong>INTERVIEW &#8211;<\/strong> L\u2019humoriste joue dans la com\u00e9die Avignon au cin\u00e9ma et poursuit la tourn\u00e9e de son spectacle, \u00abLa Promesse d\u2019un soir\u00bb.<\/p>\n<p class=\"fig-paragraph\">Humoriste, actrice, ex-chroniqueuse \u00e0 la radio et \u00e0 la t\u00e9l\u00e9vision,\u00a0<a href=\"http:\/\/madame.lefigaro.fr\/celebrites\/alison-wheeler-ma-chatte-billy-jane-a-la-personnalite-de-charlotte-gainsbourg-adolescente-20240922\" data-fig-type=\"Article\" data-gtm-custom-categorie=\"navigation\" data-gtm-custom-action=\"crossclick\" data-gtm-custom-label=\"Contextuel\" data-gtm-event=\"customEventSPE\" data-fig-domain=\"MADAME\" target=\"_blank\" rel=\"noopener\">Alison Wheeler<\/a>\u00a0se m\u00e9tamorphose en com\u00e9dienne de th\u00e9\u00e2tre dans Avignon, le premier long-m\u00e9trage de Johann Dionnet. Elle y incarne Coralie, star de la pi\u00e8ce de boulevard Ma s\u0153ur s\u2019incruste, au c\u00f4t\u00e9 de son ami St\u00e9phane (Baptiste Lecaplain), qui pr\u00e9tend, lui, jouer dans Le Cid pour s\u00e9duire Fanny (Elisa Erka), une artiste de renom. Aur\u00e9ol\u00e9 du grand prix au Festival de l\u2019Alpe-d\u2019Huez, ce film offre \u00e0 l\u2019actrice une nouvelle partition et la ram\u00e8ne \u00e0 ses d\u00e9buts, lorsqu\u2019elle se produisait sur sc\u00e8ne dans des com\u00e9dies. En parall\u00e8le, elle poursuit la tourn\u00e9e de son one-woman- show La Promesse d\u2019un soir, qu\u2019elle ach\u00e8vera \u00e0 Paris, au Grand Rex, en janvier prochain.<\/p>\n<p class=\"fig-paragraph\"><strong>Madame Figaro<\/strong> <strong>. \u2013 Qu\u2019est-ce qui vous a s\u00e9duite dans le film <\/strong><strong>Avignon<\/strong> <strong>\u00a0?<\/strong><br \/><strong>Alison Wheeler. <\/strong>\u2013 Tout. J\u2019y incarne une femme en\u00a0<a href=\"https:\/\/madame.lefigaro.fr\/tag\/couple\" target=\"_blank\" rel=\"noopener\" data-gtm-custom-categorie=\"navigation\" data-gtm-custom-action=\"crossclick\" data-gtm-custom-label=\"Contextuel\" data-gtm-event=\"customEventSPE\">couple<\/a>, qui tient t\u00eate \u00e0 son homme plus \u00e2g\u00e9, qui est dot\u00e9e d\u2019un fort temp\u00e9rament mais qui est aussi une vraie amie pour le h\u00e9ros. J\u2019ai aim\u00e9 que ce film convoque quelque chose du Splendid et qu\u2019il soit une d\u00e9claration d\u2019amour aux com\u00e9diens du th\u00e9\u00e2tre de boulevard, et de th\u00e9\u00e2tre en g\u00e9n\u00e9ral. Il s\u2019adresse \u00e0 tous ceux qui ne se sentent pas \u00e0 la hauteur pour int\u00e9grer un milieu dit \u00e9litiste. Ce complexe a r\u00e9sonn\u00e9 en moi\u00a0: je peux avoir le sentiment de ne jamais \u00eatre invit\u00e9e \u00e0 la bonne boum.<\/p>\n<p class=\"fig-paragraph\"><strong>Pourtant, avec vos chroniques sur Canal+, France Inter, <\/strong><strong>Quotidien<\/strong> <strong>, vous avez rejoint une certaine \u00e9lite\u2026<\/strong><br \/>Je ne m\u2019en rendais pas compte parce que \u00e7a m\u2019impressionnait moi-m\u00eame d\u2019y travailler. En r\u00e9alit\u00e9, on fantasme les gens snobs\u00a0: on les per\u00e7oit comme une masse informe alors que tout le monde, eux y compris, conna\u00eet des hauts, o\u00f9 la\u00a0<a href=\"https:\/\/madame.lefigaro.fr\/tag\/confiance\" target=\"_blank\" rel=\"noopener\" data-gtm-custom-categorie=\"navigation\" data-gtm-custom-action=\"crossclick\" data-gtm-custom-label=\"Contextuel\" data-gtm-event=\"customEventSPE\">confiance<\/a>\u00a0est au sommet, et des bas, o\u00f9 l\u2019estime de soi est nulle. L\u2019humeur est fluctuante, chacun tente de vivre avec \u00e7a. Ce qui m\u2019importe, c\u2019est d\u2019essayer de trouver de l\u2019int\u00e9r\u00eat dans tout\u00a0: j\u2019aime bien m\u2019encanailler en regardant la trash TV, et m\u2019\u00e9lever en \u00e9coutant des podcasts de personnalit\u00e9s intelligentes.<\/p>\n<p class=\"fig-paragraph\"><strong>\u00cates-vous d\u00e9j\u00e0 all\u00e9e au Festival Off d\u2019Avignon en tant que com\u00e9dienne\u00a0?<\/strong><br \/>Non, jamais. Quand je jouais dans des pi\u00e8ces de boulevard \u00e0 mes d\u00e9buts, on me disait\u00a0: \u00abSi tu n\u2019as pas fait Avignon, tu n\u2019es pas une vraie.\u00bb J\u2019avais l\u2019impression que c\u2019\u00e9tait le Vietnam des acteurs, un endroit o\u00f9 l\u2019on se bat et dont on ne revient pas indemne.<\/p>\n<p class=\"fig-paragraph\"><strong>Que reste-t-il de vos d\u00e9buts au th\u00e9\u00e2tre\u00a0?<\/strong><br \/>L\u2019\u00e9cole me plaisait, mais je voulais travailler, faire rire vite, et la sc\u00e8ne restait le chemin le plus court pour y parvenir. Le boulevard m\u2019a apport\u00e9 du bon, mais les r\u00f4les que j\u2019interpr\u00e9tais, souvent caricaturaux, ne me renvoyaient pas une image tr\u00e8s favorable de moi. J\u2019adorais en revanche le collectif, je me sentais prot\u00e9g\u00e9e, surtout quand on jouait face \u00e0 sept personnes les soirs de gr\u00e8ve\u2026 La troupe apporte une rythmique que j\u2019adore\u00a0: c\u2019est une chor\u00e9graphie \u00e0 plusieurs.<\/p>\n<blockquote class=\"fig-quote&#10;    \">\n<p class=\"fig-quote__text\">Ce qui m\u2019importe, c\u2019est d\u2019essayer de trouver de l\u2019int\u00e9r\u00eat dans tout<\/p>\n<p>            Alison Wheeler\n    <\/p><\/blockquote>\n<p class=\"fig-paragraph\"><strong>Le cin\u00e9ma \u00e9tait-il l\u2019objectif de d\u00e9part\u00a0?<\/strong><br \/>Oui, et lorsque l\u2019on y go\u00fbte, on ne peut plus s\u2019en passer. C\u2019est merveilleux, le cin\u00e9ma\u00a0: on apprend un texte, puis on nous envoie une voiture, on nous habille, on nous cr\u00e8me le visage, on nous applique de l\u2019eye-liner parfaitement, on savoure des repas d\u00e9licieux tous les jours\u2026 On est tellement assist\u00e9 que le retour \u00e0 la r\u00e9alit\u00e9 a quelque chose d\u2019un peu brutal, mais j\u2019aime cette variation de rythmes.<\/p>\n<p class=\"fig-paragraph\"><strong>Quelles sont vos envies de com\u00e9dienne\u00a0?<\/strong><br \/>J\u2019ai d\u00e9croch\u00e9 un petit r\u00f4le dans Miss Mermaid, de Pauline Brunner et Marion Verl\u00e9, qui suit le portrait d\u2019une femme de m\u00e9nage, interpr\u00e9t\u00e9e par Alo\u00efse Sauvage, qui se lance dans le mermaiding (une pratique consistant \u00e0 nager comme une sir\u00e8ne). Plus globalement, j\u2019aimerais continuer \u00e0 m\u2019amuser, \u00e0 jouer avec des actrices que j\u2019admire, comme Jos\u00e9phine de Meaux ou<a href=\"http:\/\/madame.lefigaro.fr\/celebrites\/cinema\/laure-calamy-quand-une-femme-se-realise-on-peut-aussi-penser-que-son-enfant-s-epanouira-plus-20241214\" data-fig-type=\"Article\" data-gtm-custom-categorie=\"navigation\" data-gtm-custom-action=\"crossclick\" data-gtm-custom-label=\"Contextuel\" data-gtm-event=\"customEventSPE\" data-fig-domain=\"MADAME\" target=\"_blank\" rel=\"noopener\">\u00a0Laure Calamy<\/a>, que je trouve irr\u00e9sistibles, dr\u00f4les, et qui ressemblent aux femmes de mon entourage.<\/p>\n<p class=\"fig-paragraph\"><strong>Avignon<\/strong> <strong>r\u00e9v\u00e8le un snobisme vis-\u00e0-vis du boulevard. La com\u00e9die est-elle un genre m\u00e9pris\u00e9 au cin\u00e9ma\u00a0?<\/strong><br \/>Je ne crois pas que le cin\u00e9ma appartienne aux films d\u2019auteur ou aux com\u00e9dies. Tous les genres cohabitent. Mais on cherche souvent une validation, on veut plaire \u00e0 l\u2019autre. Je suis persuad\u00e9e qu\u2019il y a des acteurs de drames qui r\u00eavent de com\u00e9dies, et inversement.<\/p>\n<blockquote class=\"fig-quote&#10;    \">\n<p class=\"fig-quote__text\">J\u2019aime bien m\u2019encanailler en regardant la trash TV, et m\u2019\u00e9lever en \u00e9coutant des podcasts de personnalit\u00e9s intelligentes<\/p>\n<p>            Alison Wheeler\n    <\/p><\/blockquote>\n<p class=\"fig-paragraph\"><strong>Quels petits boulots avez-vous exerc\u00e9s \u00e0 vos d\u00e9buts\u00a0?<\/strong><br \/>Beaucoup de missions d\u2019h\u00f4tesse\u00a0: indiquer les toilettes, tendre des micros habill\u00e9e comme une biblioth\u00e9caire de film X dans les ann\u00e9es 1980. Quand j\u2019y repense, c\u2019\u00e9tait vraiment le d\u00e9but de la fin d\u2019un r\u00e8gne\u2026 Et, ayant mon Bafa, j\u2019ai assur\u00e9 l\u2019animation dans des centres de vacances pendant plusieurs \u00e9t\u00e9s. Je m\u2019occupais du club enfant jusqu\u2019\u00e0 16 heures, j\u2019encha\u00eenais avec les jeux ap\u00e9ro en famille et le spectacle du soir. On \u00e9tait en repr\u00e9sentation toute la journ\u00e9e, les vacanciers pensaient qu\u2019on leur appartenait. \u00c0 la fin de la saison, je rentrais sur les rotules et en larmes, parce que je m\u2019\u00e9tais attach\u00e9e \u00e0 des enfants que je ne reverrais jamais.<\/p>\n<p class=\"fig-paragraph\"><strong>Vous \u00eates en tourn\u00e9e avec votre spectacle <\/strong><strong>La promesse d\u2019un soir<\/strong> <strong>. Que vous apporte la sc\u00e8ne\u00a0?<\/strong><br \/>De l\u2019espace. Je ne savais pas que la sc\u00e8ne \u00e9tait aussi bienveillante. L\u2019exercice est, certes, difficile, mais finalement moins que la t\u00e9l\u00e9vision ou la radio, qui ne laissent pas tellement le droit \u00e0 l\u2019erreur. Sur sc\u00e8ne, on peut prendre le temps d\u2019aller chercher ce qu\u2019on veut raconter\u00a0: le public aime bien m\u2019observer travailler, r\u00e9fl\u00e9chir, essayer de nouvelles choses. Il adore \u00eatre dans la confidence de la fabrication d\u2019un spectacle.<\/p>\n<p class=\"fig-paragraph\"><strong>Que repr\u00e9sente le Grand Rex, o\u00f9 vous ach\u00e8verez votre tourn\u00e9e\u00a0en janvier prochain\u00a0?<\/strong><br \/>La f\u00e9erie des eaux\u00a0! \u00c7a me pla\u00eet de jouer dans cette salle, parce que j\u2019ai l\u2019impression qu\u2019elle me correspond. C\u2019est assez g\u00e9nial de finir en beaut\u00e9 l\u00e0-bas. Et puis, je pense d\u00e9j\u00e0 \u00e0 un deuxi\u00e8me spectacle. Maintenant que je sais ce que c\u2019est, j\u2019ai envie de recommencer.<\/p>\n<p class=\"fig-paragraph\">Avignon, de et avec Johann Dionnet, Baptiste Lecaplain, Elisa Erka\u2026 \u00abLa Promesse d\u2019un soir\u00bb, du 6 au 9 janvier 2026, au Grand Rex, \u00e0 Paris.<\/p>\n","protected":false},"excerpt":{"rendered":"INTERVIEW &#8211; L\u2019humoriste joue dans la com\u00e9die Avignon au cin\u00e9ma et poursuit la tourn\u00e9e de son spectacle, \u00abLa&hellip;\n","protected":false},"author":2,"featured_media":175842,"comment_status":"","ping_status":"","sticky":false,"template":"","format":"standard","meta":{"footnotes":""},"categories":[1359],"tags":[3824,3734,1000,650,14057,251,58,59,1295,1294,638,1011,27,2701,2173,1351,2003,977,3048,873,973,521,104,8441,252],"class_list":{"0":"post-175841","1":"post","2":"type-post","3":"status-publish","4":"format-standard","5":"has-post-thumbnail","7":"category-people","8":"tag-actualite-culture","9":"tag-art","10":"tag-celebrites","11":"tag-cinema","12":"tag-comedienne","13":"tag-culture","14":"tag-divertissement","15":"tag-entertainment","16":"tag-feminin","17":"tag-femme","18":"tag-figaro","19":"tag-fr","20":"tag-france","21":"tag-humoriste","22":"tag-interview","23":"tag-litterature","24":"tag-livre","25":"tag-madame","26":"tag-musee","27":"tag-musique","28":"tag-people","29":"tag-serie","30":"tag-societe","31":"tag-spectacle-vivant","32":"tag-television"},"share_on_mastodon":{"url":"https:\/\/pubeurope.com\/@fr\/114681615660628374","error":""},"_links":{"self":[{"href":"https:\/\/www.europesays.com\/fr\/wp-json\/wp\/v2\/posts\/175841","targetHints":{"allow":["GET"]}}],"collection":[{"href":"https:\/\/www.europesays.com\/fr\/wp-json\/wp\/v2\/posts"}],"about":[{"href":"https:\/\/www.europesays.com\/fr\/wp-json\/wp\/v2\/types\/post"}],"author":[{"embeddable":true,"href":"https:\/\/www.europesays.com\/fr\/wp-json\/wp\/v2\/users\/2"}],"replies":[{"embeddable":true,"href":"https:\/\/www.europesays.com\/fr\/wp-json\/wp\/v2\/comments?post=175841"}],"version-history":[{"count":0,"href":"https:\/\/www.europesays.com\/fr\/wp-json\/wp\/v2\/posts\/175841\/revisions"}],"wp:featuredmedia":[{"embeddable":true,"href":"https:\/\/www.europesays.com\/fr\/wp-json\/wp\/v2\/media\/175842"}],"wp:attachment":[{"href":"https:\/\/www.europesays.com\/fr\/wp-json\/wp\/v2\/media?parent=175841"}],"wp:term":[{"taxonomy":"category","embeddable":true,"href":"https:\/\/www.europesays.com\/fr\/wp-json\/wp\/v2\/categories?post=175841"},{"taxonomy":"post_tag","embeddable":true,"href":"https:\/\/www.europesays.com\/fr\/wp-json\/wp\/v2\/tags?post=175841"}],"curies":[{"name":"wp","href":"https:\/\/api.w.org\/{rel}","templated":true}]}}