{"id":175843,"date":"2025-06-14T12:03:09","date_gmt":"2025-06-14T12:03:09","guid":{"rendered":"https:\/\/www.europesays.com\/fr\/175843\/"},"modified":"2025-06-14T12:03:09","modified_gmt":"2025-06-14T12:03:09","slug":"trois-bons-livres-a-decouvrir-cette-semaine","status":"publish","type":"post","link":"https:\/\/www.europesays.com\/fr\/175843\/","title":{"rendered":"Trois bons livres \u00e0 d\u00e9couvrir cette semaine"},"content":{"rendered":"<p class=\"ap-StoryElement ap-StoryElement--mb ap-StoryText\">Chaque mercredi, nos critiques litt\u00e9raires sont publi\u00e9es dans le suppl\u00e9ment \u00ab\u00a0Arts Libre\u00a0\u00bb. Chaque samedi sur le web, nous vous s\u00e9lectionnons trois \u00ab\u00a0coups de c\u0153ur\u00a0\u00bb parmi nos recensions.<\/p>\n<p class=\"ap-StoryElement ap-StoryElement--mb ap-StoryText\">Cette semaine, nous vous proposons un livre d&rsquo;entretien entre Laure Adler et Anne Teresa De Keersmaeker, un t\u00e9moignage aussi pr\u00e9cieux qu&rsquo;in\u00e9dit sur la la communaut\u00e9 m\u00e9tisse d&rsquo;Afrique du Sud et un essai sur le tennis.<\/p>\n<p>\u00ab\u00a0Quand elle danse\u00a0\u00bb (Laure Adler)<\/p>\n<p class=\"ap-StoryElement ap-StoryElement--mb ap-StoryText\">Anne Teresa De Keersmaeker a f\u00eat\u00e9 ses 65 ans. L&rsquo;\u00e2ge semble ne pas avoir de prise sur son travail, sans cesse renouvel\u00e9, sur les risques qu&rsquo;elle prend, sur l&rsquo;\u00e9motion et la beaut\u00e9 des spectacles qu&rsquo;elle nous offre encore et encore. La journaliste et \u00e9crivaine Laure Adler a multipli\u00e9 les rencontres avec elle depuis deux ans, suivi des r\u00e9p\u00e9titions et des premi\u00e8res. Le r\u00e9sultat est Quand elle danse, un livre d&rsquo;entretiens dans lequel celle qui se consid\u00e8re danseuse avant d&rsquo;\u00eatre chor\u00e9graphe, se livre comme rarement et multiplie aussi les r\u00e9flexions sur son art, son travail, ses doutes, son exigence, mais aussi ses craintes devant la soci\u00e9t\u00e9 actuelle. (<b>G.Dt)<\/b><\/p>\n","protected":false},"excerpt":{"rendered":"Chaque mercredi, nos critiques litt\u00e9raires sont publi\u00e9es dans le suppl\u00e9ment \u00ab\u00a0Arts Libre\u00a0\u00bb. Chaque samedi sur le web, nous&hellip;\n","protected":false},"author":2,"featured_media":175844,"comment_status":"","ping_status":"","sticky":false,"template":"","format":"standard","meta":{"footnotes":""},"categories":[1357],"tags":[1379,58,59,1011,27,3751,1227,3752,1380,3754,3755],"class_list":{"0":"post-175843","1":"post","2":"type-post","3":"status-publish","4":"format-standard","5":"has-post-thumbnail","7":"category-livres","8":"tag-books","9":"tag-divertissement","10":"tag-entertainment","11":"tag-fr","12":"tag-france","13":"tag-headshot","14":"tag-horizontal","15":"tag-journalist","16":"tag-livres","17":"tag-media","18":"tag-studio-photography"},"share_on_mastodon":{"url":"https:\/\/pubeurope.com\/@fr\/114681623687000305","error":""},"_links":{"self":[{"href":"https:\/\/www.europesays.com\/fr\/wp-json\/wp\/v2\/posts\/175843","targetHints":{"allow":["GET"]}}],"collection":[{"href":"https:\/\/www.europesays.com\/fr\/wp-json\/wp\/v2\/posts"}],"about":[{"href":"https:\/\/www.europesays.com\/fr\/wp-json\/wp\/v2\/types\/post"}],"author":[{"embeddable":true,"href":"https:\/\/www.europesays.com\/fr\/wp-json\/wp\/v2\/users\/2"}],"replies":[{"embeddable":true,"href":"https:\/\/www.europesays.com\/fr\/wp-json\/wp\/v2\/comments?post=175843"}],"version-history":[{"count":0,"href":"https:\/\/www.europesays.com\/fr\/wp-json\/wp\/v2\/posts\/175843\/revisions"}],"wp:featuredmedia":[{"embeddable":true,"href":"https:\/\/www.europesays.com\/fr\/wp-json\/wp\/v2\/media\/175844"}],"wp:attachment":[{"href":"https:\/\/www.europesays.com\/fr\/wp-json\/wp\/v2\/media?parent=175843"}],"wp:term":[{"taxonomy":"category","embeddable":true,"href":"https:\/\/www.europesays.com\/fr\/wp-json\/wp\/v2\/categories?post=175843"},{"taxonomy":"post_tag","embeddable":true,"href":"https:\/\/www.europesays.com\/fr\/wp-json\/wp\/v2\/tags?post=175843"}],"curies":[{"name":"wp","href":"https:\/\/api.w.org\/{rel}","templated":true}]}}