{"id":175845,"date":"2025-06-14T12:04:10","date_gmt":"2025-06-14T12:04:10","guid":{"rendered":"https:\/\/www.europesays.com\/fr\/175845\/"},"modified":"2025-06-14T12:04:10","modified_gmt":"2025-06-14T12:04:10","slug":"avant-premiere-demain-nous-appartient-du-16-juin-2025-episode-1966-tf1","status":"publish","type":"post","link":"https:\/\/www.europesays.com\/fr\/175845\/","title":{"rendered":"Avant-premi\u00e8re &#8211; Demain nous appartient du 16 juin 2025 &#8211; Episode 1966 &#8211; TF1+"},"content":{"rendered":"<ol>\n<li><a href=\"https:\/\/news.google.com\/rss\/articles\/CBMizgFBVV95cUxOTERNcF9TUjZIeFJlVVAtRDdWdnlsVjJmVUIxaWZnXzZjTGRmV2YybFBmS2xZV1ZSWXBncE9tTkVTMnprRlkwSy0yMWV0bVdHVEdIa3hiZnRnTExNWDR2UHhQSlA3S0tmZnMxWDYtb1N4eVl1WHZrR1VoSVNWYXQyRFNnWFpwWmI4N0I1Z29raU91TWVZR2ZQS0pDd25IX2lQMEptVE85Ul9HUmdZODhUV3RiMHZkcG1aeVk0dTJjeGhfVi00eUxoRzNBenFWQQ?oc=5\" target=\"_blank\" rel=\"noopener\">Avant-premi\u00e8re &#8211; Demain nous appartient du 16 juin 2025 &#8211; Episode 1966<\/a>&nbsp;&nbsp;TF1+<\/li>\n<li><a href=\"https:\/\/news.google.com\/rss\/articles\/CBMifkFVX3lxTFA0R2w0V0p4YWNUWGdEbnVmcmtHaWVfX3ZidFMwdVgxWDFDZlBJeHBlVjJjYlhEaTk5ck9kMlhSdjRoemNrcmpBb0tSaW9zZjRzSFVhNlVxelpsdk9LU0dPWlNFcVUwcTZkQ1lsMjNSa1Nmb3c1UEFWU3hWT0Radw?oc=5\" target=\"_blank\" rel=\"noopener\">Demain nous appartient : ce qui vous attend dans l&rsquo;\u00e9pisode 1966 du lundi 16 juin 2025 [SPOILERS]<\/a>&nbsp;&nbsp;AlloCin\u00e9<\/li>\n<li><a href=\"https:\/\/news.google.com\/rss\/articles\/CBMi2wJBVV95cUxNSG1mVXphbTl6a3l1X3JncDk2UDNJRzBQdVV6a2tiSEJxenFCZC0tUXVEWHpEakFfbF9CWTBOZmhxdHlCcVhwd3l5SE43MU9Dc1IyRmhlR2JxbDlZeUlscVdReW8ta3pLR1lwZHFCb2w4dUhoUThnRkZjRFg4bnk1aE9ScUpiZlR1NGI5cjFDVW9PSWNaMmZ2ZmhvRVNHMHZJc0xZcmV6a0dzVVdzek5YNmVJUWV4Wk5pS1I5VWwwZi1uaWNsUTY4MTU3dlVkYzFtTnZyb01FYnI5WGZsdm90bGozcmJkb1FIeG5Ecko4S1cxd0wwZ3VoeUFGSVdtdHJ2S0VsbkhhbHZZZUpoT2dtN3lmbmpaSHhDc3d1VDdqdGUtanhrOFJhZ21MWGxQQnQ3a1U4bm1aUklkNVdBZHlFMEJHZjJ1NHlJeGd1VlFHTWJDaEp3bk9oclNWTQ?oc=5\" target=\"_blank\" rel=\"noopener\">Demain nous appartient en avance : \u00c0 son r\u00e9veil, Alex d\u00e9couvre que Judith est de retour \u00e0 S\u00e8te ! Victime d&rsquo;une explosion, Martin est-il mort ? Le r\u00e9sum\u00e9 de l&rsquo;\u00e9pisode 1965 du vendredi 13 juin 2025<\/a>&nbsp;&nbsp;programme-tv.net<\/li>\n<li><a href=\"https:\/\/news.google.com\/rss\/articles\/CBMilwJBVV95cUxQTjJjcG9zYU56Nk45RjRmSEZtV3ZBaEdFdXNwUmJsSTZ0d1hlVjlJcGNfSWxfeDFUQ3RtRHBwOW9zYVN3MkJxRmFDOGsydkhEZGFJZXFNVDgxMzNxT3ZGalU4RGI1R0dETzJjeEZSNEZLQXlhMTFURDJ6aXJMRFBNYmk3QzhvaTk2OGNPQmRvTGJsMjF5ZEFxRU5CWW5uRmQ4ZWFWdnpYVkY5Mi14ZmQtTU5CcUFNUXBFQ2Q5M1BQZi10Mk9YUjBtY1Mydnd5YlBMdUNDU1hCM1NnbGVvRkVPTktnVDRBbjM3SjBtOVNBb3JtcjBoREV6TE5ZbVBPbnFudU1PNVpVdEFOdldIZVRHTnQ4enNtWkk?oc=5\" target=\"_blank\" rel=\"noopener\">Karim d\u00e9couvre l&rsquo;impensable : Gloria et Sungam ont tout orchestr\u00e9 contre Martin ? &#8211; Demain nous appartient 16 juin 2025 (\u00e9pisode 1966- r\u00e9sum\u00e9 complet DNA)<\/a>&nbsp;&nbsp;Nouveaut\u00e9s-T\u00e9l\u00e9.com<\/li>\n<li><a href=\"https:\/\/news.google.com\/rss\/articles\/CBMiggJBVV95cUxQWjd0cGJxektUakRIMVBmRGNiWjdQc2M3bHpVOUwycGMwOF9ONnpxbFNaUmZOZmstR0VEempWY2xhUUpZcmhpanMwRkFmU1QwQWlkVE1CM3pjSXhXZGkxRnYzNkdGODFNTWhFbFNzLVhUdU05VVBqNW9naHNSSWtKNWNkX3pVeThmdVVVMkNTdUIwcHdvM3JwdEdDR2ZmUmdlQkhIUHh6UWhveDZvOEV6QURrZjRmbXZIU0h5MGRaaUx3WWprZG92OFZnWHRmZVdSR0NyRVRzNEJyVl9lS2pBeEVrd3J4OGhxaGtDZTF0c3RuRkpldjNHdVlfUVZETERNTnc?oc=5\" target=\"_blank\" rel=\"noopener\">Demain nous appartient : \u00ab\u00a0C\u2019est fini Simon et cette fois, pour de bon\u00a0\u00bb Le r\u00e9sum\u00e9 du 16 juin (SPOILERS)<\/a>&nbsp;&nbsp;T\u00e9l\u00e9 7 Jours<\/li>\n<\/ol>\n","protected":false},"excerpt":{"rendered":"Avant-premi\u00e8re &#8211; Demain nous appartient du 16 juin 2025 &#8211; Episode 1966&nbsp;&nbsp;TF1+ Demain nous appartient : ce qui&hellip;\n","protected":false},"author":2,"featured_media":175846,"comment_status":"","ping_status":"","sticky":false,"template":"","format":"standard","meta":{"footnotes":""},"categories":[1356],"tags":[3598,4090,58,59,1365,4089,1011,27,4092,252,1364,4091,4093],"class_list":{"0":"post-175845","1":"post","2":"type-post","3":"status-publish","4":"format-standard","5":"has-post-thumbnail","7":"category-television","8":"tag-demain-nous-appartient","9":"tag-demain-nous-appartient-episode","10":"tag-divertissement","11":"tag-entertainment","12":"tag-episode","13":"tag-episode-demain-nous-appartient","14":"tag-fr","15":"tag-france","16":"tag-streaming-demain-nous-appartient","17":"tag-television","18":"tag-tv","19":"tag-video-demain-nous-appartient","20":"tag-video-en-streaming-demain-nous-appartient"},"share_on_mastodon":{"url":"https:\/\/pubeurope.com\/@fr\/114681627653027417","error":""},"_links":{"self":[{"href":"https:\/\/www.europesays.com\/fr\/wp-json\/wp\/v2\/posts\/175845","targetHints":{"allow":["GET"]}}],"collection":[{"href":"https:\/\/www.europesays.com\/fr\/wp-json\/wp\/v2\/posts"}],"about":[{"href":"https:\/\/www.europesays.com\/fr\/wp-json\/wp\/v2\/types\/post"}],"author":[{"embeddable":true,"href":"https:\/\/www.europesays.com\/fr\/wp-json\/wp\/v2\/users\/2"}],"replies":[{"embeddable":true,"href":"https:\/\/www.europesays.com\/fr\/wp-json\/wp\/v2\/comments?post=175845"}],"version-history":[{"count":0,"href":"https:\/\/www.europesays.com\/fr\/wp-json\/wp\/v2\/posts\/175845\/revisions"}],"wp:featuredmedia":[{"embeddable":true,"href":"https:\/\/www.europesays.com\/fr\/wp-json\/wp\/v2\/media\/175846"}],"wp:attachment":[{"href":"https:\/\/www.europesays.com\/fr\/wp-json\/wp\/v2\/media?parent=175845"}],"wp:term":[{"taxonomy":"category","embeddable":true,"href":"https:\/\/www.europesays.com\/fr\/wp-json\/wp\/v2\/categories?post=175845"},{"taxonomy":"post_tag","embeddable":true,"href":"https:\/\/www.europesays.com\/fr\/wp-json\/wp\/v2\/tags?post=175845"}],"curies":[{"name":"wp","href":"https:\/\/api.w.org\/{rel}","templated":true}]}}