{"id":175849,"date":"2025-06-14T12:06:11","date_gmt":"2025-06-14T12:06:11","guid":{"rendered":"https:\/\/www.europesays.com\/fr\/175849\/"},"modified":"2025-06-14T12:06:11","modified_gmt":"2025-06-14T12:06:11","slug":"voici-la-liste-des-films-et-des-series-qui-vous-attendent","status":"publish","type":"post","link":"https:\/\/www.europesays.com\/fr\/175849\/","title":{"rendered":"voici la liste des films et des s\u00e9ries qui vous attendent"},"content":{"rendered":"<p>Il est l\u2019heure de prendre le pouls du DCU en construction. \u00c0 quelques jours de la sortie du Superman de James Gunn, tous les regards se tournent vers l\u2019avenir de la franchise que Warner Bros et DC Studios esp\u00e8rent devenir une partie composante du panorama culturel au cours des prochaines ann\u00e9es. Il faut dire que leur pr\u00e9c\u00e9dente tentative n\u2019a pas \u00e9t\u00e9 couronn\u00e9e de succ\u00e8s, la majorit\u00e9 des adaptations propos\u00e9es ayant \u00e9t\u00e9 au mieux oubli\u00e9es au pire fustig\u00e9s par les spectateurs et la critiques.<\/p>\n<p>Exit Henry Cavill, Gal Gadot ou encore Ben Affleck, tous les superh\u00e9ros de la Justice League et ceux qui les ont c\u00f4toy\u00e9s sont entre de nouvelles mains. Cela vaut pour le fils de Krypton, qui sera d\u00e9sormais incarn\u00e9 par David Corenswet. Pour ses premi\u00e8res aventures, le personnage devrait se confronter \u00e0 de nombreuses figures de l\u2019univers DC Comics, ouvrant ainsi la voie \u00e0 des suites et productions d\u00e9riv\u00e9es.<\/p>\n<p><strong>James Gunn et Peter Safran<\/strong>, nomm\u00e9s \u00e0 <strong>la t\u00eate de DC Studios<\/strong> en 2022, doivent \u0153uvr\u00e9 au d\u00e9veloppement de tous ces films. Au moment de d\u00e9finir les contours de cette saga en devenir, les deux hommes ont laiss\u00e9 entendre qu\u2019il s\u2019agira pour eux de d\u00e9couper l\u2019avenir du DCU en <strong>plusieurs phases<\/strong>, un fonctionnement inspir\u00e9 de celui de Marvel. Il ne fait aucun doute que Warner Bros ambitionne de marcher sur les platebandes de la Maison des id\u00e9es.<\/p>\n<p> La phase 1 \u2013 2025 \u223c <\/p>\n<p>Pour ouvrir son univers, James Gunn mise sur Superman et la pr\u00e9sentation de certains de ses antagonistes. Un dieu face \u00e0 des m\u00e9chants embl\u00e9matiques, James Gunn et Peter Safran ont mis\u00e9 sur la d\u00e9nomination<strong> \u201cGods and Monsters\u201d <\/strong>pour \u00e9voquer les premiers films qui investiront les salles obscures et les premi\u00e8res s\u00e9ries qui s\u2019inviteront sur HBO Max.<\/p>\n<p> Creature Commandos \u2013 d\u00e9cembre 2024 <\/p>\n<p>Si Superman ouvre le bal au cin\u00e9ma, c\u2019est bien avec <a href=\"https:\/\/www.journaldugeek.com\/critique\/creature-commandos-entree-en-matiere-reussie-et-sans-risques-pour-le-dcu-de-james-gunn\/\" target=\"_blank\" rel=\"noopener\">Creature Commandos<\/a> que James Gunn a ouvert les portes de son univers cin\u00e9matographique et t\u00e9l\u00e9visuel. La s\u00e9rie anim\u00e9e a \u00e9t\u00e9 propos\u00e9e en fin d\u2019ann\u00e9e derni\u00e8re sur HBO Max et racontait la r\u00e9union d\u2019\u00eatres supernaturels sous l\u2019impulsion d\u2019Amanda Waller et de <strong>Rick Flag Sr<\/strong>. Ce dernier est d\u2019ailleurs une composante essentielle de Superman au cin\u00e9ma, la s\u00e9rie anim\u00e9e \u00e9tait la premi\u00e8re pierre d\u2019un \u00e9difice que DC esp\u00e8re construire pour qu\u2019il dure. <strong>Une saison 2 est d\u00e9j\u00e0 confirm\u00e9e.\u00a0<\/strong><\/p>\n<p> Superman \u2013 juillet 2025 <\/p>\n<p>Le 9 juillet prochain, Superman va plonger les spectateurs dans la vie de Clark Kent et de son alter ego. Selon les r\u00e9centes informations partag\u00e9es par Gunn, l\u2019intrigue d\u00e9bute alors que le superh\u00e9ros sauve la veuve et l\u2019orphelin depuis maintenant trois ans avec son costume rouge et bleu. Le projet qui devait s\u2019appeler <a href=\"https:\/\/www.journaldugeek.com\/2025\/06\/12\/superman-veut-decrocher-des-machoires-avec-sa-nouvelle-bande-annonce\/\" target=\"_blank\" rel=\"noopener\">Superman<\/a> : Legacy avant que Warner Bros ne change son fusil d\u2019\u00e9paule pour miser simplement sur Superman, devrait \u00e9voluer autour <strong>de la difficult\u00e9<\/strong> pour le personnage \u00e0 <strong>trouver sa place.<\/strong><\/p>\n<\/p>\n<p>    <a href=\"https:\/\/www.youtube.com\/user\/JournalduGeek?sub_confirmation=1\" target=\"_blank\" rel=\"nofollow noopener\"><br \/>\n        S&rsquo;abonner \u00e0 Journal du Geek<br \/>\n    <\/a> <\/p>\n<p>Sous le feu des projecteurs apr\u00e8s \u00eatre intervenu durant un conflit arm\u00e9, le superh\u00e9ros est dans le viseur des autorit\u00e9s. Dans le m\u00eame temps, un ennemi embl\u00e9matique sort de l\u2019ombre avec la ferme intention de le faire tomber de son pi\u00e9destal. Entre <strong>son h\u00e9ritage kryptonien et son \u00e9ducation humaine<\/strong>, Clark va devoir s\u2019interroger sur sa place dans le monde.<\/p>\n<p> Peacemaker saison 2 \u2013 22 ao\u00fbt 2025 <\/p>\n<p>C\u2019est une s\u00e9rie qui occupe une place particuli\u00e8rement au sein du nouveau DCU. N\u00e9e sous l\u2019\u00e8re Walter Hamada, <strong><a href=\"https:\/\/www.journaldugeek.com\/2025\/04\/07\/peacemaker-saison-2-on-sait-enfin-quand-revient-la-serie-de-james-gunn\/\" target=\"_blank\" rel=\"noopener\">Peacemaker<\/a>\u00a0est un spin-off du Suicide Squad<\/strong> de James Gunn. Elle \u00e9volue autour du personnage incarn\u00e9 par John Cena alors qu\u2019il forme une nouvelle \u00e9quipe pour d\u00e9jouer un complot international. Sa premi\u00e8re saison, bien qu\u2019en marge des films propos\u00e9s au cin\u00e9ma, faisait des r\u00e9f\u00e9rences \u00e9videntes \u00e0 la <strong>Justice League<\/strong> et la Suicide Squad. <strong>Le final de la premi\u00e8re saison<\/strong> faisait m\u00eame intervenir certains membres de l\u2019\u00e9quipe, Aquaman et The Flash \u00e9taient montr\u00e9s de face tandis que les autres apparaissent dans l\u2019ombre.<\/p>\n<\/p>\n<p>Succ\u00e8s critique, la s\u00e9rie n\u2019a ainsi pas \u00e9t\u00e9 abandonn\u00e9e avec le reboot de l\u2019univers DC et devra s\u2019emparer de cette incoh\u00e9rence pour continuer. James Gunn a promis que cette question serait soulev\u00e9e par le r\u00e9cit et qu\u2019il ne s\u2019agirait<strong> pas de faire comme si de rien n\u2019\u00e9tait.\u00a0<\/strong><\/p>\n<p> Supergirl\u00a0: Woman of Tomorrow \u2013 24 juin 2026 <\/p>\n<p>Dieux et monstres\u2026 DC va consacrer un film \u00e0 <a href=\"https:\/\/www.journaldugeek.com\/2025\/01\/20\/supergirl-woman-of-tomorrow-le-casting-sagrandit-encore-du-cote-de-kara-cette-fois\/\" target=\"_blank\" rel=\"noopener\">Supergirl<\/a> pour la premi\u00e8re fois depuis 1984. Apr\u00e8s Helen Slater devant la cam\u00e9ra de Jeannot Szwarc et Sasha Calle dans The Flash par Andr\u00e9s Muschietti, c\u2019est <strong>Milly Alcock<\/strong> qui enfilera le costume devant la cam\u00e9ra de <strong>Craig Gillespie.<\/strong> Le r\u00e9alisateur de Moi, Tonya et Cruella devrait s\u2019inspirer d\u2019un comics portant le m\u00eame titre que le film et suivre <strong>Kara Zor-El<\/strong> alors qu\u2019elle croise une certaine Rythye Marye Knoll, une jeune fille voulant se venger de Krem.<\/p>\n<p>Matthias Schoenaerts, Eve Ridley, David Krumholtz et Emily Beecham seront \u00e0 l\u2019affiche du film qui investira les salles obscures du monde en juin 2026. <strong>Jason Momoa<\/strong> devrait aussi appara\u00eetre dans <strong>la peau de Lobo<\/strong>. Pour rappel, il incarnait Aquaman dans le pr\u00e9c\u00e9dent DCU.<\/p>\n<p> Clayface \u2013 septembre 2026 <\/p>\n<p>Il pourrait faire une apparition dans <a href=\"https:\/\/www.journaldugeek.com\/2025\/06\/12\/the-batman-ii-en-danger-james-gunn-donne-enfin-des-nouvelles-du-projet\/\" target=\"_blank\" rel=\"noopener\">The Batman\u00a0: Part II<\/a>, il \u00e9tait au c\u0153ur de la s\u00e9rie anim\u00e9e de Bruce Timm, Clayface sera aussi et surtout la t\u00eate d\u2019affiche d\u2019un prochain film \u00e9crit par Mike Flanagan et Hossein Amini. Promis \u00e0 une sortie en 2026, Clayface sera le troisi\u00e8me film du DCU et le premier \u00e0 se frotter \u00e0 l\u2019horreur. Le r\u00e9cit \u00e9voluera autour d\u2019un acteur de s\u00e9rie B qui s\u2019injecte une substance qui lui permet de rester assez s\u00e9duisant pour d\u00e9crocher des r\u00f4les. Le body-horror devrait offrir une plong\u00e9e captivante dans l\u2019univers impitoyable d\u2019Hollywood. On ne sait pas encore qui campera le personnage principal, ni qui lui fera face.<\/p>\n<p> Lanterns \u2013 2026 <\/p>\n<p>En marge des propositions cin\u00e9matographiques, DC va \u00e9tendre son univers sur le petit \u00e9cran. Ce sera vrai avec Peacemaker mais aussi <a href=\"https:\/\/www.journaldugeek.com\/2025\/03\/04\/la-serie-hbo-green-lantern-avance-bien-et-devoile-une-image\/\" target=\"_blank\" rel=\"noopener\">Lanterns<\/a>, s\u00e9rie en prise de vues r\u00e9elles promise pour l\u2019ann\u00e9e 2026 sur HBO Max. D\u00e9velopp\u00e9e par Damon Lindelof (The Leftovers et Watchmen) elle \u00e9voluera autour de deux flics intergalactiques, <strong>John Stewart et Hal Jordan<\/strong> alors qu\u2019ils sont confront\u00e9s \u00e0 un sombre myst\u00e8re sur Terre. Au fin fond de l\u2019Am\u00e9rique, il vont <strong>enqu\u00eater sur un meurtre<\/strong> et se retrouve au milieu d\u2019\u00e9v\u00e9nements dangereux.<\/p>\n<p>Apr\u00e8s Guy Gardner, le DCU fera intervenir <strong>deux autres Green Lantern c\u00e9l\u00e8bres<\/strong> dans une s\u00e9rie qui s\u2019annonce comme un fin m\u00e9lange entre le r\u00e9cit de science-fiction et le thriller policier. <strong>Aaron Pierre et Kyle Chandler<\/strong> se donneront la r\u00e9plique sur le petit \u00e9cran. Le tournage a commenc\u00e9.<\/p>\n<p> En d\u00e9veloppement pour le moment <\/p>\n<p>D\u2019autres projets ont \u00e9t\u00e9 \u00e9voqu\u00e9s par James Gunn et Peter Safran, sans que le duo n\u2019en dise plus sur la teneur du r\u00e9cit ou la fen\u00eatre de sortie envisag\u00e9e. C\u2019est particuli\u00e8rement vrai pour Batman\u00a0: The Brave and The Bold qui promet de faire intervenir un nouvel interpr\u00e8te de Bruce Wayne. Andy Muschietty sera \u00e0 la r\u00e9alisation du projet. Le r\u00e9alisateur de The Flash\u00a0doit raconter les retrouvailles entre Bruce Wayne et son fils ill\u00e9gitime Damian Wayne. Ce dernier appara\u00eetra dans le costume de Robin, offrant une perspective nouvelle sur le duo. Il a \u00e9t\u00e9 promu comme \u201cune \u00e9trange histoire de p\u00e8re et de fils\u201d.\u00a0<\/p>\n<p>Ailleurs au sein de la franchise, la s\u00e9rie sur Amanda Waller a visiblement \u00e9t\u00e9 annul\u00e9e. Sa relation avec sa fille Leota devait \u00eatre le point d\u2019entr\u00e9e mais il faudra visiblement se contenter des \u00e9v\u00e9nements \u00e9voqu\u00e9s dans Peacemaker. On peut aussi citer la s\u00e9rie Paradise Lost qui doit raconter la vie sur l\u2019\u00eele d\u2019origine de Wonder Woman, avant que son film ne soit r\u00e9alis\u00e9. Il a \u00e9t\u00e9 confirm\u00e9 cette semaine par James Gunn en personne.<\/p>\n<p>  Les films et s\u00e9ries en r\u00e9flexion <\/p>\n<ul>\n<li>Paradise Lost \u2013 s\u00e9rie sur HBO Max<\/li>\n<li>Batman\u00a0: The Brave and the Bold \u2013 film<\/li>\n<li>The Authority \u2013 film<\/li>\n<li>Swamp Thing \u2013 film<\/li>\n<li>Sgt.Rock \u2013 film<\/li>\n<\/ul>\n<blockquote>\n<p class=\"text-base text-neutral-700 dark:text-neutral-300\">\ud83d\udfe3 Pour ne manquer aucune news sur le Journal du Geek, abonnez-vous sur <a href=\"https:\/\/news.google.com\/publications\/CAAqBwgKMNr_hAswwYyCAw?hl=fr&amp;gl=FR&amp;ceid=FR%3Afr\" target=\"_blank\" rel=\"noopener\">Google Actualit\u00e9s<\/a> et sur <a href=\"https:\/\/whatsapp.com\/channel\/0029VaClM5y4tRry12tb7D2h\" target=\"_blank\" rel=\"noopener\">notre WhatsApp<\/a>. Et si vous nous adorez, on a <a href=\"https:\/\/www.journaldugeek.com\/newsletter\/\" target=\"_blank\" rel=\"noopener\">une newsletter tous les matins<\/a>.<\/p>\n<\/blockquote>\n","protected":false},"excerpt":{"rendered":"Il est l\u2019heure de prendre le pouls du DCU en construction. \u00c0 quelques jours de la sortie du&hellip;\n","protected":false},"author":2,"featured_media":175850,"comment_status":"","ping_status":"","sticky":false,"template":"","format":"standard","meta":{"footnotes":""},"categories":[1354],"tags":[4781,25359,58,59,1346,1011,27,1360,31137,2133],"class_list":{"0":"post-175849","1":"post","2":"type-post","3":"status-publish","4":"format-standard","5":"has-post-thumbnail","7":"category-films","8":"tag-batman","9":"tag-dc","10":"tag-divertissement","11":"tag-entertainment","12":"tag-films","13":"tag-fr","14":"tag-france","15":"tag-movies","16":"tag-peacemaker","17":"tag-superman"},"share_on_mastodon":{"url":"https:\/\/pubeurope.com\/@fr\/114681635351701387","error":""},"_links":{"self":[{"href":"https:\/\/www.europesays.com\/fr\/wp-json\/wp\/v2\/posts\/175849","targetHints":{"allow":["GET"]}}],"collection":[{"href":"https:\/\/www.europesays.com\/fr\/wp-json\/wp\/v2\/posts"}],"about":[{"href":"https:\/\/www.europesays.com\/fr\/wp-json\/wp\/v2\/types\/post"}],"author":[{"embeddable":true,"href":"https:\/\/www.europesays.com\/fr\/wp-json\/wp\/v2\/users\/2"}],"replies":[{"embeddable":true,"href":"https:\/\/www.europesays.com\/fr\/wp-json\/wp\/v2\/comments?post=175849"}],"version-history":[{"count":0,"href":"https:\/\/www.europesays.com\/fr\/wp-json\/wp\/v2\/posts\/175849\/revisions"}],"wp:featuredmedia":[{"embeddable":true,"href":"https:\/\/www.europesays.com\/fr\/wp-json\/wp\/v2\/media\/175850"}],"wp:attachment":[{"href":"https:\/\/www.europesays.com\/fr\/wp-json\/wp\/v2\/media?parent=175849"}],"wp:term":[{"taxonomy":"category","embeddable":true,"href":"https:\/\/www.europesays.com\/fr\/wp-json\/wp\/v2\/categories?post=175849"},{"taxonomy":"post_tag","embeddable":true,"href":"https:\/\/www.europesays.com\/fr\/wp-json\/wp\/v2\/tags?post=175849"}],"curies":[{"name":"wp","href":"https:\/\/api.w.org\/{rel}","templated":true}]}}