{"id":175853,"date":"2025-06-14T12:09:08","date_gmt":"2025-06-14T12:09:08","guid":{"rendered":"https:\/\/www.europesays.com\/fr\/175853\/"},"modified":"2025-06-14T12:09:08","modified_gmt":"2025-06-14T12:09:08","slug":"prince-william-son-ami-decede-apres-avoir-avale-une-abeille-lors-dun-match-de-polo-a-windsor","status":"publish","type":"post","link":"https:\/\/www.europesays.com\/fr\/175853\/","title":{"rendered":"Prince William : son ami d\u00e9c\u00e8de apr\u00e8s avoir aval\u00e9 une abeille lors d&rsquo;un match de polo \u00e0 Windsor"},"content":{"rendered":"<p>Au d\u00e9part, cela devait \u00eatre une<strong> journ\u00e9e conviviale \u00e0 Windsor<\/strong>. En effet, le programme de ce<strong> jeudi 12 juin <\/strong>\u00e9tait plac\u00e9 sous le signe du champagne, du polo et de la bonne humeur&#8230; Le Prince William \u00e9tait \u00e9videmment de la partie avec \u00e9galement Sunjay Kapur, un <strong>homme d\u2019affaires milliardaire<\/strong>, un <strong>grand passionn\u00e9 de polo<\/strong> et ami de la royaut\u00e9.<\/p>\n<p>H\u00e9las, ce dernier s&rsquo;est<strong> effondr\u00e9 en plein match<\/strong> apr\u00e8s avoir prononc\u00e9 cette phrase gla\u00e7ante : \u00ab\u00a0J\u2019ai <strong>aval\u00e9 quelque chose<\/strong>\u00ab\u00a0&#8230; Il venait d\u2019\u00eatre piqu\u00e9 \u00e0 la bouche par une abeille.<\/p>\n<p>Prince William perd un ami proche<\/p>\n<p>Ce rendez-vous amical et sportif s&rsquo;est donc transform\u00e9 en<strong><a href=\"https:\/\/www.public.fr\/scene-dhorreur-a-liverpool-le-prince-william-et-kate-middleton-brisent-le-silence\" rel=\"nofollow noopener\" target=\"_blank\"> sc\u00e8ne d&rsquo;horreur<\/a><\/strong>. Selon le Telegraph et le Mirror, Sunjay Kapur est d\u00e9c\u00e9d\u00e9 d\u2019un <strong>choc anaphylactique foudroyant<\/strong> : \u00ab\u00a0La tension art\u00e9rielle chute brutalement et les voies respiratoires se r\u00e9tr\u00e9cissent, bloquant la respiration\u00a0\u00bb. Le choc est immense. \u00ab\u00a0Il \u00e9tait plein de vie, riait, plaisantait, puis il est parti en un instant\u00a0\u00bb, a confi\u00e9 une source. <\/p>\n<p>En plus d&rsquo;\u00eatre un chef d\u2019entreprise brillant, Sunjay Kapur \u00e9tait aussi <strong>le pr\u00e9sident de Sona Comstar<\/strong>, g\u00e9ant des pi\u00e8ces automobiles, et un <strong>habitu\u00e9 des terrains de polo<\/strong> aux c\u00f4t\u00e9s de membres de la royaut\u00e9. \u00ab\u00a0Il manquera \u00e9norm\u00e9ment, non seulement \u00e0 sa famille et \u00e0 ses amis, mais aussi \u00e0 la communaut\u00e9 locale autour de son club, car il employait tant de personnes et s&rsquo;\u00e9tait fait tant d&rsquo;amis. Il \u00e9tait <strong>amusant, gentil et g\u00e9n\u00e9reux<\/strong>.\u00a0\u00bb, a d\u00e9clar\u00e9 un proche au Telegraph Sport.<\/p>\n<p>Dans sa vie personnelle, Sunjay Kapur a \u00e9t\u00e9 mari\u00e9 \u00e0 <strong>la star de Bollywood Karisma Kapoor<\/strong> entre 2003 et 2016. Ensemble, ils ont eu deux enfants, Samaira et Kiaan. Apr\u00e8s leur s\u00e9paration, il a refait sa vie avec le mannequin <strong>Priya Sachdev<\/strong>, avec qui il a eu un troisi\u00e8me enfant, un fils pr\u00e9nomm\u00e9 Azarias. Toujours entre deux voyages, il \u00e9tait tr\u00e8s actif sur les r\u00e9seaux sociaux. Quelques heures avant sa mort, il avait m\u00eame<strong> exprim\u00e9 son soutien aux victimes d\u2019un <a href=\"https:\/\/www.public.fr\/crash-aerien-en-inde-242-passagers-a-bord-viswashkumar-est-le-seul-miracule\" rel=\"nofollow noopener\" target=\"_blank\">crash a\u00e9rien<\/a><\/strong> : \u00ab\u00a0Terrible nouvelle du tragique accident d\u2019Air India \u00e0 Ahmedabad. Mes pens\u00e9es et mes pri\u00e8res accompagnent toutes les familles touch\u00e9es.\u00a0\u00bb<\/p>\n<p>Le choc d&rsquo;un entourage boulevers\u00e9<\/p>\n<p>Son d\u00e9c\u00e8s brutal a provoqu\u00e9 une <strong>vague d\u2019\u00e9motion<\/strong>. L\u2019entreprise familiale a publi\u00e9 ce communiqu\u00e9 : \u00ab\u00a0Nous sommes profond\u00e9ment attrist\u00e9s par le <strong>d\u00e9c\u00e8s soudain de notre pr\u00e9sident<\/strong>, M. Sunjay Kapur. C&rsquo;\u00e9tait un leader visionnaire dont la passion, la perspicacit\u00e9 et le d\u00e9vouement ont fa\u00e7onn\u00e9 l&rsquo;identit\u00e9 et le succ\u00e8s de notre entreprise.\u00a0\u00bb<\/p>\n<p>Cette trag\u00e9die s\u2019ajoute \u00e0 un autre drame, survenu en janvier dernier. Son ancien beau-fr\u00e8re, <strong>l\u2019acteur Saif Ali Khan<\/strong>, a \u00e9t\u00e9 <strong>violemment agress\u00e9 \u00e0 son domicile en Inde<\/strong>. Touch\u00e9 \u00e0 la colonne vert\u00e9brale, il s\u2019en est, par chance, remis. Mais d\u00e9sormais, ce nouvel accident plane sur une famille d\u00e9j\u00e0 \u00e9prouv\u00e9e.<\/p>\n<p>      Mentionn\u00e9s dans cet article<\/p>\n<p>\u00c0 lire aussi<\/p>\n","protected":false},"excerpt":{"rendered":"Au d\u00e9part, cela devait \u00eatre une journ\u00e9e conviviale \u00e0 Windsor. En effet, le programme de ce jeudi 12&hellip;\n","protected":false},"author":2,"featured_media":175854,"comment_status":"","ping_status":"","sticky":false,"template":"","format":"standard","meta":{"footnotes":""},"categories":[8],"tags":[58,59,1011,27,3936],"class_list":{"0":"post-175853","1":"post","2":"type-post","3":"status-publish","4":"format-standard","5":"has-post-thumbnail","7":"category-divertissement","8":"tag-divertissement","9":"tag-entertainment","10":"tag-fr","11":"tag-france","12":"tag-prince-william"},"share_on_mastodon":{"url":"https:\/\/pubeurope.com\/@fr\/114681647335976222","error":""},"_links":{"self":[{"href":"https:\/\/www.europesays.com\/fr\/wp-json\/wp\/v2\/posts\/175853","targetHints":{"allow":["GET"]}}],"collection":[{"href":"https:\/\/www.europesays.com\/fr\/wp-json\/wp\/v2\/posts"}],"about":[{"href":"https:\/\/www.europesays.com\/fr\/wp-json\/wp\/v2\/types\/post"}],"author":[{"embeddable":true,"href":"https:\/\/www.europesays.com\/fr\/wp-json\/wp\/v2\/users\/2"}],"replies":[{"embeddable":true,"href":"https:\/\/www.europesays.com\/fr\/wp-json\/wp\/v2\/comments?post=175853"}],"version-history":[{"count":0,"href":"https:\/\/www.europesays.com\/fr\/wp-json\/wp\/v2\/posts\/175853\/revisions"}],"wp:featuredmedia":[{"embeddable":true,"href":"https:\/\/www.europesays.com\/fr\/wp-json\/wp\/v2\/media\/175854"}],"wp:attachment":[{"href":"https:\/\/www.europesays.com\/fr\/wp-json\/wp\/v2\/media?parent=175853"}],"wp:term":[{"taxonomy":"category","embeddable":true,"href":"https:\/\/www.europesays.com\/fr\/wp-json\/wp\/v2\/categories?post=175853"},{"taxonomy":"post_tag","embeddable":true,"href":"https:\/\/www.europesays.com\/fr\/wp-json\/wp\/v2\/tags?post=175853"}],"curies":[{"name":"wp","href":"https:\/\/api.w.org\/{rel}","templated":true}]}}