{"id":175857,"date":"2025-06-14T12:11:09","date_gmt":"2025-06-14T12:11:09","guid":{"rendered":"https:\/\/www.europesays.com\/fr\/175857\/"},"modified":"2025-06-14T12:11:09","modified_gmt":"2025-06-14T12:11:09","slug":"a-venise-la-colere-monte-contre-le-fastueux-mariage-de-jeff-bezos-et-lauren-sanchez","status":"publish","type":"post","link":"https:\/\/www.europesays.com\/fr\/175857\/","title":{"rendered":"\u00e0 Venise, la col\u00e8re monte contre le fastueux mariage de Jeff Bezos et Lauren Sanchez"},"content":{"rendered":"<p>Jeff Bezos et Lauren Sanchez vont se dire oui \u00e0 Venise du 24 au 26 juin. Un mariage grandiose, ultra-s\u00e9curis\u00e9 et critiqu\u00e9 par une partie des habitants, qui d\u00e9noncent la privatisation de leur ville au profit des milliardaires.<\/p>\n<p class=\"fig-paragraph\">Ils filent le parfait amour depuis plusieurs ann\u00e9es. Lui, milliardaire et fondateur d\u2019Amazon. Elle, journaliste et ancienne animatrice t\u00e9l\u00e9. Ensemble, ils exhibent leur fortune, vivant leur romance \u00e0 coups de millions\u00a0: acquisition d\u2019un super-yacht pour leurs vir\u00e9es au soleil, et plus r\u00e9cemment, un d\u00e9collage dans l\u2019espace \u00e0 bord d\u2019une fus\u00e9e Blue Origin \u2013 l\u2019entreprise de Jeff Bezos \u2013 entour\u00e9s d\u2019invit\u00e9s tri\u00e9s sur le volet, dont Katy Perry.<\/p>\n<p class=\"fig-paragraph\">D\u00e9sormais, le couple s\u2019appr\u00eate \u00e0 se dire oui \u00e0 Venise, du 24 au 26 juin, dans le d\u00e9cor de carte postale de la Cit\u00e9 des Doges, en partie privatis\u00e9e pour l\u2019occasion. Une union qui r\u00e9unira environ 200 invit\u00e9s tri\u00e9s sur le volet et qui s\u2019annonce des plus grandioses. Peut-\u00eatre un peu trop, aux yeux de nombreux locaux, dont la col\u00e8re monte depuis plusieurs semaines. Pour eux, ce mariage est un symbole de plus du pillage de leur ville par les ultra-riches. Car si la municipalit\u00e9 promet une c\u00e9r\u00e9monie discr\u00e8te, sans perturbation pour les riverains, peu y croient. Le collectif \u00abNo Space for Bezos\u00bb a ainsi men\u00e9 la fronde\u00a0: banderoles brandies sur les clochers, affiches et autocollants placard\u00e9s dans les ruelles, et appel \u00e0 manifester contre un mariage jug\u00e9 ind\u00e9cent.<\/p>\n<p>\u00abIl n\u2019est pas le bienvenu, ni \u00e0 Venise, ni ailleurs\u00a0!\u00bb<\/p>\n<p class=\"fig-paragraph\">Le message a \u00e9t\u00e9 diffus\u00e9 sur les r\u00e9seaux sociaux, accompagn\u00e9 d\u2019un avertissement clair\u00a0: Bezos n\u2019est pas un invit\u00e9 d\u2019honneur, mais un symbole de la marchandisation du monde. \u00abVenise est une ville vivante, pas un d\u00e9cor \u00e0 louer au plus offrant\u00bb, ont insist\u00e9 les opposants. Et les pr\u00e9paratifs semblent leur donner raison\u00a0: cinq h\u00f4tels auraient \u00e9t\u00e9 enti\u00e8rement r\u00e9serv\u00e9s, une flotte de bateaux taxis mobilis\u00e9e, et un quai sp\u00e9cialement am\u00e9nag\u00e9 pour accueillir le m\u00e9gayacht du milliardaire. Autant de signes qui alimentent la col\u00e8re dans une ville d\u00e9j\u00e0 \u00e9touff\u00e9e par le tourisme de masse, que les autorit\u00e9s tentent tant bien que mal de r\u00e9guler.<\/p>\n<p class=\"fig-paragraph\">Le maire Luigi Brugnaro, lui, pr\u00e9f\u00e8re voir le verre \u00e0 moiti\u00e9 plein. Dans une interview au Corriere della Sera, il a salu\u00e9 le choix du couple, \u00e9voquant des retomb\u00e9es \u00e9conomiques \u00abde plusieurs millions de dollars\u00bb. Une mani\u00e8re d\u2019\u00e9riger l\u2019\u00e9v\u00e9nement en vitrine, malgr\u00e9 l\u2019hostilit\u00e9 grandissante.<\/p>\n<p class=\"fig-paragraph\">En 2014, Venise avait d\u00e9j\u00e0 vu se d\u00e9rouler les noces hollywoodiennes de George Clooney et Amal Alamuddin. Dix ans plus tard, c\u2019est un autre couple star qui investit ses palais et ses canaux. Mais cette fois, le r\u00eave v\u00e9nitien ne fait pas l\u2019unanimit\u00e9.<\/p>\n","protected":false},"excerpt":{"rendered":"Jeff Bezos et Lauren Sanchez vont se dire oui \u00e0 Venise du 24 au 26 juin. Un mariage&hellip;\n","protected":false},"author":2,"featured_media":175858,"comment_status":"","ping_status":"","sticky":false,"template":"","format":"standard","meta":{"footnotes":""},"categories":[6],"tags":[1291,47,11,35,6525,33,34,1067,1295,1294,6523,6527,6526,638,1011,27,6529,697,12,6524,4853,104,6528],"class_list":{"0":"post-175857","1":"post","2":"type-post","3":"status-publish","4":"format-standard","5":"has-post-thumbnail","7":"category-economie","8":"tag-actu-societe","9":"tag-actualite","10":"tag-actualites","11":"tag-business","12":"tag-droit-des-femmes","13":"tag-economie","14":"tag-economy","15":"tag-enquete","16":"tag-feminin","17":"tag-femme","18":"tag-femme-dans-la-societe","19":"tag-femme-de-politique","20":"tag-femme-politique","21":"tag-figaro","22":"tag-fr","23":"tag-france","24":"tag-info-societe","25":"tag-jeff-bezos","26":"tag-news","27":"tag-place-des-femmes-dans-la-societe","28":"tag-portraits","29":"tag-societe","30":"tag-temoigngage"},"share_on_mastodon":{"url":"https:\/\/pubeurope.com\/@fr\/114681655285803177","error":""},"_links":{"self":[{"href":"https:\/\/www.europesays.com\/fr\/wp-json\/wp\/v2\/posts\/175857","targetHints":{"allow":["GET"]}}],"collection":[{"href":"https:\/\/www.europesays.com\/fr\/wp-json\/wp\/v2\/posts"}],"about":[{"href":"https:\/\/www.europesays.com\/fr\/wp-json\/wp\/v2\/types\/post"}],"author":[{"embeddable":true,"href":"https:\/\/www.europesays.com\/fr\/wp-json\/wp\/v2\/users\/2"}],"replies":[{"embeddable":true,"href":"https:\/\/www.europesays.com\/fr\/wp-json\/wp\/v2\/comments?post=175857"}],"version-history":[{"count":0,"href":"https:\/\/www.europesays.com\/fr\/wp-json\/wp\/v2\/posts\/175857\/revisions"}],"wp:featuredmedia":[{"embeddable":true,"href":"https:\/\/www.europesays.com\/fr\/wp-json\/wp\/v2\/media\/175858"}],"wp:attachment":[{"href":"https:\/\/www.europesays.com\/fr\/wp-json\/wp\/v2\/media?parent=175857"}],"wp:term":[{"taxonomy":"category","embeddable":true,"href":"https:\/\/www.europesays.com\/fr\/wp-json\/wp\/v2\/categories?post=175857"},{"taxonomy":"post_tag","embeddable":true,"href":"https:\/\/www.europesays.com\/fr\/wp-json\/wp\/v2\/tags?post=175857"}],"curies":[{"name":"wp","href":"https:\/\/api.w.org\/{rel}","templated":true}]}}