{"id":175859,"date":"2025-06-14T12:12:12","date_gmt":"2025-06-14T12:12:12","guid":{"rendered":"https:\/\/www.europesays.com\/fr\/175859\/"},"modified":"2025-06-14T12:12:12","modified_gmt":"2025-06-14T12:12:12","slug":"milliers-de-soldats-depenses-somptuaires-quest-ce-que-cette-parade-militaire-a-washington-le-jour-des-79-ans-de-trump-liberation","status":"publish","type":"post","link":"https:\/\/www.europesays.com\/fr\/175859\/","title":{"rendered":"Milliers de soldats, d\u00e9penses somptuaires\u2026 Qu\u2019est-ce que cette parade militaire \u00e0 Washington, le jour des 79\u00a0ans de Trump\u00a0? \u2013 Lib\u00e9ration"},"content":{"rendered":"<p class=\"sc-ksZaOG ehjQrN text-element\">Au moment o\u00f9 <a href=\"https:\/\/www.liberation.fr\/international\/amerique\/a-los-angeles-les-travailleurs-sans-papiers-face-a-la-politique-de-la-terreur-mon-pere-se-planque-parce-quun-milliardaire-veut-se-debarrasser-de-nous-20250614_T5BL5HU2KNARXKLNK24BQTP3KU\/\" target=\"_blank\" rel=\"noreferrer nofollow noopener\" title=\"https:\/\/www.liberation.fr\/international\/amerique\/a-los-angeles-les-travailleurs-sans-papiers-face-a-la-politique-de-la-terreur-mon-pere-se-planque-parce-quun-milliardaire-veut-se-debarrasser-de-nous-20250614_T5BL5HU2KNARXKLNK24BQTP3KU\/\">des milliers de soldats interviennent dans les rues de Los Angeles<\/a>, de l\u2019autre c\u00f4t\u00e9 des Etats-Unis, Washington va \u00eatre le th\u00e9\u00e2tre d\u2019une rare parade militaire dans la nuit de samedi 14 \u00e0 dimanche 15 juin. Le d\u00e9fil\u00e9 est cens\u00e9 comm\u00e9morer les 250 ans de l\u2019arm\u00e9e de terre am\u00e9ricaine, mais tombe aussi le jour de l\u2019anniversaire de Donald Trump.<\/p>\n<p class=\"sc-ksZaOG ehjQrN text-element\">La capitale \u00e9tasunienne se met sur pause pour l\u2019occasion et des centaines de milliers de spectateurs sont attendus, alors que les contestations montent contre la politique du pr\u00e9sident r\u00e9publicain. Lib\u00e9 fait le point sur cet \u00e9v\u00e9nement qui pourrait cristalliser les tensions outre-Atlantique.<\/p>\n<p class=\"sc-ksZaOG ehjQrN text-element\">A Washington, sous la vigie de son ob\u00e9lisque, c\u2019est le long de monuments embl\u00e9matiques, du Lincoln Memorial \u00e0 la Maison Blanche, que d\u00e9fileront \u00e0 partir de 18 h 30 (00 h 30 \u00e0 Paris) pr\u00e8s de 7 000 soldats, certains \u00e0 cheval, beaucoup en uniformes de diff\u00e9rentes guerres, et quelque 150 v\u00e9hicules militaires, survol\u00e9s par une cinquantaine d\u2019avions. Des parachutistes doivent, eux, remettre un drapeau am\u00e9ricain \u00e0 Donald Trump, le commandant en chef de l\u2019arm\u00e9e am\u00e9ricaine.<\/p>\n<p class=\"sc-ksZaOG ehjQrN text-element\">Le ciel, annonc\u00e9 orageux, risque toutefois de venir jouer les trouble-f\u00eates. Sans \u00e9carter de potentiels changements en cas de violentes intemp\u00e9ries, \u00abune c\u00e9l\u00e9bration historique de nos militaires aura lieu en tout cas\u00bb, assure la Maison Blanche.<\/p>\n<p class=\"sc-ksZaOG ehjQrN text-element\">Cela faisait plus de trente ans que la capitale des Etats-Unis n\u2019avait pas accueilli un d\u00e9fil\u00e9 militaire d\u2019envergure. Le dernier remonte \u00e0 1991, \u00e0 la fin de la guerre du Golfe. A l\u2019\u00e9poque, 8 000 soldats ayant particip\u00e9 \u00e0 <a href=\"https:\/\/www.liberation.fr\/cahier-special\/2003\/03\/17\/episode-i-une-guerre-pour-rien_458767\/\" target=\"_blank\" rel=\"noreferrer nofollow noopener\" title=\"https:\/\/www.liberation.fr\/cahier-special\/2003\/03\/17\/episode-i-une-guerre-pour-rien_458767\/\">l\u2019op\u00e9ration \u00abTemp\u00eate du d\u00e9sert\u00bb<\/a> &#8211; les op\u00e9rations militaires contre l\u2019Irak entre janvier et f\u00e9vrier 1991 &#8211; avaient march\u00e9 dans les rues de la capitale am\u00e9ricaine. Environ 200 000 spectateurs s\u2019\u00e9taient mass\u00e9s pour les voir.<\/p>\n<p class=\"sc-ksZaOG ehjQrN text-element\">C\u2019est le d\u00e9fil\u00e9 parisien du <a href=\"https:\/\/www.liberation.fr\/france\/2017\/07\/14\/pourquoi-les-militaires-defilent-ils-le-14-juillet_1583675\/\" target=\"_blank\" rel=\"noreferrer nofollow noopener\" title=\"https:\/\/www.liberation.fr\/france\/2017\/07\/14\/pourquoi-les-militaires-defilent-ils-le-14-juillet_1583675\/\">14 juillet<\/a> sur les Champs-Elys\u00e9es, <a href=\"https:\/\/www.liberation.fr\/france\/2017\/07\/12\/trump-un-americain-a-paris-pour-le-show-du-14-juillet_1583490\/\" target=\"_blank\" rel=\"noreferrer nofollow noopener\" title=\"https:\/\/www.liberation.fr\/france\/2017\/07\/12\/trump-un-americain-a-paris-pour-le-show-du-14-juillet_1583490\/\">auquel il avait assist\u00e9 en 2017, qui a inspir\u00e9 Donald Trump<\/a>. \u00abC\u2019\u00e9tait de la puissance militaire et une chose formidable, je pense, pour la France\u00bb, estimait alors le magnat. \u00abNous allons devoir essayer de faire mieux.\u00bb Son projet ne s\u2019\u00e9tait toutefois pas concr\u00e9tis\u00e9 lors de son premier mandat, notamment en raison des co\u00fbts exorbitants en jeu. Celui de samedi est estim\u00e9 \u00e0 45 millions de dollars maximum (soit 39 millions d\u2019euros) par l\u2019arm\u00e9e am\u00e9ricaine. \u00abDes clopinettes par rapport \u00e0 la valeur\u00bb d\u2019un tel \u00e9v\u00e9nement, l\u00e2chait le pr\u00e9sident milliardaire sur la cha\u00eene NBC en mai.<\/p>\n<p class=\"sc-ksZaOG ehjQrN text-element\">Pas g\u00ean\u00e9 par les interrogations sur la concomitance de cette parade avec son anniversaire, le 14 juin, Donald Trump se d\u00e9lecte d\u2019avance de cette d\u00e9monstration de force et de faste comme il les aime. \u00abOn va cr\u00e2ner un petit peu\u00bb, jubilait-il mardi, alors qu\u2019il d\u00e9blat\u00e9rait d\u00e9j\u00e0 il y a quelques semaines sur le sujet : \u00abOn a les meilleurs missiles du monde. Les meilleurs sous-marins du monde. Les meilleurs chars du monde. Le meilleur armement du monde. Et on va le c\u00e9l\u00e9brer.\u00bb<\/p>\n<p class=\"sc-ksZaOG ehjQrN text-element\">En parall\u00e8le, va se tenir la mobilisation nationale \u00abNo Kings\u00bb contre \u00abl\u2019autoritarisme\u00bb et \u00abla militarisation de la d\u00e9mocratie\u00bb am\u00e9ricaine, qui ambitionne d\u2019\u00eatre la plus importante depuis le retour au pouvoir de Donald Trump. Pr\u00e8s de 2 000 rassemblements sont identifi\u00e9s \u00e0 travers tous les Etats-Unis, de Los Angeles \u00e0 New York, en passant par Chicago.<\/p>\n<p class=\"sc-ksZaOG ehjQrN text-element\">\u00abS\u2019il y a des manifestations, il y sera r\u00e9pondu avec une tr\u00e8s grande force\u00bb, a mis en garde Donald Trump mardi, avant d\u2019\u00eatre nuanc\u00e9 par la Maison Blanche : \u00abLe pr\u00e9sident est bien s\u00fbr favorable aux manifestations pacifiques.\u00bb<\/p>\n<p class=\"sc-ksZaOG ehjQrN text-element\">Le pr\u00e9sident r\u00e9publicain a <a href=\"https:\/\/www.liberation.fr\/international\/amerique\/le-fantasme-fou-dun-president-dictatorial-donald-trump-trump-deploie-a-los-angeles-des-milliers-de-soldats-face-aux-manifestations-20250610_5AFO5CBUJVBA7CZIJ2RFEMTZRQ\/\" target=\"_blank\" rel=\"noreferrer nofollow noopener\" title=\"https:\/\/www.liberation.fr\/international\/amerique\/le-fantasme-fou-dun-president-dictatorial-donald-trump-trump-deploie-a-los-angeles-des-milliers-de-soldats-face-aux-manifestations-20250610_5AFO5CBUJVBA7CZIJ2RFEMTZRQ\/\">d\u00e9ploy\u00e9 \u00e0 Los Angeles<\/a>, sans concertation avec les autorit\u00e9s locales, pr\u00e8s de 5 000 militaires, r\u00e9servistes de la Garde nationale et m\u00eame Marines. Sa mani\u00e8re de r\u00e9pondre aux manifestations contre les <a href=\"https:\/\/www.liberation.fr\/international\/amerique\/aux-etats-unis-la-police-traque-les-migrants-jusque-dans-les-tribunaux-20250613_PQRIHVOGDRGHPHJQNG2IRV2TRY\/\" target=\"_blank\" rel=\"noreferrer nofollow noopener\" title=\"https:\/\/www.liberation.fr\/international\/amerique\/aux-etats-unis-la-police-traque-les-migrants-jusque-dans-les-tribunaux-20250613_PQRIHVOGDRGHPHJQNG2IRV2TRY\/\">arrestations brutales d\u2019immigr\u00e9s<\/a> qui ont \u00e9clat\u00e9 ces derniers jours dans la deuxi\u00e8me plus grande ville des Etats-Unis, un mouvement ponctu\u00e9 de heurts sporadiques, parfois violents. <a href=\"https:\/\/www.liberation.fr\/international\/amerique\/tensions-a-los-angeles-la-californie-attaque-en-justice-le-deploiement-des-soldats-donald-trump-persiste-et-signe-20250610_USCVDFRSSRAKJFXIPQS33YGYSQ\/\" target=\"_blank\" rel=\"noreferrer nofollow noopener\" title=\"https:\/\/www.liberation.fr\/international\/amerique\/tensions-a-los-angeles-la-californie-attaque-en-justice-le-deploiement-des-soldats-donald-trump-persiste-et-signe-20250610_USCVDFRSSRAKJFXIPQS33YGYSQ\/\">La Californie a attaqu\u00e9 en justice ce d\u00e9ploiement<\/a>.<\/p>\n<p class=\"sc-ksZaOG ehjQrN text-element\">En premi\u00e8re ligne de ceux qui s\u2019insurgent contre cet envoi extr\u00eamement rare de soldats, le gouverneur d\u00e9mocrate de Californie, Gavin Newsom, y voit \u00able fantasme fou d\u2019un pr\u00e9sident dictatorial\u00bb. A Washington ce samedi, \u00abil va forcer nos h\u00e9ros \u00e0 participer \u00e0 un spectacle vulgaire pour c\u00e9l\u00e9brer son anniversaire, comme d\u2019autres dictateurs d\u00e9chus l\u2019ont fait par le pass\u00e9\u00bb.<\/p>\n","protected":false},"excerpt":{"rendered":"Au moment o\u00f9 des milliers de soldats interviennent dans les rues de Los Angeles, de l\u2019autre c\u00f4t\u00e9 des&hellip;\n","protected":false},"author":2,"featured_media":175860,"comment_status":"","ping_status":"","sticky":false,"template":"","format":"standard","meta":{"footnotes":""},"categories":[5],"tags":[11,75,73,1011,27,14,12,28],"class_list":{"0":"post-175859","1":"post","2":"type-post","3":"status-publish","4":"format-standard","5":"has-post-thumbnail","7":"category-international","8":"tag-actualites","9":"tag-donald-trump","10":"tag-etats-unis","11":"tag-fr","12":"tag-france","13":"tag-international","14":"tag-news","15":"tag-world"},"share_on_mastodon":{"url":"https:\/\/pubeurope.com\/@fr\/114681659012344973","error":""},"_links":{"self":[{"href":"https:\/\/www.europesays.com\/fr\/wp-json\/wp\/v2\/posts\/175859","targetHints":{"allow":["GET"]}}],"collection":[{"href":"https:\/\/www.europesays.com\/fr\/wp-json\/wp\/v2\/posts"}],"about":[{"href":"https:\/\/www.europesays.com\/fr\/wp-json\/wp\/v2\/types\/post"}],"author":[{"embeddable":true,"href":"https:\/\/www.europesays.com\/fr\/wp-json\/wp\/v2\/users\/2"}],"replies":[{"embeddable":true,"href":"https:\/\/www.europesays.com\/fr\/wp-json\/wp\/v2\/comments?post=175859"}],"version-history":[{"count":0,"href":"https:\/\/www.europesays.com\/fr\/wp-json\/wp\/v2\/posts\/175859\/revisions"}],"wp:featuredmedia":[{"embeddable":true,"href":"https:\/\/www.europesays.com\/fr\/wp-json\/wp\/v2\/media\/175860"}],"wp:attachment":[{"href":"https:\/\/www.europesays.com\/fr\/wp-json\/wp\/v2\/media?parent=175859"}],"wp:term":[{"taxonomy":"category","embeddable":true,"href":"https:\/\/www.europesays.com\/fr\/wp-json\/wp\/v2\/categories?post=175859"},{"taxonomy":"post_tag","embeddable":true,"href":"https:\/\/www.europesays.com\/fr\/wp-json\/wp\/v2\/tags?post=175859"}],"curies":[{"name":"wp","href":"https:\/\/api.w.org\/{rel}","templated":true}]}}