{"id":175864,"date":"2025-06-14T12:15:16","date_gmt":"2025-06-14T12:15:16","guid":{"rendered":"https:\/\/www.europesays.com\/fr\/175864\/"},"modified":"2025-06-14T12:15:16","modified_gmt":"2025-06-14T12:15:16","slug":"voiture-belier-contre-tabac-presse-un-suspect-arrete-apres-une-folle-course-poursuite","status":"publish","type":"post","link":"https:\/\/www.europesays.com\/fr\/175864\/","title":{"rendered":"VOITURE B\u00c9LIER CONTRE TABAC-PRESSE : UN SUSPECT ARR\u00caT\u00c9 APR\u00c8S UNE FOLLE COURSE-POURSUITE"},"content":{"rendered":"<p>Les malfaiteurs ont utilis\u00e9 une m\u00e9thode spectaculaire pour s\u2019introduire dans l\u2019\u00e9tablissement commercial.<\/p>\n<p>Un mode op\u00e9ratoire impressionnant<\/p>\n<p>Vers 2h30 du matin, plusieurs individus cagoul\u00e9s et arm\u00e9s de barres de fer ont percut\u00e9 la devanture du commerce situ\u00e9 rue Joseph Souteyrat avec une Renault M\u00e9gane utilis\u00e9e comme b\u00e9lier. Malgr\u00e9 le d\u00e9clenchement de l\u2019alarme et des fumig\u00e8nes anti-intrusion, les cambrioleurs ont r\u00e9ussi \u00e0 p\u00e9n\u00e9trer dans le magasin pour d\u00e9rober cigarettes et produits du tabac.<\/p>\n<p>Pour entraver l\u2019intervention des forces de l\u2019ordre, les criminels ont ensuite incendi\u00e9 le v\u00e9hicule-b\u00e9lier sur le rond-point proche du commerce avant de prendre la fuite \u00e0 bord de deux Audi haut de gamme, une SQ5 et une RS6.<\/p>\n<p>Une intervention polici\u00e8re efficace<\/p>\n<p>Alert\u00e9s par un appel au 17, les \u00e9quipages de la circonscription de l\u2019Ondaine et de la Brigade anticriminalit\u00e9 (BAC) sont rapidement intervenus sur les lieux. Si l\u2019une des Audi a \u00e9chapp\u00e9 aux poursuites, la seconde a \u00e9t\u00e9 prise en chasse sur la RN 88.<\/p>\n<p>La course-poursuite s\u2019est termin\u00e9e apr\u00e8s la sortie Terrenoire lorsque le conducteur a perdu le contr\u00f4le de son v\u00e9hicule et percut\u00e9 une glissi\u00e8re de s\u00e9curit\u00e9. Les deux occupants ont tent\u00e9 de s\u2019\u00e9chapper \u00e0 pied dans des directions oppos\u00e9es, mais l\u2019un d\u2019eux, \u00e2g\u00e9 de 39 ans et originaire de l\u2019Is\u00e8re, a finalement \u00e9t\u00e9 interpell\u00e9.<\/p>\n<p>Un suspect aux ant\u00e9c\u00e9dents lourds<\/p>\n<p>Selon Yves Cellier, directeur interd\u00e9partemental de la police nationale, l\u2019homme arr\u00eat\u00e9 est \u00ab\u00a0tr\u00e8s d\u00e9favorablement connu des services de police et consid\u00e9r\u00e9 comme potentiellement dangereux\u00a0\u00bb. Plac\u00e9 en garde \u00e0 vue dans les locaux de l\u2019H\u00f4tel de police de Saint-\u00c9tienne, il a \u00e9t\u00e9 auditionn\u00e9 par les enqu\u00eateurs de la Division de la criminalit\u00e9 territoriale. Le parquet de Saint-\u00c9tienne a ordonn\u00e9 son d\u00e9ferrement en vue de l\u2019ouverture d\u2019une information judiciaire.<\/p>\n<p>L\u2019impact sur la commer\u00e7ante et la commune<\/p>\n<p>Sylvie Rougemont, propri\u00e9taire du tabac-presse, a v\u00e9cu une journ\u00e9e particuli\u00e8rement \u00e9prouvante. Pr\u00e9venue par SMS par un habitant du quartier, elle a d\u00e9couvert les d\u00e9g\u00e2ts au petit matin. Malgr\u00e9 les circonstances, elle a maintenu l\u2019ouverture de son commerce le vendredi, jour traditionnellement important pour les buralistes.<\/p>\n<p>Entre les d\u00e9marches d\u2019assurance, l\u2019inventaire des stocks vol\u00e9s et les r\u00e9parations urgentes, la commer\u00e7ante a d\u00fb faire face \u00e0 de multiples contraintes. L\u2019\u00e9tablissement restera ferm\u00e9 ce week-end pour permettre la finalisation des travaux avant une r\u00e9ouverture pr\u00e9vue lundi matin.<\/p>\n<p>La r\u00e9action des autorit\u00e9s locales<\/p>\n<p>Christiane Barailler, maire de Fraisses, a exprim\u00e9 sa solidarit\u00e9 envers les victimes de ce \u00ab\u00a0odieux cambriolage\u00a0\u00bb. La municipalit\u00e9 a imm\u00e9diatement collabor\u00e9 avec les enqu\u00eateurs en mettant \u00e0 disposition les images de vid\u00e9osurveillance.<\/p>\n<p>L\u2019\u00e9dile s\u2019interroge n\u00e9anmoins sur les motivations des malfaiteurs : pourquoi cibler un commerce au c\u0153ur d\u2019une petite commune g\u00e9n\u00e9ralement paisible ? Elle esp\u00e8re que d\u2019autres arrestations suivront et que les responsables seront jug\u00e9s avec la s\u00e9v\u00e9rit\u00e9 que m\u00e9rite leur acte.<\/p>\n","protected":false},"excerpt":{"rendered":"Les malfaiteurs ont utilis\u00e9 une m\u00e9thode spectaculaire pour s\u2019introduire dans l\u2019\u00e9tablissement commercial. Un mode op\u00e9ratoire impressionnant Vers 2h30&hellip;\n","protected":false},"author":2,"featured_media":175865,"comment_status":"","ping_status":"","sticky":false,"template":"","format":"standard","meta":{"footnotes":""},"categories":[9653],"tags":[1111,11,2430,1777,674,118,1011,31140,27,3367,7357,12,25,9838,9669,4001],"class_list":{"0":"post-175864","1":"post","2":"type-post","3":"status-publish","4":"format-standard","5":"has-post-thumbnail","7":"category-saint-etienne","8":"tag-actu","9":"tag-actualites","10":"tag-auvergne-rhone-alpes","11":"tag-eu","12":"tag-europe","13":"tag-faits-divers","14":"tag-fr","15":"tag-fraisse","16":"tag-france","17":"tag-loire","18":"tag-montbrison","19":"tag-news","20":"tag-republique-francaise","21":"tag-roanne","22":"tag-saint-chamond","23":"tag-saint-etienne"},"share_on_mastodon":{"url":"https:\/\/pubeurope.com\/@fr\/114681670764664365","error":""},"_links":{"self":[{"href":"https:\/\/www.europesays.com\/fr\/wp-json\/wp\/v2\/posts\/175864","targetHints":{"allow":["GET"]}}],"collection":[{"href":"https:\/\/www.europesays.com\/fr\/wp-json\/wp\/v2\/posts"}],"about":[{"href":"https:\/\/www.europesays.com\/fr\/wp-json\/wp\/v2\/types\/post"}],"author":[{"embeddable":true,"href":"https:\/\/www.europesays.com\/fr\/wp-json\/wp\/v2\/users\/2"}],"replies":[{"embeddable":true,"href":"https:\/\/www.europesays.com\/fr\/wp-json\/wp\/v2\/comments?post=175864"}],"version-history":[{"count":0,"href":"https:\/\/www.europesays.com\/fr\/wp-json\/wp\/v2\/posts\/175864\/revisions"}],"wp:featuredmedia":[{"embeddable":true,"href":"https:\/\/www.europesays.com\/fr\/wp-json\/wp\/v2\/media\/175865"}],"wp:attachment":[{"href":"https:\/\/www.europesays.com\/fr\/wp-json\/wp\/v2\/media?parent=175864"}],"wp:term":[{"taxonomy":"category","embeddable":true,"href":"https:\/\/www.europesays.com\/fr\/wp-json\/wp\/v2\/categories?post=175864"},{"taxonomy":"post_tag","embeddable":true,"href":"https:\/\/www.europesays.com\/fr\/wp-json\/wp\/v2\/tags?post=175864"}],"curies":[{"name":"wp","href":"https:\/\/api.w.org\/{rel}","templated":true}]}}