{"id":175866,"date":"2025-06-14T12:16:10","date_gmt":"2025-06-14T12:16:10","guid":{"rendered":"https:\/\/www.europesays.com\/fr\/175866\/"},"modified":"2025-06-14T12:16:10","modified_gmt":"2025-06-14T12:16:10","slug":"municipales-2026-corentin-jousserand-porte-les-ambitions-du-rn-a-saint-etienne","status":"publish","type":"post","link":"https:\/\/www.europesays.com\/fr\/175866\/","title":{"rendered":"MUNICIPALES 2026 : CORENTIN JOUSSERAND PORTE LES AMBITIONS DU RN \u00c0 SAINT-\u00c9TIENNE"},"content":{"rendered":"<p>Corentin Jousserand, 28 ans et nouveau d\u00e9l\u00e9gu\u00e9 d\u00e9partemental du parti depuis mars dernier, conduira la liste d\u2019extr\u00eame droite avec l\u2019ambition de d\u00e9passer largement les r\u00e9sultats d\u00e9cevants du pr\u00e9c\u00e9dent scrutin.<\/p>\n<p>Un profil atypique pour une ambition in\u00e9dite<\/p>\n<p>Originaire de Saint-Bonnet-le-Ch\u00e2teau mais ayant grandi \u00e0 Sorbiers, Corentin Jousserand incarne une nouvelle g\u00e9n\u00e9ration de cadres du RN. Ce jeune responsable politique, qui partage sa vie entre Paris et Saint-\u00c9tienne depuis janvier dernier, pr\u00e9sente un parcours acad\u00e9mique prestigieux : Sciences Po Lyon, HEC et l\u2019ENA figurent \u00e0 son curriculum vitae.<\/p>\n<p>Actuellement conseiller du RN \u00e0 l\u2019Assembl\u00e9e nationale, il se sp\u00e9cialise dans les questions \u00e9conomiques. Son exp\u00e9rience professionnelle inclut notamment un passage \u00e0 la pr\u00e9fecture de la Loire pendant la p\u00e9riode de crise sanitaire du Covid-19, un \u00e9l\u00e9ment qu\u2019il met en avant pour l\u00e9gitimer sa candidature municipale dans la capitale lig\u00e9rienne.<\/p>\n<p>L\u2019effacement du fiasco de 2020<\/p>\n<p>La candidature de Corentin Jousserand s\u2019inscrit dans une strat\u00e9gie de renouvellement apr\u00e8s l\u2019\u00e9chec cuisant de 2020. Sophie Robert, alors t\u00eate de liste RN, n\u2019avait recueilli que moins de 10% des suffrages et n\u2019\u00e9tait m\u00eame pas parvenue au second tour des \u00e9lections municipales. Un r\u00e9sultat particuli\u00e8rement d\u00e9cevant pour un parti qui aspirait \u00e0 s\u2019implanter durablement dans les grandes villes fran\u00e7aises.<\/p>\n<p>Le nouveau candidat table sur une dynamique diff\u00e9rente, s\u2019appuyant sur les r\u00e9cents succ\u00e8s \u00e9lectoraux de son parti dans la m\u00e9tropole st\u00e9phanoise. Il rappelle que Jordan Bardella est arriv\u00e9 en t\u00eate lors des \u00e9lections europ\u00e9ennes de 2024 \u00e0 Saint-\u00c9tienne, et que le RN a r\u00e9ussi \u00e0 se qualifier pour le second tour des l\u00e9gislatives dans la circonscription.<\/p>\n<p>Des ambitions historiques affich\u00e9es<\/p>\n<p>\u00ab\u00a0C\u2019est historique, pour la premi\u00e8re fois, on pense que c\u2019est possible que le RN remporte la ville\u00a0\u00bb, d\u00e9clare avec enthousiasme le jeune candidat. Cette confiance s\u2019appuie sur l\u2019\u00e9volution de l\u2019implantation de l\u2019extr\u00eame droite dans la Loire et sur les r\u00e9sultats encourageants obtenus lors des derniers scrutins nationaux.<\/p>\n<p>Corentin Jousserand mise sur une approche renouvel\u00e9e, loin des codes traditionnels de l\u2019extr\u00eame droite locale. Son profil de jeune dipl\u00f4m\u00e9 des grandes \u00e9coles, combin\u00e9 \u00e0 sa connaissance du territoire lig\u00e9rien, constitue selon lui un atout pour s\u00e9duire un \u00e9lectorat plus large que celui traditionnellement acquis au RN.<\/p>\n<p>Un enracinement territorial revendiqu\u00e9<\/p>\n<p>Bien qu\u2019il ne soit pas natif de Saint-\u00c9tienne, le candidat revendique ses attaches locales. Ancien \u00e9l\u00e8ve du lyc\u00e9e Claude Fauriel, il affirme conna\u00eetre les enjeux du territoire et les pr\u00e9occupations des habitants. Son installation r\u00e9cente dans la ville t\u00e9moigne, selon lui, d\u2019un engagement personnel dans l\u2019avenir de la m\u00e9tropole st\u00e9phanoise.<\/p>\n<p>Cette strat\u00e9gie d\u2019ancrage local vise \u00e0 contrer les critiques potentielles sur son statut de \u00ab\u00a0parachutage\u00a0\u00bb politique, un reproche souvent adress\u00e9 aux candidats qui ne sont pas originaires des territoires qu\u2019ils briguent.<\/p>\n<p>Un d\u00e9fi \u00e9lectoral consid\u00e9rable<\/p>\n<p>Malgr\u00e9 l\u2019optimisme affich\u00e9, Corentin Jousserand devra convaincre un \u00e9lectorat st\u00e9phanois traditionnellement peu acquis \u00e0 l\u2019extr\u00eame droite lors des scrutins locaux. Les municipales ob\u00e9issent \u00e0 des logiques particuli\u00e8res, o\u00f9 les enjeux de proximit\u00e9 et les personnalit\u00e9s locales p\u00e8sent souvent plus lourd que les \u00e9tiquettes politiques nationales.<\/p>\n<p>Le jeune candidat dispose de deux ann\u00e9es pour construire une \u00e9quipe, \u00e9laborer un programme adapt\u00e9 aux sp\u00e9cificit\u00e9s st\u00e9phanoises et s\u2019imposer dans le paysage politique local. Son succ\u00e8s d\u00e9pendra de sa capacit\u00e9 \u00e0 f\u00e9d\u00e9rer au-del\u00e0 de l\u2019\u00e9lectorat traditionnel du RN et \u00e0 proposer une alternative cr\u00e9dible aux \u00e9quipes sortantes.<\/p>\n","protected":false},"excerpt":{"rendered":"Corentin Jousserand, 28 ans et nouveau d\u00e9l\u00e9gu\u00e9 d\u00e9partemental du parti depuis mars dernier, conduira la liste d\u2019extr\u00eame droite&hellip;\n","protected":false},"author":2,"featured_media":175867,"comment_status":"","ping_status":"","sticky":false,"template":"","format":"standard","meta":{"footnotes":""},"categories":[9653],"tags":[1111,11,2430,31141,1777,674,1011,27,3367,3554,12,316,25,4001],"class_list":{"0":"post-175866","1":"post","2":"type-post","3":"status-publish","4":"format-standard","5":"has-post-thumbnail","7":"category-saint-etienne","8":"tag-actu","9":"tag-actualites","10":"tag-auvergne-rhone-alpes","11":"tag-corentin-jousserand","12":"tag-eu","13":"tag-europe","14":"tag-fr","15":"tag-france","16":"tag-loire","17":"tag-municipales","18":"tag-news","19":"tag-politique","20":"tag-republique-francaise","21":"tag-saint-etienne"},"share_on_mastodon":{"url":"https:\/\/pubeurope.com\/@fr\/114681674683173205","error":""},"_links":{"self":[{"href":"https:\/\/www.europesays.com\/fr\/wp-json\/wp\/v2\/posts\/175866","targetHints":{"allow":["GET"]}}],"collection":[{"href":"https:\/\/www.europesays.com\/fr\/wp-json\/wp\/v2\/posts"}],"about":[{"href":"https:\/\/www.europesays.com\/fr\/wp-json\/wp\/v2\/types\/post"}],"author":[{"embeddable":true,"href":"https:\/\/www.europesays.com\/fr\/wp-json\/wp\/v2\/users\/2"}],"replies":[{"embeddable":true,"href":"https:\/\/www.europesays.com\/fr\/wp-json\/wp\/v2\/comments?post=175866"}],"version-history":[{"count":0,"href":"https:\/\/www.europesays.com\/fr\/wp-json\/wp\/v2\/posts\/175866\/revisions"}],"wp:featuredmedia":[{"embeddable":true,"href":"https:\/\/www.europesays.com\/fr\/wp-json\/wp\/v2\/media\/175867"}],"wp:attachment":[{"href":"https:\/\/www.europesays.com\/fr\/wp-json\/wp\/v2\/media?parent=175866"}],"wp:term":[{"taxonomy":"category","embeddable":true,"href":"https:\/\/www.europesays.com\/fr\/wp-json\/wp\/v2\/categories?post=175866"},{"taxonomy":"post_tag","embeddable":true,"href":"https:\/\/www.europesays.com\/fr\/wp-json\/wp\/v2\/tags?post=175866"}],"curies":[{"name":"wp","href":"https:\/\/api.w.org\/{rel}","templated":true}]}}