{"id":175872,"date":"2025-06-14T12:20:13","date_gmt":"2025-06-14T12:20:13","guid":{"rendered":"https:\/\/www.europesays.com\/fr\/175872\/"},"modified":"2025-06-14T12:20:13","modified_gmt":"2025-06-14T12:20:13","slug":"une-premiere-au-barreau-de-toulon-un-binome-elu-futur-batonnier","status":"publish","type":"post","link":"https:\/\/www.europesays.com\/fr\/175872\/","title":{"rendered":"Une premi\u00e8re au barreau de Toulon\u00a0: un bin\u00f4me \u00e9lu futur b\u00e2tonnier"},"content":{"rendered":"<p><img loading=\"lazy\" decoding=\"async\" alt=\"\u00a9 K. Sarrazin - Olivier Avramo et Julie Archippe ont \u00e9t\u00e9 \u00e9lus en tant que futur b\u00e2tonnier du barreau de Toulon.\" data-zoom-src=\"https:\/\/www.europesays.com\/fr\/wp-content\/uploads\/2025\/06\/initial-olivier-avramo-julie-archippe-batonnier-toulon.jpg\" data-zoomable=\"\" height=\"702\" src=\"https:\/\/www.europesays.com\/fr\/wp-content\/uploads\/2025\/06\/initial-olivier-avramo-julie-archippe-batonnier-toulon.jpg\" width=\"1248\"\/>  <\/p>\n<p class=\"article-desc\">\u00a9 K. Sarrazin &#8211; Olivier Avramo et Julie Archippe ont \u00e9t\u00e9 \u00e9lus en tant que futur b\u00e2tonnier du barreau de Toulon. <\/p>\n<p>Ce n\u2019est pas la premi\u00e8re fois qu\u2019une seule candidature \u00e9tait d\u00e9pos\u00e9e pour <strong>devenir le prochain b\u00e2tonnier\u00a0du barreau de Toulon<\/strong>.\u00a0<a href=\"https:\/\/mesinfos.fr\/83000-toulon\/barreau-de-toulon-olivier-ferri-a-la-barre-en-janvier-2024-153314.html\" rel=\"noopener\" target=\"_blank\">Olivier Ferri, l\u2019actuel b\u00e2tonnier<\/a>, comme <a href=\"https:\/\/mesinfos.fr\/provence-alpes-cote-d-azur\/sophie-cais-on-est-plus-intelligent-ensemble-6560.html\" rel=\"noopener\" target=\"_blank\">Sophie Ca\u00efs, son pr\u00e9d\u00e9cesseur<\/a>, \u00e9taient les seuls \u00e0 se pr\u00e9senter pour repr\u00e9senter leurs pairs lors des \u00e9lections de 2023 et 2021. <\/p>\n<p>Toutefois, <a href=\"https:\/\/mesinfos.fr\/83000-toulon\/barreau-de-toulon-julie-archippe-et-olivier-avramo-se-presentent-au-batonnat-219251.html\" rel=\"noopener\" target=\"_blank\">c\u2019est la premi\u00e8re fois qu\u2019un duo se pr\u00e9sentait<\/a> pour ce mandat de deux ans. <strong>Me Julie Archippe et Olivier Avramo<\/strong> ont \u00e9t\u00e9 \u00e9lus, sans grand suspens, en tant que futur b\u00e2tonnier du <a href=\"https:\/\/mesinfos.fr\/tag\/barreau-de-toulon\" rel=\"noopener\" target=\"_blank\">barreau de Toulon<\/a> le 14 juin, lors de l&rsquo;assembl\u00e9e g\u00e9n\u00e9rale. <\/p>\n<p>Une belle participation pour \u00e9lire le futur b\u00e2tonnier <\/p>\n<p>S\u2019ils ne sont pas surpris par le r\u00e9sultat final, les deux avocats se disent \u00ab satisfaits de voir, pour une \u00e9lection novatrice mais sans v\u00e9ritable enjeu, une telle mobilisation, d&rsquo;autant plus un samedi matin\u00a0\u00bb de leurs confr\u00e8res. <\/p>\n<p>Sur les 519 avocats inscrits au barreau, auxquels s\u2019ajoutent les 80 honoraires, <strong>304 ont vot\u00e9. Le duo a obtenu 280 voix<\/strong>, le reste \u00e9tant des votes blancs ou nuls.<\/p>\n<blockquote>\n<p>\u00ab\u00a0Cela pose la l\u00e9gitimit\u00e9 dont nous aurons besoin\u00a0\u00bb, souligne Olivier Avramo. <\/p>\n<\/blockquote>\n<p>  Barreau de Toulon : de futurs chantiers cons\u00e9quents <\/p>\n<p>Cette mobilisation \u00ab\u00a0plus qu\u2019honorable \u00bb est \u00ab\u00a0le r\u00e9v\u00e9lateur de leur soutien dans les chantiers cons\u00e9quents que nous aurons \u00e0 mener dans les mois \u00e0 venir \u00bb, souligne encore l\u2019avocat inscrit au barreau de Toulon depuis 1997, membre du Conseil de l\u2019ordre et vice-pr\u00e9sident de la Carpa, quand\u00a0Julie Archippe en est la tr\u00e9sori\u00e8re. Inscrite depuis 2010 au barreau de Toulon, elle est membre du Conseil depuis 2024.\u00a0 <\/p>\n<p>Maintenant \u00e9lus,<strong> ils vont travailler durant six mois<\/strong> avec Olivier Ferri pour la transmission des dossiers. \u00ab\u00a0Nous allons commencer d\u00e8s \u00e0 pr\u00e9sent ! \u00bb. Les deux avocats prendront ensuite leur fonction <strong>le 1er janvier 2026<\/strong>.<\/p>\n","protected":false},"excerpt":{"rendered":"\u00a9 K. Sarrazin &#8211; Olivier Avramo et Julie Archippe ont \u00e9t\u00e9 \u00e9lus en tant que futur b\u00e2tonnier du&hellip;\n","protected":false},"author":2,"featured_media":175873,"comment_status":"","ping_status":"","sticky":false,"template":"","format":"standard","meta":{"footnotes":""},"categories":[9619],"tags":[1111,11,24172,31142,1777,674,1011,27,23764,12,23765,882,25,2310],"class_list":{"0":"post-175872","1":"post","2":"type-post","3":"status-publish","4":"format-standard","5":"has-post-thumbnail","7":"category-toulon","8":"tag-actu","9":"tag-actualites","10":"tag-barreau-de-toulon","11":"tag-bu00e2tonnier","12":"tag-eu","13":"tag-europe","14":"tag-fr","15":"tag-france","16":"tag-julie-archippe","17":"tag-news","18":"tag-olivier-avramo","19":"tag-provence-alpes-cote-dazur","20":"tag-republique-francaise","21":"tag-toulon"},"share_on_mastodon":{"url":"https:\/\/pubeurope.com\/@fr\/114681690435133664","error":""},"_links":{"self":[{"href":"https:\/\/www.europesays.com\/fr\/wp-json\/wp\/v2\/posts\/175872","targetHints":{"allow":["GET"]}}],"collection":[{"href":"https:\/\/www.europesays.com\/fr\/wp-json\/wp\/v2\/posts"}],"about":[{"href":"https:\/\/www.europesays.com\/fr\/wp-json\/wp\/v2\/types\/post"}],"author":[{"embeddable":true,"href":"https:\/\/www.europesays.com\/fr\/wp-json\/wp\/v2\/users\/2"}],"replies":[{"embeddable":true,"href":"https:\/\/www.europesays.com\/fr\/wp-json\/wp\/v2\/comments?post=175872"}],"version-history":[{"count":0,"href":"https:\/\/www.europesays.com\/fr\/wp-json\/wp\/v2\/posts\/175872\/revisions"}],"wp:featuredmedia":[{"embeddable":true,"href":"https:\/\/www.europesays.com\/fr\/wp-json\/wp\/v2\/media\/175873"}],"wp:attachment":[{"href":"https:\/\/www.europesays.com\/fr\/wp-json\/wp\/v2\/media?parent=175872"}],"wp:term":[{"taxonomy":"category","embeddable":true,"href":"https:\/\/www.europesays.com\/fr\/wp-json\/wp\/v2\/categories?post=175872"},{"taxonomy":"post_tag","embeddable":true,"href":"https:\/\/www.europesays.com\/fr\/wp-json\/wp\/v2\/tags?post=175872"}],"curies":[{"name":"wp","href":"https:\/\/api.w.org\/{rel}","templated":true}]}}