{"id":175874,"date":"2025-06-14T12:21:14","date_gmt":"2025-06-14T12:21:14","guid":{"rendered":"https:\/\/www.europesays.com\/fr\/175874\/"},"modified":"2025-06-14T12:21:14","modified_gmt":"2025-06-14T12:21:14","slug":"double-arrestation-pour-un-voleur-de-15-ans","status":"publish","type":"post","link":"https:\/\/www.europesays.com\/fr\/175874\/","title":{"rendered":"double arrestation pour un voleur de 15 ans"},"content":{"rendered":"<p>            Par<br \/>\n        <strong><br \/>\n            <a href=\"https:\/\/actu.fr\/auteur\/lea-pippinato\" title=\"Consulter tous les articles de L\u00e9a Pippinato\" target=\"_blank\" rel=\"noopener\">L\u00e9a Pippinato<\/a><br \/>\n        <\/strong><\/p>\n<p>        Publi\u00e9 le<\/p>\n<p>            13 juin 2025 \u00e0 13h36        <\/p>\n<p><strong>Ce mardi 10 juin 2025<\/strong>, \u00e0 Montpellier, la journ\u00e9e d\u2019un jeune d\u00e9linquant de 15 ans a pris un tour \u00e9tonnant. Il est environ 20h30 lorsque les policiers nationaux re\u00e7oivent un appel d\u2019un chef d\u2019entreprise. L\u2019homme, install\u00e9 avenue des Pr\u00e9s d\u2019Ar\u00e8nes, explique avoir vu un intrus dans sa soci\u00e9t\u00e9 sp\u00e9cialis\u00e9e dans les camping-cars. Une \u00e9quipe de la Bac (brigade anti-criminalit\u00e9) se rend sur place. \u00c0 leur arriv\u00e9e, les agents trouvent un adolescent \u00e0 l\u2019int\u00e9rieur d\u2019un des v\u00e9hicules. Il est occup\u00e9 \u00e0 d\u00e9monter la console centrale, \u00e9quip\u00e9e d\u2019un \u00e9cran digital. Les policiers l\u2019interpellent imm\u00e9diatement.<\/p>\n<p>    <a href=\"https:\/\/www.google.com\/maps\/embed?pb=!1m18!1m12!1m3!1d2889.70356171853!2d3.8787304764590544!3d43.59189057110501!2m3!1f0!2f0!3f0!3m2!1i1024!2i768!4f13.1!3m3!1m2!1s0x12b6afbf0eafbbb1%3A0xf0113780de1699d4!2sAv.%20des%20Pr%C3%A9s%20d%27Ar%C3%A8nes%2C%2034000%20Montpellier!5e0!3m2!1sfr!2sfr!4v1749799617372!5m2!1sfr!2sfr\" title=\"Ouvrie le lien\" target=\"_blank\" rel=\"noopener\">Cliquez ici pour visualiser le contenu<\/a><\/p>\n<p class=\" wall-content\">Lors de la fouille, les policiers d\u00e9couvrent que le mineur ne se contentait pas de ce v\u00e9hicule. Il avait d\u00e9j\u00e0 d\u00e9mont\u00e9 deux autoradios et deux consoles. Une troisi\u00e8me console, visiblement endommag\u00e9e, compl\u00e8te le tableau. Interrog\u00e9 sur ses intentions, il d\u00e9clare vouloir revendre les pi\u00e8ces dans le quartier de la Paillade. Au terme de cette interpellation, le mineur a re\u00e7u un avertissement p\u00e9nal probatoire. Il est convoqu\u00e9 \u00e0 une nouvelle audience <strong>le 3 septembre<\/strong>.<\/p>\n<p>\u2696\ufe0f Qu\u2019est-ce qu\u2019un avertissement p\u00e9nal probatoire ?<\/p>\n<p>L\u2019avertissement p\u00e9nal probatoire est une mesure judiciaire sp\u00e9cifique aux mineurs. Il sert de rappel \u00e0 la loi renforc\u00e9. Il ne constitue pas une condamnation p\u00e9nale, mais reste inscrit dans le dossier du jeune. Cette sanction est utilis\u00e9e lorsque l\u2019infraction est reconnue, mais que le procureur estime qu\u2019un passage au tribunal n\u2019est pas n\u00e9cessaire. Elle vise \u00e0 responsabiliser le mineur en lui faisant comprendre la gravit\u00e9 de ses actes, tout en lui offrant une chance d\u2019\u00e9viter un casier judiciaire s\u2019il ne r\u00e9cidive pas. En cas de nouvel \u00e9cart, la justice peut alors se montrer moins cl\u00e9mente.<\/p>\n<p>Des montres connect\u00e9es sorties de nulle part<\/p>\n<p class=\" wall-content\">Sur lui, les policiers trouvent \u00e9galement deux montres connect\u00e9es. Leur valeur avoisine les 1 000 euros chacune. Les objets ont \u00e9t\u00e9 saisis en attendant qu\u2019une plainte soit d\u00e9pos\u00e9e. Mais cette arrestation n\u2019\u00e9tait pas la premi\u00e8re de la journ\u00e9e. \u00c0 12h30, le m\u00eame adolescent avait \u00e9t\u00e9 arr\u00eat\u00e9 pour un autre vol, dans un tout autre contexte. Dans le magasin JD Sports de Montpellier, il avait r\u00e9ussi \u00e0 s\u2019introduire dans la r\u00e9serve. Il n\u2019y avait pas pris de v\u00eatements, mais avait d\u00e9rob\u00e9 le t\u00e9l\u00e9phone personnel d\u2019une vendeuse. Il avait ensuite tent\u00e9 de fuir avant d\u2019\u00eatre rattrap\u00e9 par les policiers. Le t\u00e9l\u00e9phone avait \u00e9t\u00e9 restitu\u00e9 \u00e0 sa propri\u00e9taire. Le jeune avait \u00e9t\u00e9 remis en libert\u00e9 \u00e0 16h30. Il n\u2019aura fallu que quatre heures pour qu\u2019il r\u00e9cidive dans une autre partie de la ville.<\/p>\n<p>Vid\u00e9os : en ce moment sur Actu<\/p>\n<p class=\" wall-content\">Suivez toute l\u2019actualit\u00e9 de vos villes et m\u00e9dias favoris en vous inscrivant \u00e0 <a href=\"https:\/\/moncompte.actu.fr\" title=\"D\u00e9couvez Mon Actu\" rel=\"nofollow noopener\" data-trk=\"{&quot;cta&quot;:{&quot;action&quot;:&quot;https:\\\/\\\/moncompte.actu.fr&quot;,&quot;category&quot;:&quot;mon compte&quot;,&quot;from&quot;:&quot;article footer&quot;,&quot;name&quot;:&quot;Mon actu&quot;,&quot;type&quot;:&quot;cta&quot;}}\" target=\"_blank\">Mon Actu<\/a>.<\/p>\n","protected":false},"excerpt":{"rendered":"Par L\u00e9a Pippinato Publi\u00e9 le 13 juin 2025 \u00e0 13h36 Ce mardi 10 juin 2025, \u00e0 Montpellier, la&hellip;\n","protected":false},"author":2,"featured_media":175875,"comment_status":"","ping_status":"","sticky":false,"template":"","format":"standard","meta":{"footnotes":""},"categories":[9599],"tags":[1111,11,11199,1777,674,118,1011,27,2208,12,2680,1072,25],"class_list":{"0":"post-175874","1":"post","2":"type-post","3":"status-publish","4":"format-standard","5":"has-post-thumbnail","7":"category-montpellier","8":"tag-actu","9":"tag-actualites","10":"tag-camping-car","11":"tag-eu","12":"tag-europe","13":"tag-faits-divers","14":"tag-fr","15":"tag-france","16":"tag-montpellier","17":"tag-news","18":"tag-occitanie","19":"tag-police","20":"tag-republique-francaise"},"share_on_mastodon":{"url":"https:\/\/pubeurope.com\/@fr\/114681694503744591","error":""},"_links":{"self":[{"href":"https:\/\/www.europesays.com\/fr\/wp-json\/wp\/v2\/posts\/175874","targetHints":{"allow":["GET"]}}],"collection":[{"href":"https:\/\/www.europesays.com\/fr\/wp-json\/wp\/v2\/posts"}],"about":[{"href":"https:\/\/www.europesays.com\/fr\/wp-json\/wp\/v2\/types\/post"}],"author":[{"embeddable":true,"href":"https:\/\/www.europesays.com\/fr\/wp-json\/wp\/v2\/users\/2"}],"replies":[{"embeddable":true,"href":"https:\/\/www.europesays.com\/fr\/wp-json\/wp\/v2\/comments?post=175874"}],"version-history":[{"count":0,"href":"https:\/\/www.europesays.com\/fr\/wp-json\/wp\/v2\/posts\/175874\/revisions"}],"wp:featuredmedia":[{"embeddable":true,"href":"https:\/\/www.europesays.com\/fr\/wp-json\/wp\/v2\/media\/175875"}],"wp:attachment":[{"href":"https:\/\/www.europesays.com\/fr\/wp-json\/wp\/v2\/media?parent=175874"}],"wp:term":[{"taxonomy":"category","embeddable":true,"href":"https:\/\/www.europesays.com\/fr\/wp-json\/wp\/v2\/categories?post=175874"},{"taxonomy":"post_tag","embeddable":true,"href":"https:\/\/www.europesays.com\/fr\/wp-json\/wp\/v2\/tags?post=175874"}],"curies":[{"name":"wp","href":"https:\/\/api.w.org\/{rel}","templated":true}]}}