{"id":175878,"date":"2025-06-14T12:23:10","date_gmt":"2025-06-14T12:23:10","guid":{"rendered":"https:\/\/www.europesays.com\/fr\/175878\/"},"modified":"2025-06-14T12:23:10","modified_gmt":"2025-06-14T12:23:10","slug":"deux-semaines-de-pur-theatre-a-ciel-ouvert","status":"publish","type":"post","link":"https:\/\/www.europesays.com\/fr\/175878\/","title":{"rendered":"deux semaines de pur th\u00e9\u00e2tre \u00e0 ciel ouvert"},"content":{"rendered":"<p>            Par<br \/>\n        <strong><br \/>\n            <a href=\"https:\/\/actu.fr\/auteur\/jessie-leclerc\" title=\"Consulter tous les articles de Jessie Leclerc\" rel=\"nofollow noopener\" target=\"_blank\">Jessie Leclerc<\/a><br \/>\n        <\/strong><\/p>\n<p>        Publi\u00e9 le<\/p>\n<p>            14 juin 2025 \u00e0 13h22        <\/p>\n<p>Le festival <strong>Commedia Dell\u2019arte fait son retour<\/strong>, en plein air, dans le secteur <a href=\"https:\/\/actu.fr\/normandie\/rouen_76540\" rel=\"nofollow noopener\" target=\"_blank\">de Rouen (Seine-Maritime)<\/a> <strong>du 23\u00a0juin au 5\u00a0juillet 2025<\/strong>, avec un th\u00e9\u00e2tre haut en couleur, en masques et en \u00e9motions. Au programme\u2009: chant, danse, humour, romance, acrobaties\u2026 Un univers populaire et original. On vous explique.<\/p>\n<p>Cinq lieux, cinq ambiances<\/p>\n<p class=\" wall-content\">Pour la 8e \u00e9dition de <a href=\"https:\/\/actu.fr\/normandie\/rouen_76540\/a-rouen-le-festival-roulez-jeunesses-est-organise-tout-le-mois-de-juin-2025_62749826.html\" rel=\"nofollow noopener\" target=\"_blank\">ce dr\u00f4le de festival<\/a>,<strong> entre 70 et 80 artistes<\/strong> se produiront dans huit spectacles originaux, jou\u00e9s en plein air, sur tr\u00e9teau en bois, dans la pure tradition italienne. Port\u00e9 par la DL Compagnie et le th\u00e9\u00e2tre de l\u2019Almendra, cet \u00e9v\u00e9nement se veut, avant tout, populaire.<\/p>\n<p class=\" wall-content\"><strong>Huit sites diff\u00e9rents<\/strong> participeront \u00e0 la f\u00eate, si la m\u00e9t\u00e9o le permet\u2009: l\u2019Auberge de jeunesse de Rouen, le mus\u00e9e de la c\u00e9ramique de Rouen, la Rue Poixblanc de Bois-Guillaume, le gymnase Batum de Malaunay, la salle des f\u00eates <a href=\"https:\/\/actu.fr\/normandie\/le-mesnil-esnard_76429\/pres-de-rouen-cette-maman-de-deux-enfants-propose-des-coffrets-pour-decompresser_62720469.html\" rel=\"nofollow noopener\" target=\"_blank\">du Mesnil-Esnard<\/a>, le Parc de Cl\u00e8res, le th\u00e9\u00e2tre romain de Lillebonne ou encore la place C\u00e9saire Levillain des Essarts. 100 \u00e0 150\u00a0spectateurs sont attendus par site.<\/p>\n<p>Un programme riche en \u00e9motions<\/p>\n<p class=\" wall-content\">Certaines compagnies font de nombreux kilom\u00e8tres pour jouer sur les sc\u00e8nes du festival\u2009: la Dr\u00f4me, Lyon, Versailles\u2026 et m\u00eame d\u2019Italie\u2009! Et \u00e0 travers les quiproquos, les histoires d\u2019amour et les rires, tout le monde y trouve son compte.<\/p>\n<blockquote class=\"ac-article-quote wall-content\">\n<p>C&rsquo;est vraiment un \u00e9v\u00e9nement populaire, qui peut toucher tout le monde, de 6 \u00e0 99 ans et m\u00eame plus ! C&rsquo;est une parenth\u00e8se de bonheur qui s&rsquo;ouvre \u00e0 toutes les couches sociales.<\/p>\n<p>    <strong>Christine Lacombe<\/strong><br \/>\n        Directrice de la DL Compagnie &amp; du th\u00e9\u00e2tre de l&rsquo;Almendra    <\/p><\/blockquote>\n<p class=\" wall-content\">Chacun de ces spectacles cherche \u00e0 donner le sourire aux spectateurs. \u00ab\u2009Le monde est assez lugubre en ce moment. L\u00e0, les histoires finissent toujours bien, c\u2019est que du positif et on en a tous besoin\u2009\u00bb, confie Christine Lacome.<\/p>\n<p>Vid\u00e9os : en ce moment sur Actu<strong>Lundi 23\u00a0juin \u00e0 20h \u2013 La Commedia des Caract\u00e8res<\/strong><\/p>\n<p class=\" wall-content\">Un d\u00e9fil\u00e9 tout en humour, combats d\u2019escrime, masques et po\u00e9sie pour d\u00e9couvrir les personnages mythiques de la Commedia Dell\u2019Arte\u2009: Arlequin, Pantalone, Colombine\u2026<\/p>\n<p><strong>Tarifs\u2009:<\/strong> 10\u00a0euros pour les adultes, 8\u00a0euros pour les enfants et gratuit pour les moins de 6\u00a0ans. Auberge de Jeunesse de Rouen. (Dur\u00e9e 1h30)<\/p>\n<p>Mardi 24\u00a0juin \u00e0 20h \u2013 Faux Magnifico<\/p>\n<p class=\" wall-content\">Mariage, complot, satire et jeux de dupes\u2026 Que se cache-t-il sous le masque de Magnifico\u2009?<\/p>\n<p><strong>Tarifs\u2009:<\/strong> 10\u00a0euros pour les adultes, 8\u00a0euros pour les enfants et gratuit pour les moins de 6\u00a0ans. Au mus\u00e9e de la c\u00e9ramique de Rouen. (Dur\u00e9e 1h45)<\/p>\n<p>Mercredi 25\u00a0juin \u00e0 20h \u2013 Maure \u00e0 Venise<\/p>\n<p class=\" wall-content\">Une relecture quelque peu d\u00e9brid\u00e9e, avec humour, du Marchand de Venise de Shakespeare. D\u2019un c\u00f4t\u00e9, un p\u00eacheur est en qu\u00eate de fortune, de l\u2019autre, un usurier cherche \u00e0 s\u00e9duire une noble v\u00e9nitienne. Leurs serviteurs tenteront de les aider, pour le meilleur comme pour le pire.<\/p>\n<p><strong>Tarifs\u2009:<\/strong> 10\u00a0euros pour les adultes, 8\u00a0euros pour les enfants et gratuit pour les moins de 6\u00a0ans. 12 rue Poixblanc, Bois-Guillaume. (Dur\u00e9e 1h30)<\/p>\n<p>Jeudi 26\u00a0juin \u00e0 20h \u2013 Le Mariage de Figaro<\/p>\n<p class=\" wall-content\">Une sacr\u00e9e course contre la monte pour sauver un mariage et, au passage, se moquer du pouvoir.<\/p>\n<p><strong>Tarif unique<\/strong> \u00e0 5\u00a0euros. Au gymnase Nicolas Batum de Malaunay. (Dur\u00e9e 1h45)<\/p>\n<p>Vendredi 27\u00a0juin \u00e0 20h \u2013 Les Amants de V\u00e9rone et les deux billets<\/p>\n<p class=\" wall-content\">C\u2019est un spectacle in\u00e9dit, une production de la DL compagnie et du th\u00e9\u00e2tre de l\u2019Almendra. Des combats d\u2019\u00e9p\u00e9e, des masques, des costumes et surtout, de l\u2019amour et de la jalousie, le tout, \u00e0 travers la danse, l\u2019humour et le chant.<\/p>\n<p><strong>Tarifs\u2009:<\/strong> 7\u00a0euros pour les adultes, 3,50 pour les enfants et gratuit pour les moins de 6\u00a0ans. Au th\u00e9\u00e2tre romain de Lillebonne. (Dur\u00e9e 1h30)<\/p>\n<p>    <img   decoding=\"async\" loading=\"lazy\" src=\"https:\/\/www.europesays.com\/fr\/wp-content\/uploads\/2025\/06\/les-amants-de-verone-6-960x640.jpg\" alt=\"En tout, huit spectacles sont pr\u00e9vus.\" width=\"960\" height=\"640\"\/><br \/>\n    En tout, huit spectacles sont pr\u00e9vus. (\u00a9Document transmis\/L\u2019Almendra &amp; Compagnie)Mercredi 2\u00a0juillet \u00e0 20h \u2013 Les Fourberies de Scapin<\/p>\n<p class=\" wall-content\">Ici, Moli\u00e8re, lui-m\u00eame tr\u00e8s inspir\u00e9 de l\u2019Italie dans ses \u0153uvres, est revisit\u00e9. C\u2019est une histoire de famille, de mariage, de stratag\u00e8mes\u2026 Sauf que dans cette interpr\u00e9tation, les p\u00e8res deviennent des m\u00e8res, pour une pi\u00e8ce originale, avec une touche actuelle.<\/p>\n<p><strong>Tarifs\u2009:<\/strong> 10\u00a0euros pour les adultes, 8\u00a0euros pour les enfants et gratuit pour les moins de 6\u00a0ans. Salle des f\u00eates du Mesnil-Esnard. (Dur\u00e9e 1h15)<\/p>\n<p>Vendredi 4\u00a0juillet \u00e0 20h \u2013 Le Songe d\u2019une nuit d\u2019\u00e9t\u00e9<\/p>\n<p class=\" wall-content\">Tir\u00e9 de l\u2019histoire \u00e9crite par Shakespeare, ce spectacle est le r\u00e9cit du mariage de Th\u00e9s\u00e9e et Hippolyte, o\u00f9 s\u2019encha\u00eenent de multiples p\u00e9rip\u00e9ties entre amour, combats d\u2019\u00e9p\u00e9e, humour et acrobaties.<\/p>\n<p><strong>Tarif unique<\/strong> de 5\u00a0euros. Au parc de Cl\u00e8res. (Dur\u00e9e 1h45)<\/p>\n<p>Samedi 5\u00a0juillet \u00e0 19h \u2013 La Ridiculosa Commedia<\/p>\n<p class=\" wall-content\">Une troupe venue tout droit <a href=\"https:\/\/actu.fr\/normandie\/rouen_76540\/cette-enseigne-bien-connue-a-rouen-a-desormais-son-supermarche-de-saveurs-italiennes_62541877.html\" rel=\"nofollow noopener\" target=\"_blank\">d\u2019Italie<\/a>, acclam\u00e9e \u00e0 l\u2019international, joue un spectacle dynamique et aborde de nombreux sujets tels que le pouvoir, l\u2019immobilier, l\u2019environnement et le social.<\/p>\n<p><strong>Entr\u00e9e libre<\/strong>. Sur la place C\u00e9saire Levillain, aux Essarts. (Dur\u00e9e 1h15)<\/p>\n<p>Petit point historique : C&rsquo;est quoi la Commedia Dell&rsquo;Arte ?<\/p>\n<p>N\u00e9e \u00e0 Padoue, au nord de l&rsquo;Italie, au XVIe si\u00e8cle, la Commedia Dell&rsquo;Arte est un th\u00e9\u00e2tre populaire, critique et exub\u00e9rant. Longtemps censur\u00e9e par l&rsquo;Eglise, banni par Napol\u00e9on, elle a disparu pendant deux si\u00e8cles avant de rena\u00eetre avec passion, jusqu&rsquo;\u00e0 Rouen ! Particularit\u00e9 : les acteurs portent presque syst\u00e9matiquement des masques.<\/p>\n<p>\u00ab\u2009Un art particulier\u2009\u00bb<\/p>\n<p class=\" wall-content\">Avec ce festival, le th\u00e9\u00e2tre de l\u2019Almendra cherche \u00e0 remettre au go\u00fbt du jour la Commedia Dell\u2019Arte. Il est aujourd\u2019hui le seul centre de formation pour cette pratique de Normandie. Et ce n\u2019est pas une mince affaire.<\/p>\n<p class=\" wall-content\">\u00ab\u2009La Commedia Dell\u2019Arte <a href=\"https:\/\/actu.fr\/normandie\/rouen_76540\/nouveau-dans-le-quartier-des-antiquaires-a-rouen-un-atelier-boutique-de-sculptures-et-d-artisanat-d-art_62720988.html\" rel=\"nofollow noopener\" target=\"_blank\">un art particulier<\/a> parce qu\u2019au-del\u00e0 du th\u00e9\u00e2tre, c\u2019est aussi de la danse, du chant, des acrobaties, du maniement des armes\u2026 <strong>Les com\u00e9diens doivent avoir plusieurs cordes \u00e0 leur arc<\/strong>\u2009\u00bb, tient \u00e0 pr\u00e9ciser Christine Lacombe.<\/p>\n<p><strong>Infos pratiques\u2009:<\/strong><br \/>\nTarifs\u2009: \u00e0 partir de 5\u00a0euros.<br \/><a href=\"https:\/\/www.visiterouen.com\/offres\/festival-commedia-dellarte-rouen-fr-5680141\/\" rel=\"nofollow noopener\" target=\"_blank\">R\u00e9servation ici<\/a> ou contact \u00e0 Christine Lacombe au 06\u200910\u200969\u200942\u200930 ou par mail \u00e0 <a href=\"https:\/\/actu.fr\/cdn-cgi\/l\/email-protection\" class=\"__cf_email__\" data-cfemail=\"72111a001b01061b1c175c1e13111d1f1017321a1d061f131b1e5c1400\" rel=\"nofollow noopener\" target=\"_blank\">[email\u00a0protected]<\/a>Suivez l\u2019actualit\u00e9 de Rouen <a href=\"https:\/\/www.whatsapp.com\/channel\/0029VaKfnf99hXF2ddApFB1D\" rel=\"nofollow noopener\" target=\"_blank\">sur notre cha\u00eene WhatsApp<\/a> et <a href=\"https:\/\/www.tiktok.com\/@76actu.fr?lang=fr\" rel=\"nofollow noopener\" target=\"_blank\">sur notre compte TikTok<\/a><\/p>\n<p class=\" wall-content\">Suivez toute l\u2019actualit\u00e9 de vos villes et m\u00e9dias favoris en vous inscrivant \u00e0 <a href=\"https:\/\/moncompte.actu.fr\" title=\"D\u00e9couvez Mon Actu\" rel=\"nofollow noopener\" data-trk=\"{&quot;cta&quot;:{&quot;action&quot;:&quot;https:\\\/\\\/moncompte.actu.fr&quot;,&quot;category&quot;:&quot;mon compte&quot;,&quot;from&quot;:&quot;article footer&quot;,&quot;name&quot;:&quot;Mon actu&quot;,&quot;type&quot;:&quot;cta&quot;}}\" target=\"_blank\">Mon Actu<\/a>.<\/p>\n<p>                    <script async src=\"\/\/www.tiktok.com\/embed.js\"><\/script><\/p>\n","protected":false},"excerpt":{"rendered":"Par Jessie Leclerc Publi\u00e9 le 14 juin 2025 \u00e0 13h22 Le festival Commedia Dell\u2019arte fait son retour, en&hellip;\n","protected":false},"author":2,"featured_media":175879,"comment_status":"","ping_status":"","sticky":false,"template":"","format":"standard","meta":{"footnotes":""},"categories":[9587],"tags":[1111,11,1063,9086,1777,674,1011,27,1757,1652,12,5161,25,9590],"class_list":{"0":"post-175878","1":"post","2":"type-post","3":"status-publish","4":"format-standard","5":"has-post-thumbnail","7":"category-rouen","8":"tag-actu","9":"tag-actualites","10":"tag-animations","11":"tag-bon-plan-a-rouen","12":"tag-eu","13":"tag-europe","14":"tag-fr","15":"tag-france","16":"tag-insolite","17":"tag-loisirs-culture","18":"tag-news","19":"tag-normandie","20":"tag-republique-francaise","21":"tag-rouen"},"share_on_mastodon":{"url":"https:\/\/pubeurope.com\/@fr\/114681702309672668","error":""},"_links":{"self":[{"href":"https:\/\/www.europesays.com\/fr\/wp-json\/wp\/v2\/posts\/175878","targetHints":{"allow":["GET"]}}],"collection":[{"href":"https:\/\/www.europesays.com\/fr\/wp-json\/wp\/v2\/posts"}],"about":[{"href":"https:\/\/www.europesays.com\/fr\/wp-json\/wp\/v2\/types\/post"}],"author":[{"embeddable":true,"href":"https:\/\/www.europesays.com\/fr\/wp-json\/wp\/v2\/users\/2"}],"replies":[{"embeddable":true,"href":"https:\/\/www.europesays.com\/fr\/wp-json\/wp\/v2\/comments?post=175878"}],"version-history":[{"count":0,"href":"https:\/\/www.europesays.com\/fr\/wp-json\/wp\/v2\/posts\/175878\/revisions"}],"wp:featuredmedia":[{"embeddable":true,"href":"https:\/\/www.europesays.com\/fr\/wp-json\/wp\/v2\/media\/175879"}],"wp:attachment":[{"href":"https:\/\/www.europesays.com\/fr\/wp-json\/wp\/v2\/media?parent=175878"}],"wp:term":[{"taxonomy":"category","embeddable":true,"href":"https:\/\/www.europesays.com\/fr\/wp-json\/wp\/v2\/categories?post=175878"},{"taxonomy":"post_tag","embeddable":true,"href":"https:\/\/www.europesays.com\/fr\/wp-json\/wp\/v2\/tags?post=175878"}],"curies":[{"name":"wp","href":"https:\/\/api.w.org\/{rel}","templated":true}]}}