{"id":175880,"date":"2025-06-14T12:24:34","date_gmt":"2025-06-14T12:24:34","guid":{"rendered":"https:\/\/www.europesays.com\/fr\/175880\/"},"modified":"2025-06-14T12:24:34","modified_gmt":"2025-06-14T12:24:34","slug":"un-concert-sur-le-toit-dun-car-pour-feter-la-musique-avant-lheure","status":"publish","type":"post","link":"https:\/\/www.europesays.com\/fr\/175880\/","title":{"rendered":"un concert sur le toit d&rsquo;un car pour f\u00eater la musique avant l&rsquo;heure"},"content":{"rendered":"<p>            Par<br \/>\n        <strong><br \/>\n            <a href=\"https:\/\/actu.fr\/auteur\/le-journal-delbeuf\" title=\"Consulter tous les articles de R\u00e9daction Elbeuf\" rel=\"nofollow noopener\" target=\"_blank\">R\u00e9daction Elbeuf<\/a><br \/>\n        <\/strong><\/p>\n<p>        Publi\u00e9 le<\/p>\n<p>            13 juin 2025 \u00e0 11h52        <\/p>\n<p>Au parc Saint-Remy de <a href=\"https:\/\/actu.fr\/normandie\/saint-aubin-les-elbeuf_76561\" rel=\"nofollow noopener\" target=\"_blank\">Saint-Aubin-l\u00e8s-Elbeuf (Seine-Maritime)<\/a>, ce ne sont pas les oiseaux qui manquent : m\u00e9sanges, moineaux, bouvreuil\u2026 Le plus souvent, on ne fait que les entendre, car bien s\u00fbr, perch\u00e9s dans les arbres, on ne peut que les apercevoir.<\/p>\n<p class=\" wall-content\">Qu\u2019\u00e0 cela ne tienne ! La mairie a d\u00e9cid\u00e9 de rem\u00e9dier \u00e0 la difficult\u00e9 en invitant d\u2019autres dr\u00f4les d\u2019oiseaux, bien perch\u00e9s eux aussi, pour r\u00e9galer riverains, promeneurs et curieux de leurs chants m\u00e9lodieux.<\/p>\n<p>Une sc\u00e8ne sur le toit d\u2019un bus<\/p>\n<p class=\" wall-content\">Deux groupes survolt\u00e9s, officiant depuis une<b> sc\u00e8ne install\u00e9e sur le toit d\u2019un bus<\/b>, vont en effet gratifier les Saint-Aubinois d\u2019un spectacle original et \u00e9lectrisant, le samedi 14 juin 2025.<\/p>\n<p class=\" wall-content\">D\u00e8s 19 h, dans une <b>ambiance festive et conviviale<\/b>, la <b>F\u00eate de la musique<\/b> aura un temps d\u2019avance gr\u00e2ce au <b>Carpanorama<\/b>, ce bus-sc\u00e8ne insolite dont la venue l\u2019an dernier avait \u00e9t\u00e9 contrari\u00e9e par une m\u00e9t\u00e9o chagrine, qui avait d\u2019ailleurs forc\u00e9 \u00e0 l\u2019annulation de beaucoup de manifestations tout au long du printemps et de l\u2019\u00e9t\u00e9.<\/p>\n<p>    <a href=\"https:\/\/www.facebook.com\/plugins\/post.php?href=https%3A%2F%2Fwww.facebook.com%2FVilleSaintAubinLesElbeuf%2Fposts%2Fpfbid029TiJgpQLimadvteg6Ys3EXkVfuznrYywyCj92s9RQLXL8vWmvPDfxGyFAuQbkuEGl&amp;show_text=true&amp;width=350\" title=\"Ouvrie le lien\" rel=\"nofollow noopener\" target=\"_blank\">Cliquez ici pour visualiser le contenu<\/a><\/p>\n<p class=\" wall-content\">N\u00e9anmoins, l\u2019enthousiasme du courageux public venu braver les caprices de Dame Nature et la qualit\u00e9 de la prestation rendaient indispensable cette nouvelle \u00e9dition.<\/p>\n<p>Vid\u00e9os : en ce moment sur Actu<\/p>\n<p class=\" wall-content\">\u00ab Le format original et la richesse musicale propos\u00e9e nous ont donn\u00e9 envie de le reconduire cette ann\u00e9e sous un format am\u00e9lior\u00e9. Ce double concert en entr\u00e9e libre et en plein air, port\u00e9 par des groupes locaux, a \u00e9t\u00e9 pens\u00e9 comme un moment festif et un v\u00e9ritable moment de partage qui s\u2019inscrit dans une ambition qui a toujours \u00e9t\u00e9 celle de la municipalit\u00e9 : faire vivre la culture dans tous les quartiers et la rendre accessible \u00e0 toutes et tous \u00bb, explique Fran\u00e7oise Underwood, adjointe au maire charg\u00e9e de la Culture.<\/p>\n<p>Deux groupes normands<\/p>\n<p class=\" wall-content\">D\u00e8s 19 h, Les Agit\u00e9s du Bocal ouvriront donc les festivit\u00e9s. Aussi d\u00e9cal\u00e9s que leurs tenues et leur nom de sc\u00e8ne laissent \u00e0 penser. Habill\u00e9s de hauts de costume et de shorts color\u00e9s, ces artistes d\u00e9cal\u00e9s, originaires de Pont-Audemer, r\u00e9galent depuis 2013 leurs auditoires normands et plus (ils se sont notamment produits \u00e0 La Cigale, c\u00e9l\u00e8bre sc\u00e8ne parisienne en 2016) des morceaux aussi originaux que dynamiques. Ils qualifient eux-m\u00eames leur style de rock humoristique, soit un m\u00e9lange de rock, de swing et de punk, \u00e0 travers des textes espi\u00e8gles et printaniers, qui revisitent la nature humaine et dans laquelle il est facile de reconna\u00eetre son voisin, quand ce n\u2019est pas son beau-fr\u00e8re ou soi-m\u00eame !<\/p>\n<p>    <img   decoding=\"async\" loading=\"lazy\" class=\"size-large\" src=\"https:\/\/www.europesays.com\/fr\/wp-content\/uploads\/2025\/06\/5842d02f0b3868c42d02f0b385052dv-960x640.jpg\" alt=\"For the Hackers, photo officielle\" width=\"960\" height=\"640\"\/><br \/>\n    Le groupe dieppois For the Hackers. \u00a9Valentin Lalonde<\/p>\n<p class=\" wall-content\">Puis, en guise de dessert, le jeune groupe dieppois For The Hackers r\u00e9galera le public avec un univers musical \u00e0 la fois doux, puissant et envo\u00fbtant. avec un m\u00e9lange de rythmes rock et de m\u00e9lodies pop. \u00ab On vous pr\u00e9pare un m\u00e9lange de morceaux \u00e9nergiques et d\u2019autres plus sensibles, l\u2019occasion de partager ensemble un vrai moment de live, pr\u00e8s de chez vous. Et puis, vous avez d\u00e9j\u00e0 vu un concert sur le toit d\u2019un bus ? Rien que \u00e7a, \u00e7a vaut l\u2019exp\u00e9rience ! \u00bb, invitent-ils.<\/p>\n<p class=\" wall-content\">L\u2019acc\u00e8s au concert est totalement libre et gratuit. Sur place, plusieurs solutions de restauration seront propos\u00e9es pour pleinement profiter d\u2019un spectacle unique sous les \u00e9toiles et d\u2019une ambiance entre amis, les deux groupes \u00e9tant eux-m\u00eames compos\u00e9s de membres qui se connaissent depuis le lyc\u00e9e.<\/p>\n<p>Concert, samedi 14 juin \u00e0 partir de 19 h, au parc Saint-R\u00e9my de Saint-Aubin-l\u00e8s-Elbeuf (rue Jean-Jaur\u00e8s). Gratuit.<\/p>\n<p class=\" wall-content\">Suivez toute l\u2019actualit\u00e9 de vos villes et m\u00e9dias favoris en vous inscrivant \u00e0 <a href=\"https:\/\/moncompte.actu.fr\" title=\"D\u00e9couvez Mon Actu\" rel=\"nofollow noopener\" data-trk=\"{&quot;cta&quot;:{&quot;action&quot;:&quot;https:\\\/\\\/moncompte.actu.fr&quot;,&quot;category&quot;:&quot;mon compte&quot;,&quot;from&quot;:&quot;article footer&quot;,&quot;name&quot;:&quot;Mon actu&quot;,&quot;type&quot;:&quot;cta&quot;}}\" target=\"_blank\">Mon Actu<\/a>.<\/p>\n<ul class=\"ac-article-tag wall-content\">\n<li><a href=\"https:\/\/actu.fr\/tag\/animations\" data-trk=\"{&quot;cta&quot;:{&quot;action&quot;:&quot;Animations&quot;,&quot;category&quot;:&quot;tag&quot;,&quot;from&quot;:&quot;article footer&quot;,&quot;name&quot;:&quot;Animations&quot;,&quot;type&quot;:&quot;cta&quot;}}\" rel=\"nofollow noopener\" target=\"_blank\">#Animations<\/a><\/li>\n<li><a href=\"https:\/\/actu.fr\/tag\/fete-de-la-musique\" data-trk=\"{&quot;cta&quot;:{&quot;action&quot;:&quot;F\\u00eate de la musique&quot;,&quot;category&quot;:&quot;tag&quot;,&quot;from&quot;:&quot;article footer&quot;,&quot;name&quot;:&quot;F\\u00eate de la musique&quot;,&quot;type&quot;:&quot;cta&quot;}}\" rel=\"nofollow noopener\" target=\"_blank\">#F\u00eate de la musique<\/a><\/li>\n<\/ul>\n","protected":false},"excerpt":{"rendered":"Par R\u00e9daction Elbeuf Publi\u00e9 le 13 juin 2025 \u00e0 11h52 Au parc Saint-Remy de Saint-Aubin-l\u00e8s-Elbeuf (Seine-Maritime), ce ne&hellip;\n","protected":false},"author":2,"featured_media":175881,"comment_status":"","ping_status":"","sticky":false,"template":"","format":"standard","meta":{"footnotes":""},"categories":[9587],"tags":[1111,11,1063,1777,674,25885,1011,27,1652,12,5161,25,9590],"class_list":{"0":"post-175880","1":"post","2":"type-post","3":"status-publish","4":"format-standard","5":"has-post-thumbnail","7":"category-rouen","8":"tag-actu","9":"tag-actualites","10":"tag-animations","11":"tag-eu","12":"tag-europe","13":"tag-fete-de-la-musique","14":"tag-fr","15":"tag-france","16":"tag-loisirs-culture","17":"tag-news","18":"tag-normandie","19":"tag-republique-francaise","20":"tag-rouen"},"share_on_mastodon":{"url":"https:\/\/pubeurope.com\/@fr\/114681706242881493","error":""},"_links":{"self":[{"href":"https:\/\/www.europesays.com\/fr\/wp-json\/wp\/v2\/posts\/175880","targetHints":{"allow":["GET"]}}],"collection":[{"href":"https:\/\/www.europesays.com\/fr\/wp-json\/wp\/v2\/posts"}],"about":[{"href":"https:\/\/www.europesays.com\/fr\/wp-json\/wp\/v2\/types\/post"}],"author":[{"embeddable":true,"href":"https:\/\/www.europesays.com\/fr\/wp-json\/wp\/v2\/users\/2"}],"replies":[{"embeddable":true,"href":"https:\/\/www.europesays.com\/fr\/wp-json\/wp\/v2\/comments?post=175880"}],"version-history":[{"count":0,"href":"https:\/\/www.europesays.com\/fr\/wp-json\/wp\/v2\/posts\/175880\/revisions"}],"wp:featuredmedia":[{"embeddable":true,"href":"https:\/\/www.europesays.com\/fr\/wp-json\/wp\/v2\/media\/175881"}],"wp:attachment":[{"href":"https:\/\/www.europesays.com\/fr\/wp-json\/wp\/v2\/media?parent=175880"}],"wp:term":[{"taxonomy":"category","embeddable":true,"href":"https:\/\/www.europesays.com\/fr\/wp-json\/wp\/v2\/categories?post=175880"},{"taxonomy":"post_tag","embeddable":true,"href":"https:\/\/www.europesays.com\/fr\/wp-json\/wp\/v2\/tags?post=175880"}],"curies":[{"name":"wp","href":"https:\/\/api.w.org\/{rel}","templated":true}]}}