{"id":175886,"date":"2025-06-14T12:27:18","date_gmt":"2025-06-14T12:27:18","guid":{"rendered":"https:\/\/www.europesays.com\/fr\/175886\/"},"modified":"2025-06-14T12:27:18","modified_gmt":"2025-06-14T12:27:18","slug":"un-feu-se-declare-dans-une-chambre-de-ce-centre-hospitalier-de-rennes-44-sapeurs-pompiers","status":"publish","type":"post","link":"https:\/\/www.europesays.com\/fr\/175886\/","title":{"rendered":"Un feu se d\u00e9clare dans une chambre de ce centre hospitalier de Rennes, 44\u00a0sapeurs-pompiers"},"content":{"rendered":"<p>L\u2019alerte a mobilis\u00e9 un nombre important de soldats du feu.<\/p>\n<p>Dans la nuit du vendredi\u00a013 au samedi 14\u00a0juin 2025, une intervention s\u2019est d\u00e9roul\u00e9e au centre hospitalier Guillaume-R\u00e9gnier (CHGR) de Rennes (<a href=\"https:\/\/www.ouest-france.fr\/bretagne\/ille-et-vilaine\/\" target=\"_blank\" rel=\"nofollow noopener\">Ille-et-Vilaine<\/a>). Il est 4\u00a0h\u00a032 lorsque les sapeurs-pompiers sont appel\u00e9s pour un feu de chambre. Quarante-quatre soldats du feu sont intervenus pour circonscrire l\u2019incendie dans cet \u00e9tablissement qui re\u00e7oit du public. Les flammes ont rapidement \u00e9t\u00e9 ma\u00eetris\u00e9es puisqu\u2019\u00e0 5\u00a0h\u00a030 l\u2019op\u00e9ration \u00e9tait termin\u00e9e.<\/p>\n<p>Six personnes incommod\u00e9es par les fum\u00e9es<\/p>\n<p>Lors de ce feu de chambre qui n\u2019a pas fait de victime, six personnes ont \u00e9t\u00e9 incommod\u00e9es par les fum\u00e9es. Le Centre op\u00e9ration d\u2019incendie et de secours (Codis) indique qu\u2019elles <strong>\u00ab\u00a0ont \u00e9t\u00e9 prises en charge et laiss\u00e9es sur place car on se trouvait d\u00e9j\u00e0 dans un centre hospitalier\u00a0\u00bb.<\/strong><\/p>\n<p>\u00a0<\/p>\n","protected":false},"excerpt":{"rendered":"L\u2019alerte a mobilis\u00e9 un nombre important de soldats du feu. Dans la nuit du vendredi\u00a013 au samedi 14\u00a0juin&hellip;\n","protected":false},"author":2,"featured_media":175887,"comment_status":"","ping_status":"","sticky":false,"template":"","format":"standard","meta":{"footnotes":""},"categories":[2821],"tags":[31144,1111,11,829,3335,15760,8293,1777,674,1312,1011,27,31143,17479,12,584,25,5153],"class_list":{"0":"post-175886","1":"post","2":"type-post","3":"status-publish","4":"format-standard","5":"has-post-thumbnail","7":"category-rennes","8":"tag-31144","9":"tag-actu","10":"tag-actualites","11":"tag-bretagne","12":"tag-centre","13":"tag-chambre","14":"tag-declare","15":"tag-eu","16":"tag-europe","17":"tag-feu","18":"tag-fr","19":"tag-france","20":"tag-hospitalier","21":"tag-mobilises","22":"tag-news","23":"tag-rennes","24":"tag-republique-francaise","25":"tag-sapeurs-pompiers"},"share_on_mastodon":{"url":"https:\/\/pubeurope.com\/@fr\/114681718098579212","error":""},"_links":{"self":[{"href":"https:\/\/www.europesays.com\/fr\/wp-json\/wp\/v2\/posts\/175886","targetHints":{"allow":["GET"]}}],"collection":[{"href":"https:\/\/www.europesays.com\/fr\/wp-json\/wp\/v2\/posts"}],"about":[{"href":"https:\/\/www.europesays.com\/fr\/wp-json\/wp\/v2\/types\/post"}],"author":[{"embeddable":true,"href":"https:\/\/www.europesays.com\/fr\/wp-json\/wp\/v2\/users\/2"}],"replies":[{"embeddable":true,"href":"https:\/\/www.europesays.com\/fr\/wp-json\/wp\/v2\/comments?post=175886"}],"version-history":[{"count":0,"href":"https:\/\/www.europesays.com\/fr\/wp-json\/wp\/v2\/posts\/175886\/revisions"}],"wp:featuredmedia":[{"embeddable":true,"href":"https:\/\/www.europesays.com\/fr\/wp-json\/wp\/v2\/media\/175887"}],"wp:attachment":[{"href":"https:\/\/www.europesays.com\/fr\/wp-json\/wp\/v2\/media?parent=175886"}],"wp:term":[{"taxonomy":"category","embeddable":true,"href":"https:\/\/www.europesays.com\/fr\/wp-json\/wp\/v2\/categories?post=175886"},{"taxonomy":"post_tag","embeddable":true,"href":"https:\/\/www.europesays.com\/fr\/wp-json\/wp\/v2\/tags?post=175886"}],"curies":[{"name":"wp","href":"https:\/\/api.w.org\/{rel}","templated":true}]}}