{"id":175894,"date":"2025-06-14T12:31:14","date_gmt":"2025-06-14T12:31:14","guid":{"rendered":"https:\/\/www.europesays.com\/fr\/175894\/"},"modified":"2025-06-14T12:31:14","modified_gmt":"2025-06-14T12:31:14","slug":"barreau-de-nice-le-pari-reussi-de-cedric-porteron","status":"publish","type":"post","link":"https:\/\/www.europesays.com\/fr\/175894\/","title":{"rendered":"Barreau de Nice : Le pari r\u00e9ussi de C\u00e9dric Porteron"},"content":{"rendered":"<p>                    <img loading=\"lazy\" decoding=\"async\" src=\"https:\/\/www.europesays.com\/fr\/wp-content\/uploads\/2025\/06\/436b6bf8c91894b1d10ce318fa8bc5.jpg\" class=\"img-responsive post-image\" width=\"680\" height=\"510\" alt=\"Barreau de Nice : Le (\u2026)\" title=\"Barreau de Nice : Le pari r\u00e9ussi de C\u00e9dric Porteron\"\/><\/p>\n<p class=\"chapo\">Il avait choisi de se pr\u00e9senter seul, \u00e0 contre-courant de ce qui se faisait depuis 2019 \u00e0 Nice avec un b\u00e2tonnier et un vice-b\u00e2tonnier. Le 5 juin, il a \u00e9t\u00e9 \u00e9lu b\u00e2tonnier pour la mandature 2026-2027.<\/p>\n<p>\u00ab\u00a0La pratique ne doit pas faire oublier la r\u00e8gle\u00a0\u00bb, confiait Me Porteron pendant la campagne. \u00ab\u00a0Le vice-b\u00e2tonnier est juridiquement un d\u00e9l\u00e9gataire. Je souhaite un b\u00e2tonnier fort, ce qui ne veut aucunement dire un b\u00e2tonnier solitaire, mais au contraire avec des d\u00e9l\u00e9gataires. \u00catre seul dans sa candidature ce n\u2019est pas \u00eatre solitaire dans son exercice. J\u2019aspire \u00e0 \u00eatre un b\u00e2tonnier fort et entour\u00e9\u00a0\u00bb, d\u00e9veloppait-il avant l\u2019\u00e9lection du 5 juin, remport\u00e9e 482 voix contre 430. Hasard du calendrier\u00a0: les avocats ni\u00e7ois ont fait le choix de revenir \u00e0 un b\u00e2tonnier unique l\u2019ann\u00e9e o\u00f9 le Barreau de Grasse d\u2019appr\u00eate \u00e0 faire, pour la premi\u00e8re fois, le chemin inverse car deux bin\u00f4mes sont candidats\u00a0: <strong>Me Daon et Me Massad<\/strong> d\u2019un c\u00f4t\u00e9 et <strong>Me Bensa Troin et Me Nain Doyennette<\/strong> de l\u2019autre.<\/p>\n<p>Pour faire face \u00e0 toutes ses missions de b\u00e2tonnier, C\u00e9dric Porteron a l\u2019intention de d\u00e9l\u00e9guer mais il va aussi faire un peu de place dans son agenda charg\u00e9, laissant de c\u00f4t\u00e9 ses activit\u00e9s d\u2019enseignement et d\u2019\u00e9criture pendant la dur\u00e9e du mandat. Au sein de son cabinet, il sait pouvoir compter sur son associ\u00e9e, <strong>Marie-France Cesari<\/strong>, l\u2019ensemble de l\u2019\u00e9quipe de leur cabinet, ainsi que les confr\u00e8res qui interviennent pour eux. Dans un post sur LinkedIn, le futur b\u00e2tonnier, successeur d\u2019Emmanuel Brancaleoni et Val\u00e9rie Serra, s\u2019est montr\u00e9 rassembleur\u00a0: \u00ab\u00a0Par vos votes, vous m\u2019avez confi\u00e9 une charge dont je mesure l\u2019ampleur. Je l\u2019accepte, non comme une r\u00e9compense, mais comme un devoir \u00e0 assumer. Je remercie Ma\u00eetre Ollivier Carles de Caudemberg, candidat au B\u00e2tonnat, et Ma\u00eetre Pascale Bailet, candidate au Vice-B\u00e2tonnat, pour leur campagne et leur implication au service de notre Ordre. Je pense aux confr\u00e8res qui n\u2019ont pas fait le choix de ma candidature. Leur exigence m\u2019obligera autant que la confiance de ceux qui m\u2019ont soutenu. Cette \u00e9lection me lie. Je t\u00e2cherai d\u2019en \u00eatre digne, dans l\u2019exigence du travail quotidien, l\u00e0 o\u00f9 se forge la seule vraie autorit\u00e9\u00a0: celle qu\u2019on m\u00e9rite et qu\u2019on entretient en \u00e9tant juste.\u00a0\u00bb<\/p>\n<p>Avocat, enseignant, auteur<\/p>\n<p>N\u00e9 \u00e0 Nice, C\u00e9dric Porteron confie avoir \u00ab\u00a0eu la chance d\u2019entrer dans un cabinet d\u2019avocat \u00e0 l\u2019\u00e2ge de 15 ans\u00a0\u00a0\u00bb et n\u2019en \u00eatre \u00ab\u00a0\u00a0jamais sorti\u00a0\u00bb. En effet, en dehors d\u2019une petite pause, au sein du service presse du ministre de la Fonction publique \u00c9mile Zuccarelli en 1997, dans le cadre de son service national, il a consacr\u00e9 ses \u00e9tudes et sa vie professionnelle au droit. Avocat depuis 2003 (individuel et collaborateur puis, depuis 2007, associ\u00e9 et collaborant), il est \u00e9galement, apr\u00e8s une th\u00e8se soutenue en 2002, enseignant \u00e0 la facult\u00e9 de Droit de Nice depuis pr\u00e8s de 30 ans et intervenant \u00e0 l\u2019EDASE depuis 20 ans. \u00ab\u00a0J\u2019ai toujours enseign\u00e9\u00a0: transmettre depuis le terrain, avec cette conviction que la parole d\u2019un avocat enseignant porte une v\u00e9rit\u00e9 vivante\u00a0\u00bb, a-t-il \u00e9crit dans un document de pr\u00e9sentation \u00e0 l\u2019attention de ses confr\u00e8res. \u00ab\u00a0Tout ce que je suis devenu, je le dois \u00e0 ma formation. C\u2019est ce qui m\u2019a permis d\u2019avancer et j\u2019aimerais le transmettre\u00a0\u00bb, compl\u00e9tait-il dans le bureau de son cabinet, \u00e9l\u00e9gamment d\u00e9cor\u00e9 de photos en noir et blanc de grands noms du jazz. Son programme de campagne reposait justement sur ce pilier de la formation, sous l\u2019intitul\u00e9 \u00ab\u00a0Se former, former, toujours se former\u00a0\u00bb, les deux autres axes majeurs \u00e9tant\u00a0\u00ab\u00a0Prendre soin, cr\u00e9er du lien\u00a0: un ordre attentif et engag\u00e9\u00a0\u00bb et \u00ab\u00a0Un Ordre fort, des institutions plus ouvertes, un travail mieux per\u00e7u dans une d\u00e9marche participative\u00a0\u00bb. <br class=\"autobr\"\/><br \/>\nC\u00e9dric Porteron est un orateur qui aime prendre le temps de la r\u00e9flexion avant de r\u00e9pondre \u00e0 une question. Il est aussi un auteur actif, avec des articles parus dans la Revue de droit p\u00e9nitentiaire et de droit p\u00e9nal, l\u2019AJ p\u00e9nal Dalloz, Lextenso ou encore Lexbase, la r\u00e9daction de portraits d\u2019avocats, comme Maurice Gar\u00e7on, \u00c9mile Berryer et Albert Naud, et la participation \u00e0 des ouvrages collectifs. Son attachement \u00e0 l\u2019\u00e9crit s\u2019est \u00e9galement illustr\u00e9 avec la tenue d\u2019un journal de campagne sur LinkedIn. Avant, peut-\u00eatre, le journal d\u2019un b\u00e2tonnier dans quelques mois.<\/p>\n<\/p>\n<p><strong>Son parcours ordinal<\/strong><br class=\"autobr\"\/><br \/>\nC\u00e9dric Porteron a \u00e9t\u00e9 d\u00e9sign\u00e9 Premier Secr\u00e9taire de la Conf\u00e9rence du Stage en 2003, ce qui lui a permis d\u2019\u00eatre au contact de l\u2019Ordre d\u00e8s ses d\u00e9buts en participant \u00e0 plusieurs manifestations. Il soutient d\u2019ailleurs que tout jeune avocat devrait avoir, le plus t\u00f4t possible, un lien avec l\u2019Ordre, afin de susciter l\u2019engagement des plus jeunes pour la vie ordinale. C\u00e9dric Porteron a \u00e9t\u00e9 membre du Conseil de l\u2019Ordre de 2016 \u00e0 2021 et il l\u2019est de nouveau depuis 2025.  Il a \u00e9galement \u00e9t\u00e9 membre du conseil d\u2019administration de la CARPA de 2016 \u00e0 2021, comme repr\u00e9sentant de l\u2019Ordre, et comme administrateur \u00e9lu pour le mandat 2023-2025. Il est aussi membre titulaire du conseil r\u00e9gional de discipline des barreaux du Sud-Est depuis 2023, apr\u00e8s avoir \u00e9t\u00e9 suppl\u00e9ant en 2022, et vice-pr\u00e9sident du Groupe de d\u00e9fense d\u2019urgence depuis janvier 2024.<br class=\"autobr\"\/><\/p>\n","protected":false},"excerpt":{"rendered":"Il avait choisi de se pr\u00e9senter seul, \u00e0 contre-courant de ce qui se faisait depuis 2019 \u00e0 Nice&hellip;\n","protected":false},"author":2,"featured_media":175895,"comment_status":"","ping_status":"","sticky":false,"template":"","format":"standard","meta":{"footnotes":""},"categories":[2819],"tags":[1111,11,2408,1777,674,1011,27,12,2401,882,25],"class_list":{"0":"post-175894","1":"post","2":"type-post","3":"status-publish","4":"format-standard","5":"has-post-thumbnail","7":"category-nice","8":"tag-actu","9":"tag-actualites","10":"tag-appels-d","11":"tag-eu","12":"tag-europe","13":"tag-fr","14":"tag-france","15":"tag-news","16":"tag-nice","17":"tag-provence-alpes-cote-dazur","18":"tag-republique-francaise"},"share_on_mastodon":{"url":"https:\/\/pubeurope.com\/@fr\/114681733790770491","error":""},"_links":{"self":[{"href":"https:\/\/www.europesays.com\/fr\/wp-json\/wp\/v2\/posts\/175894","targetHints":{"allow":["GET"]}}],"collection":[{"href":"https:\/\/www.europesays.com\/fr\/wp-json\/wp\/v2\/posts"}],"about":[{"href":"https:\/\/www.europesays.com\/fr\/wp-json\/wp\/v2\/types\/post"}],"author":[{"embeddable":true,"href":"https:\/\/www.europesays.com\/fr\/wp-json\/wp\/v2\/users\/2"}],"replies":[{"embeddable":true,"href":"https:\/\/www.europesays.com\/fr\/wp-json\/wp\/v2\/comments?post=175894"}],"version-history":[{"count":0,"href":"https:\/\/www.europesays.com\/fr\/wp-json\/wp\/v2\/posts\/175894\/revisions"}],"wp:featuredmedia":[{"embeddable":true,"href":"https:\/\/www.europesays.com\/fr\/wp-json\/wp\/v2\/media\/175895"}],"wp:attachment":[{"href":"https:\/\/www.europesays.com\/fr\/wp-json\/wp\/v2\/media?parent=175894"}],"wp:term":[{"taxonomy":"category","embeddable":true,"href":"https:\/\/www.europesays.com\/fr\/wp-json\/wp\/v2\/categories?post=175894"},{"taxonomy":"post_tag","embeddable":true,"href":"https:\/\/www.europesays.com\/fr\/wp-json\/wp\/v2\/tags?post=175894"}],"curies":[{"name":"wp","href":"https:\/\/api.w.org\/{rel}","templated":true}]}}