{"id":175898,"date":"2025-06-14T12:33:09","date_gmt":"2025-06-14T12:33:09","guid":{"rendered":"https:\/\/www.europesays.com\/fr\/175898\/"},"modified":"2025-06-14T12:33:09","modified_gmt":"2025-06-14T12:33:09","slug":"un-homme-meurt-poignarde-a-reze-en-loire-atlantique-sa-conjointe-en-garde-a-vue","status":"publish","type":"post","link":"https:\/\/www.europesays.com\/fr\/175898\/","title":{"rendered":"Un homme meurt poignard\u00e9 \u00e0 Rez\u00e9 en Loire-Atlantique, sa conjointe en garde \u00e0 vue"},"content":{"rendered":"<p>Un homme est mort poignard\u00e9 \u00e0 Rez\u00e9 (Loire-Atlantique) et sa conjointe a \u00e9t\u00e9 plac\u00e9e en garde \u00e0 vue, a annonc\u00e9 ce samedi \u00e0 l&rsquo;AFP le parquet de Nantes.<\/p>\n<p>L&rsquo;homme, dont l&rsquo;\u00e2ge n&rsquo;a pas \u00e9t\u00e9 pr\u00e9cis\u00e9, est d\u00e9c\u00e9d\u00e9 vendredi vers 16H50 \u00e0 son domicile apr\u00e8s avoir re\u00e7u plusieurs coups de couteau, a indiqu\u00e9 le procureur de la R\u00e9publique de Nantes, Antoine Leroy.<\/p>\n<p>\u00ab\u00a0La conjointe de la victime est en garde \u00e0 vue\u00a0\u00bb, a-t-il ajout\u00e9, refusant de donner plus de d\u00e9tails sur les circonstances du drame.<\/p>\n<p>La victime habitait \u00e0 Rez\u00e9, une commune situ\u00e9e au nord de Nantes, dans le d\u00e9partement de Loire-Atlantique.<\/p>\n","protected":false},"excerpt":{"rendered":"Un homme est mort poignard\u00e9 \u00e0 Rez\u00e9 (Loire-Atlantique) et sa conjointe a \u00e9t\u00e9 plac\u00e9e en garde \u00e0 vue,&hellip;\n","protected":false},"author":2,"featured_media":175899,"comment_status":"","ping_status":"","sticky":false,"template":"","format":"standard","meta":{"footnotes":""},"categories":[2818],"tags":[17,1111,11,31145,1777,674,274,1011,27,8712,4933,3047,5479,766,12,2636,13659,25,3740],"class_list":{"0":"post-175898","1":"post","2":"type-post","3":"status-publish","4":"format-standard","5":"has-post-thumbnail","7":"category-nantes","8":"tag-17","9":"tag-actu","10":"tag-actualites","11":"tag-conjointe","12":"tag-eu","13":"tag-europe","14":"tag-faits-divers-justice","15":"tag-fr","16":"tag-france","17":"tag-garde","18":"tag-homme","19":"tag-loire-atlantique","20":"tag-meurt","21":"tag-nantes","22":"tag-news","23":"tag-pays-de-la-loire","24":"tag-poignarde","25":"tag-republique-francaise","26":"tag-reze"},"share_on_mastodon":{"url":"https:\/\/pubeurope.com\/@fr\/114681741553718632","error":""},"_links":{"self":[{"href":"https:\/\/www.europesays.com\/fr\/wp-json\/wp\/v2\/posts\/175898","targetHints":{"allow":["GET"]}}],"collection":[{"href":"https:\/\/www.europesays.com\/fr\/wp-json\/wp\/v2\/posts"}],"about":[{"href":"https:\/\/www.europesays.com\/fr\/wp-json\/wp\/v2\/types\/post"}],"author":[{"embeddable":true,"href":"https:\/\/www.europesays.com\/fr\/wp-json\/wp\/v2\/users\/2"}],"replies":[{"embeddable":true,"href":"https:\/\/www.europesays.com\/fr\/wp-json\/wp\/v2\/comments?post=175898"}],"version-history":[{"count":0,"href":"https:\/\/www.europesays.com\/fr\/wp-json\/wp\/v2\/posts\/175898\/revisions"}],"wp:featuredmedia":[{"embeddable":true,"href":"https:\/\/www.europesays.com\/fr\/wp-json\/wp\/v2\/media\/175899"}],"wp:attachment":[{"href":"https:\/\/www.europesays.com\/fr\/wp-json\/wp\/v2\/media?parent=175898"}],"wp:term":[{"taxonomy":"category","embeddable":true,"href":"https:\/\/www.europesays.com\/fr\/wp-json\/wp\/v2\/categories?post=175898"},{"taxonomy":"post_tag","embeddable":true,"href":"https:\/\/www.europesays.com\/fr\/wp-json\/wp\/v2\/tags?post=175898"}],"curies":[{"name":"wp","href":"https:\/\/api.w.org\/{rel}","templated":true}]}}