{"id":175903,"date":"2025-06-14T12:36:15","date_gmt":"2025-06-14T12:36:15","guid":{"rendered":"https:\/\/www.europesays.com\/fr\/175903\/"},"modified":"2025-06-14T12:36:15","modified_gmt":"2025-06-14T12:36:15","slug":"bordeaux-p2-joris-guichard-les-favoris-pour-pretendre-a-la-wc","status":"publish","type":"post","link":"https:\/\/www.europesays.com\/fr\/175903\/","title":{"rendered":"Bordeaux P2 : Joris \/ Guichard, les favoris pour pr\u00e9tendre \u00e0 la WC ?"},"content":{"rendered":"<p>Les inscriptions pour le <strong>Bordeaux P2<\/strong> viennent d\u2019\u00eatre cl\u00f4tur\u00e9es et la liste est tr\u00e8s bien fournie c\u00f4t\u00e9 fran\u00e7ais.<\/p>\n<p>L\u2019association qui sort du lot est celle de <strong>Maxime Joris (159e)<\/strong> et <strong>Dylan Guichard (129e)<\/strong> qui vont partager la piste une nouvelle fois cette saison. Maxime Joris habitu\u00e9 \u00e0 jouer \u00e0 droite va donc passer du c\u00f4t\u00e9 gauche de la piste pour accompagner le gaucher Dylan Guichard, une <strong>association 100% fran\u00e7aise <\/strong>pour augmenter leurs chances d\u2019avoir <strong>une WC dans le tableau principal ?<\/strong><\/p>\n<p>Les paires 100% fran\u00e7aises privil\u00e9gi\u00e9es pour l\u2019attribution des WC ?<\/p>\n<p>Nous avons vu la saison derni\u00e8re \u00e0 <strong>Bordeaux<\/strong> et \u00e0 <strong>Paris <\/strong>que les paires 100% fran\u00e7aises \u00e9taient souvent privil\u00e9gi\u00e9es pour l\u2019attribution des WC, et \u00e7a les joueurs fran\u00e7ais l\u2019ont bien compris, on ne retrouve qu\u2019<strong>exclusivement des paires 100% bleu, blanc, rouge<\/strong> sur ce Bordeaux P2.<\/p>\n<p>Pour cl\u00f4turer le cas <strong>Joris \/ Guichard<\/strong>, on ajoute aussi la proximit\u00e9 de Maxime Joris avec J<strong>ean-Thomas Peyrou <\/strong>le directeur du tournoi qui aura certainement \u00e0 c\u0153ur de donner un coup de pouce \u00e0 un joueur d\u00e9fendant les couleurs de <strong>Big Padel<\/strong>\u2026<\/p>\n<p>Blanqu\u00e9 \/ Bergeron, pour r\u00e9compenser la forme du moment.<\/p>\n<p>La deuxi\u00e8me paire en vue pour une WC est une paire tr\u00e8s en forme, ils sont sortis des qualifications au Major de Rome, <strong>Bastien Blanqu\u00e9 (112e)<\/strong> et <strong>Johan Bergeron (116e)<\/strong> sont \u00e9galement inscrits. Pour le moment 42\u1d49 \u00e9quipe de la liste, donc en qualifications mais ils seront <strong>s\u00fbrement candidats \u00e0 la WC tableau<\/strong> pour ce P2 qui viendrait r\u00e9compenser leur <strong>bonne forme de ces derni\u00e8res semaines.<\/strong><\/p>\n<p><img title=\"Design sans titre 1 | Padel Magazine\" decoding=\"async\" src=\"https:\/\/www.europesays.com\/fr\/wp-content\/uploads\/2025\/06\/Design-sans-titre-1.png\" alt=\"\" class=\"wp-image-261466\"\/>Italy Major 2025  Photo  Premier Padel<\/p>\n<p><strong>Julien Seurin (156e) <\/strong>et <strong>Phil\u00e9mon Raichman (172e) <\/strong>partageront la piste, ils ont de nombreuses fois \u00e9t\u00e9 associ\u00e9s notamment au d\u00e9but de leur <strong>carri\u00e8re internationale sur le circuit FIP<\/strong>. Ils sont pour le moment dans les qualifications, tout comme <strong>Yoan Boronad (231e)<\/strong> et <strong>Tim\u00e9o Fonteny (208e)<\/strong> qui forment le 57\u1d49 paire\u00a0de\u00a0cette\u00a0liste. Ces deux paires peuvent aussi pr\u00e9tendre \u00e0 <strong>une invitation dans le tableau principal<\/strong>, m\u00eame si <strong>Joris \/ Guichard <\/strong>et <strong>Blanqu\u00e9 \/ Bergeron<\/strong> semblent avoir une longueur d\u2019avance.<\/p>\n<p>Du monde \u00e9galement pour rentrer dans les qualifications !<\/p>\n<p>Derri\u00e8re, il reste encore <strong>7 paires 100% fran\u00e7aises<\/strong> qui vont donc devoir esp\u00e9rer d\u00e9crocher l\u2019une des <strong>2 WC pour les qualifications<\/strong>.<\/p>\n<ul class=\"wp-block-list\">\n<li><strong>Arthur Hugounenq<\/strong> (246e) \/ <strong>Adrien Maigret <\/strong>(354e)<\/li>\n<li>\u2060<strong>Nicolas Rouanet<\/strong> (273e) \/ <strong>Pierre Vincent <\/strong>(326e)<\/li>\n<li>\u2060<strong>Thomas Seux<\/strong> (291e) \/ <strong>Nathan Courrin<\/strong> (317e)<\/li>\n<li>\u2060<strong>Dorian De Meyer<\/strong> (544e) \/ <strong>Simon Wagner<\/strong> (329e)<\/li>\n<li><strong>\u2060Maxime Forcin<\/strong> (532e) \/ <strong>Benjamin Tison<\/strong> (1718e)<\/li>\n<li>\u2060<strong>Lucas Pillon<\/strong> (NC) \/ <strong>Benjamin Gru\u00e9 <\/strong>(814e)<\/li>\n<li>\u2060<strong>Cyril Gaillard<\/strong> (NC) \/ <strong>Louis Couvercelle <\/strong>(NC)<\/li>\n<\/ul>\n<p>Le choix sera difficile, certains reviennent de <strong>blessure<\/strong> comme <strong>Dorian De Meyer<\/strong> ou encore <strong>Pierre Vincent<\/strong>, d\u2019autres ne jouent quasiment pas le circuit international comme <strong>Forcin \/ Tison<\/strong> et certains peuvent para\u00eetre encore trop justes pour rivaliser au niveau <strong>Premier Padel <\/strong>comme le jeune <strong>Lucas Pillon<\/strong>.<\/p>\n<p>Oui, <strong>Cyril Gaillard et Louis Couvercelle<\/strong>, la paire embl\u00e9matique du <strong>BIG Padel Bordeaux<\/strong>, sont bien inscrits <strong>au d\u00e9part du Bordeaux P2<\/strong> ! On ne pouvait pas passer \u00e0 c\u00f4t\u00e9\u2026 leur inscription est officielle. Leur lobbying intensif sera-t-il payant pour obtenir une WC ?<\/p>\n<p>Rendez-vous dans quelques jours pour l\u2019annonce tant attendue des <strong>WC<\/strong>.<\/p>\n<p><img alt=\"T\u00e9o Vieau\" src=\"https:\/\/www.europesays.com\/fr\/wp-content\/uploads\/2025\/06\/wpua-150x150.png\"  class=\"avatar avatar-100 photo\" height=\"100\" width=\"100\" loading=\"lazy\" decoding=\"async\"\/><\/p>\n<p class=\"related-title\">Sur le m\u00eame sujet<\/p>\n","protected":false},"excerpt":{"rendered":"Les inscriptions pour le Bordeaux P2 viennent d\u2019\u00eatre cl\u00f4tur\u00e9es et la liste est tr\u00e8s bien fournie c\u00f4t\u00e9 fran\u00e7ais.&hellip;\n","protected":false},"author":2,"featured_media":175904,"comment_status":"","ping_status":"","sticky":false,"template":"","format":"standard","meta":{"footnotes":""},"categories":[2817],"tags":[1111,11,31146,1997,28314,31147,1777,674,1011,27,31148,31149,12,2219,30680,25],"class_list":{"0":"post-175903","1":"post","2":"type-post","3":"status-publish","4":"format-standard","5":"has-post-thumbnail","7":"category-bordeaux","8":"tag-actu","9":"tag-actualites","10":"tag-bastien-blanque","11":"tag-bordeaux","12":"tag-bordeaux-premier-padel","13":"tag-dylan-guichard","14":"tag-eu","15":"tag-europe","16":"tag-fr","17":"tag-france","18":"tag-johan-bergeron","19":"tag-maxime-joris","20":"tag-news","21":"tag-nouvelle-aquitaine","22":"tag-premier-padel-bordeaux-p2","23":"tag-republique-francaise"},"share_on_mastodon":{"url":"https:\/\/pubeurope.com\/@fr\/114681753577304836","error":""},"_links":{"self":[{"href":"https:\/\/www.europesays.com\/fr\/wp-json\/wp\/v2\/posts\/175903","targetHints":{"allow":["GET"]}}],"collection":[{"href":"https:\/\/www.europesays.com\/fr\/wp-json\/wp\/v2\/posts"}],"about":[{"href":"https:\/\/www.europesays.com\/fr\/wp-json\/wp\/v2\/types\/post"}],"author":[{"embeddable":true,"href":"https:\/\/www.europesays.com\/fr\/wp-json\/wp\/v2\/users\/2"}],"replies":[{"embeddable":true,"href":"https:\/\/www.europesays.com\/fr\/wp-json\/wp\/v2\/comments?post=175903"}],"version-history":[{"count":0,"href":"https:\/\/www.europesays.com\/fr\/wp-json\/wp\/v2\/posts\/175903\/revisions"}],"wp:featuredmedia":[{"embeddable":true,"href":"https:\/\/www.europesays.com\/fr\/wp-json\/wp\/v2\/media\/175904"}],"wp:attachment":[{"href":"https:\/\/www.europesays.com\/fr\/wp-json\/wp\/v2\/media?parent=175903"}],"wp:term":[{"taxonomy":"category","embeddable":true,"href":"https:\/\/www.europesays.com\/fr\/wp-json\/wp\/v2\/categories?post=175903"},{"taxonomy":"post_tag","embeddable":true,"href":"https:\/\/www.europesays.com\/fr\/wp-json\/wp\/v2\/tags?post=175903"}],"curies":[{"name":"wp","href":"https:\/\/api.w.org\/{rel}","templated":true}]}}