{"id":175905,"date":"2025-06-14T12:37:09","date_gmt":"2025-06-14T12:37:09","guid":{"rendered":"https:\/\/www.europesays.com\/fr\/175905\/"},"modified":"2025-06-14T12:37:09","modified_gmt":"2025-06-14T12:37:09","slug":"voici-lavis-du-mangeur-masque-3","status":"publish","type":"post","link":"https:\/\/www.europesays.com\/fr\/175905\/","title":{"rendered":"voici l&rsquo;avis du Mangeur Masqu\u00e9"},"content":{"rendered":"<p>            Par<br \/>\n        <strong><br \/>\n            <a href=\"https:\/\/actu.fr\/auteur\/redaction-toulouse\" title=\"Consulter tous les articles de R\u00e9daction de Toulouse\" target=\"_blank\" rel=\"noopener\">R\u00e9daction de Toulouse<\/a><br \/>\n        <\/strong><\/p>\n<p>        Publi\u00e9 le<\/p>\n<p>            14 juin 2025 \u00e0 11h00        <\/p>\n<p>J\u2019adore quand la Ville rose se m\u00e9tamorphose et bouscule les habitudes. Exemple avec<a href=\"https:\/\/actu.fr\/occitanie\/toulouse_31555\/toulouse-apres-travaux-cette-magnifique-chapelle-rouvre-au-public-et-offre-un-nouveau-lieu-d-expo_62511728.html\" target=\"_blank\" rel=\"noopener\"> la Chapelle des Carm\u00e9lites<\/a>, petit \u00e9crin assez m\u00e9connu de la rue du P\u00e9rigord, qui accueille en ce moment sous ses magnifiques plafonds fraichement r\u00e9nov\u00e9s une partie du festival de cr\u00e9ation contemporaine <a href=\"https:\/\/actu.fr\/occitanie\/toulouse_31555\/toulouse-le-nouveau-printemps-prend-ses-quartiers-a-saint-sernin-les-temps-forts-du-festival_62663165.html\" target=\"_blank\" rel=\"noopener\">\u00ab\u00a0Le Nouveau Printemps\u00a0\u00bb<\/a>. Autre atout ? La <strong>guinguette de poche<\/strong> qui vient tout juste de prendre ses quartiers dans la cour et le \u00ab\u00a0jardin\u00a0\u00bb (traduction : il y a des arbres) de l\u2019ancien \u00e9difice religieux.<\/p>\n<p>V\u00e9g\u00e9tal et grignotage\u00a0<\/p>\n<p class=\" wall-content\">\u00c0 la man\u0153uvre :<strong> le restaurant \u00ab\u00a0Petit Voyage\u00a0\u00bb<\/strong>, excellente table voisine de Saint-Sernin qui rempile ici en cuisine pour une troisi\u00e8me saison. La carte ? Du genre qui taquine volontiers le <strong>v\u00e9g\u00e9tal<\/strong>, le plus souvent en mode <strong>grignotage<\/strong> (froid).<\/p>\n<p class=\" wall-content\">En clair : pas de c\u00f4te de b\u0153uf XXL, mais plut\u00f4t de la tapenade d\u2019olives maison, une salade estivale pleine fraicheur avec tomates ventrues, feta et basilic, ou encore des tartines bien garnies. Deux grosses tranches de pain (une par personne, parfait compromis) avec houmous aux \u00e9pices du soleil (le zaatar, toujours une excellente id\u00e9e), ou ch\u00e8vre frais, huile d\u2019olive parfum\u00e9e et petit tour de moulin \u00e0 poivre pour chatouiller tout \u00e7a. Simple, efficace.<\/p>\n<p class=\" wall-content\">Pas besoin d\u2019en faire trop quand les produits sont bien sourc\u00e9s. Manque peut-\u00eatre quelques assiettes chaudes pour offrir un peu plus de choix.<\/p>\n<p>    <img   decoding=\"async\" loading=\"lazy\" src=\"https:\/\/www.europesays.com\/fr\/wp-content\/uploads\/2025\/06\/90626b629248694626b62924888626v-960x640.jpg\" alt=\"Salade estivale et tartines de houmous. Tr\u00e8s bon !\" width=\"960\" height=\"640\"\/><br \/>\n    Salade estivale et tartines de houmous. Tr\u00e8s bon ! (\u00a9L.M.M.)Terrine de canard et tartare d\u2019algues<\/p>\n<p class=\" wall-content\">Au milieu, deux-trois <strong>suggestions \u00e9tonnantes<\/strong>, en mode \u00ab\u00a0Je ne fais rien comme tout le monde\u00a0\u00bb, et c\u2019est tant mieux : sardines citron vert et gingembre, ou encore un tartare d\u2019algues avec son beurre demi-sel. Rassurez-vous (j\u2019en vois qui commencent \u00e0 paniquer), il y aussi une terrine de canard, ou la toujours tr\u00e8s demand\u00e9e burrata, avec pesto et pistaches. Et pour le sacro-saint go\u00fbter, quelques plaisirs sucr\u00e9s et des boissons chaudes.<\/p>\n<p>Zen attitude<\/p>\n<p class=\" wall-content\">C\u00f4t\u00e9 boisson justement,<strong> aucun soda de l\u2019empire am\u00e9ricain<\/strong>, mais plut\u00f4t des infusions p\u00e9tillantes bio, une limonade artisanale \u00e0 la myrtille, des bi\u00e8res de l\u2019Aveyron, et une carte des vins assez \u00e9quilibr\u00e9e. Mais pas de cocktails, h\u00e9las, pour \u00e9pouser parfaitement le rythme d\u2019un \u00e9t\u00e9 qui se pr\u00e9lasse en terrasse.<\/p>\n<p class=\" wall-content\">Un rythme men\u00e9 ici en toute d\u00e9contraction, dans <strong>un calme \u00e9vident<\/strong> (l\u2019endroit est encore peu connu), sans musique survitamin\u00e9e. Juste quelques lampions color\u00e9s, et des arbres touffus pour offrir un coin d\u2019ombre quand la canicule aura d\u00e9cid\u00e9 de frapper. Vous savez d\u00e9j\u00e0 o\u00f9 vous r\u00e9fugier.<\/p>\n<p>    <img   decoding=\"async\" loading=\"lazy\" src=\"https:\/\/www.europesays.com\/fr\/wp-content\/uploads\/2025\/06\/56dc0352924869adc03529248aedc0v-960x640.jpg\" alt=\"Quand l'art contemporain remue la Chapelle des Carm\u00e9lites.\" width=\"960\" height=\"640\"\/><br \/>\n    Quand l\u2019art contemporain remue la Chapelle des Carm\u00e9lites. (\u00a9L.M.M.)<\/p>\n<p class=\" wall-content\"><strong>Le Mangeur Masqu\u00e9\u00a0<br \/>Suivez-le <a href=\"https:\/\/www.instagram.com\/le_mangeur_masque\/?hl=fr\" target=\"_blank\" rel=\"noopener\">sur Insta<\/a><\/strong><\/p>\n<p><a href=\"https:\/\/www.instagram.com\/petit.voyage_31\/\" target=\"_blank\" rel=\"noopener\">Petit Voyage<\/a> : la Chapelle, 1 Rue de P\u00e9rigord<\/p>\n<p class=\" wall-content\">Suivez toute l\u2019actualit\u00e9 de vos villes et m\u00e9dias favoris en vous inscrivant \u00e0 <a href=\"https:\/\/moncompte.actu.fr\" title=\"D\u00e9couvez Mon Actu\" rel=\"nofollow noopener\" data-trk=\"{&quot;cta&quot;:{&quot;action&quot;:&quot;https:\\\/\\\/moncompte.actu.fr&quot;,&quot;category&quot;:&quot;mon compte&quot;,&quot;from&quot;:&quot;article footer&quot;,&quot;name&quot;:&quot;Mon actu&quot;,&quot;type&quot;:&quot;cta&quot;}}\" target=\"_blank\">Mon Actu<\/a>.<\/p>\n<ul class=\"ac-article-tag wall-content\">\n<li><a href=\"https:\/\/actu.fr\/tag\/guinguettes-a-toulouse\" data-trk=\"{&quot;cta&quot;:{&quot;action&quot;:&quot;Guinguettes \\u00e0 Toulouse&quot;,&quot;category&quot;:&quot;tag&quot;,&quot;from&quot;:&quot;article footer&quot;,&quot;name&quot;:&quot;Guinguettes \\u00e0 Toulouse&quot;,&quot;type&quot;:&quot;cta&quot;}}\" target=\"_blank\" rel=\"noopener\">#Guinguettes \u00e0 Toulouse<\/a><\/li>\n<li><a href=\"https:\/\/actu.fr\/tag\/sortir-a-toulouse\" data-trk=\"{&quot;cta&quot;:{&quot;action&quot;:&quot;Sortir \\u00e0 Toulouse&quot;,&quot;category&quot;:&quot;tag&quot;,&quot;from&quot;:&quot;article footer&quot;,&quot;name&quot;:&quot;Sortir \\u00e0 Toulouse&quot;,&quot;type&quot;:&quot;cta&quot;}}\" target=\"_blank\" rel=\"noopener\">#Sortir \u00e0 Toulouse<\/a><\/li>\n<\/ul>\n<p>                    <script async src=\"\/\/www.instagram.com\/embed.js\"><\/script><\/p>\n","protected":false},"excerpt":{"rendered":"Par R\u00e9daction de Toulouse Publi\u00e9 le 14 juin 2025 \u00e0 11h00 J\u2019adore quand la Ville rose se m\u00e9tamorphose&hellip;\n","protected":false},"author":2,"featured_media":175906,"comment_status":"","ping_status":"","sticky":false,"template":"","format":"standard","meta":{"footnotes":""},"categories":[2816],"tags":[1111,11,1777,674,1011,27,14574,1652,12,2680,25,1341,2312],"class_list":{"0":"post-175905","1":"post","2":"type-post","3":"status-publish","4":"format-standard","5":"has-post-thumbnail","7":"category-toulouse","8":"tag-actu","9":"tag-actualites","10":"tag-eu","11":"tag-europe","12":"tag-fr","13":"tag-france","14":"tag-guinguettes-a-toulouse","15":"tag-loisirs-culture","16":"tag-news","17":"tag-occitanie","18":"tag-republique-francaise","19":"tag-sortir-a-toulouse","20":"tag-toulouse"},"share_on_mastodon":{"url":"https:\/\/pubeurope.com\/@fr\/114681757402220241","error":""},"_links":{"self":[{"href":"https:\/\/www.europesays.com\/fr\/wp-json\/wp\/v2\/posts\/175905","targetHints":{"allow":["GET"]}}],"collection":[{"href":"https:\/\/www.europesays.com\/fr\/wp-json\/wp\/v2\/posts"}],"about":[{"href":"https:\/\/www.europesays.com\/fr\/wp-json\/wp\/v2\/types\/post"}],"author":[{"embeddable":true,"href":"https:\/\/www.europesays.com\/fr\/wp-json\/wp\/v2\/users\/2"}],"replies":[{"embeddable":true,"href":"https:\/\/www.europesays.com\/fr\/wp-json\/wp\/v2\/comments?post=175905"}],"version-history":[{"count":0,"href":"https:\/\/www.europesays.com\/fr\/wp-json\/wp\/v2\/posts\/175905\/revisions"}],"wp:featuredmedia":[{"embeddable":true,"href":"https:\/\/www.europesays.com\/fr\/wp-json\/wp\/v2\/media\/175906"}],"wp:attachment":[{"href":"https:\/\/www.europesays.com\/fr\/wp-json\/wp\/v2\/media?parent=175905"}],"wp:term":[{"taxonomy":"category","embeddable":true,"href":"https:\/\/www.europesays.com\/fr\/wp-json\/wp\/v2\/categories?post=175905"},{"taxonomy":"post_tag","embeddable":true,"href":"https:\/\/www.europesays.com\/fr\/wp-json\/wp\/v2\/tags?post=175905"}],"curies":[{"name":"wp","href":"https:\/\/api.w.org\/{rel}","templated":true}]}}