{"id":175907,"date":"2025-06-14T12:38:10","date_gmt":"2025-06-14T12:38:10","guid":{"rendered":"https:\/\/www.europesays.com\/fr\/175907\/"},"modified":"2025-06-14T12:38:10","modified_gmt":"2025-06-14T12:38:10","slug":"le-retour-en-taxi-fait-flamber-la-note-des-passagers","status":"publish","type":"post","link":"https:\/\/www.europesays.com\/fr\/175907\/","title":{"rendered":"le retour en taxi fait flamber la note des passagers"},"content":{"rendered":"<p>            Par<br \/>\n        <strong><br \/>\n            <a href=\"https:\/\/actu.fr\/auteur\/mareva-laville-actu-fr\" title=\"Consulter tous les articles de Mar\u00e9va Laville\" target=\"_blank\" rel=\"noopener\">Mar\u00e9va Laville<\/a><br \/>\n        <\/strong><\/p>\n<p>        Publi\u00e9 le<\/p>\n<p>            14 juin 2025 \u00e0 13h42        <\/p>\n<p>C\u2019est une fin de vacances foudroyante pour Christophe. Le trentenaire toulousain rentrait alors de Porto \u00e0 bord d\u2019un avion de la compagnie low-cost <strong>Ryanair<\/strong>. Atterrissage pr\u00e9vu \u00e0 <a href=\"http:\/\/www.actu.fr\/toulouse\" target=\"_blank\" rel=\"noopener\"><strong>Toulouse<\/strong> <\/a>pour 21h40. Mais<strong> les orages qui ont \u00e9clat\u00e9 dans la soir\u00e9e de vendredi 13\u00a0juin,<\/strong> jusqu\u2019\u00e0 d\u2019ailleurs <a href=\"https:\/\/actu.fr\/occitanie\/toulouse_31555\/toulouse-alerte-orange-aux-orages-la-soiree-du-festival-rio-loco-sera-t-elle-maintenue_62768401.html\" target=\"_blank\" rel=\"noopener\">provoqu\u00e9 l\u2019annulation du festival Rio Loco<\/a> dans la Ville rose \u2013<a href=\"https:\/\/actu.fr\/occitanie\/toulouse_31555\/la-haute-garonne-passe-en-vigilance-orange-aux-orages-ce-vendredi_62766893.html\" target=\"_blank\" rel=\"noopener\"> plac\u00e9e en alerte orange \u2013<\/a>, ont amen\u00e9 un sacr\u00e9 lot de turbulences pour Christophe. Jusqu\u2019\u00e0 en faire flamber la note de ses vacances portugaises\u2009! T\u00e9moignage.<\/p>\n<p>Trois tentatives d\u2019atterrissage \u00e9chou\u00e9es \u00e0 Toulouse<\/p>\n<p class=\" wall-content\">Parti avec un peu de retard, vers 19h30, le <strong>vol FR1989 Porto-Toulouse<\/strong> devait atterrir \u00e0 <a href=\"https:\/\/actu.fr\/tag\/aeroport-toulouse-blagnac\" target=\"_blank\" rel=\"noopener\"><strong>l\u2019a\u00e9roport de Toulouse-Blagnac<\/strong><\/a> vers 21h40, \u00e0 l\u2019heure o\u00f9 le <strong>tonnerre<\/strong> s\u2019\u00e9tait mis \u00e0 gronder et <strong>les \u00e9clairs <\/strong>\u00e0 frapper Toulouse. Mais \u00e0 l\u2019approche du tarmac, l\u2019atterrissage a dur\u00e9 bien plus longtemps que pr\u00e9vu\u2026 \u00ab\u2009On avait z\u00e9ro visibilit\u00e9, l\u2019avion secouait un peu, mais ce n\u2019\u00e9tait pas extraordinaire\u2009\u00bb, t\u00e9moigne Christophe aupr\u00e8s d\u2019Actu Toulouse.\u00a0Suffisamment toutefois pour emp\u00eacher le pilote de poser l\u2019a\u00e9ronef au sol.<\/p>\n<p class=\" wall-content\">\u00ab\u2009Le commandant avait pr\u00e9venu qu\u2019on allait atterrir. On a fait deux ou <strong>trois tentatives d\u2019atterrissage,<\/strong> sans succ\u00e8s. Et au bout de 20\u00a0minutes, je commen\u00e7ais \u00e0 trouver \u00e7a long, donc j\u2019ai regard\u00e9 o\u00f9 nous \u00e9tions sur la carte de mon t\u00e9l\u00e9phone\u2009\u00bb, narre le Toulousain de 33\u00a0ans.<\/p>\n<p class=\" wall-content\">Et surprise\u2009! Ce n\u2019est pas Toulouse que l\u2019avion survole d\u00e9sormais, mais plut\u00f4t le secteur de <a href=\"https:\/\/actu.fr\/occitanie\/revel_31451\" target=\"_blank\" rel=\"noopener\">Revel<\/a>. \u00ab<strong>\u2009On avait fait demi-tour<\/strong>\u2009\u00bb, note Christophe. Direction Carcassonne, \u00e0 l\u2019a\u00e9roport le plus proche, pense alors instinctivement le vacancier. Non plus\u2009!<\/p>\n<p>Demi-tour\u2026 direction l\u2019Espagne\u2009!<\/p>\n<p class=\" wall-content\">\u00ab\u2009On nous a annonc\u00e9 un <strong>atterrissage en Espagne, \u00e0 G\u00e9rone\u2009\u00bb<\/strong>, assure Christophe. Vendredi 13\u00a0juin soir, son vol depuis le Portugal \u00e9tait le seul \u00e0 avoir \u00e9t\u00e9 d\u00e9rout\u00e9. Deux autres vols au d\u00e9part de Paris avaient n\u00e9anmoins \u00e9t\u00e9 annul\u00e9s par Air France et easyJet. \u00ab\u2009Vu l\u2019atterrissage mouvement\u00e9 en Espagne, il \u00e9tait sans doute plus judicieux de ne pas prendre de risques \u00e0 Toulouse. Mais ce qui m\u2019a vraiment surpris, c\u2019est qu\u2019on aille aussi loin\u2009!\u2009\u00bb<\/p>\n<p>    <img   decoding=\"async\" loading=\"lazy\" src=\"https:\/\/www.europesays.com\/fr\/wp-content\/uploads\/2025\/06\/volryan-air-960x640.png\" alt=\"Parti de Porto, l'avion a fait demi-tour au niveau de Revel pour prendre la direction de G\u00e9rone au lieu de Toulouse.\" width=\"960\" height=\"640\"\/><br \/>\n    Parti de Porto, l\u2019avion a fait demi-tour au niveau de Revel pour prendre la direction de G\u00e9rone au lieu de Toulouse. (\u00a9Capture d\u2019\u00e9cran Flight Radar)<\/p>\n<p class=\" wall-content\">Le vol FR1989 s\u2019est pos\u00e9 \u00e0 G\u00e9rone \u00e0 22h05. Presque \u00e0 l\u2019heure initiale, mais \u00e0 la mauvaise destination donc. Si les naufrag\u00e9s du ciel se sont montr\u00e9s ravis de retrouver la terre ferme en toute s\u00e9curit\u00e9, le p\u00e9riple et le porte-monnaie n\u2019en \u00e9taient pas pour autant sauv\u00e9s. Bien au contraire\u2026<\/p>\n<p>800\u00a0euros de taxi\u2009: la note flambe\u2009!<\/p>\n<p class=\" wall-content\">Car en descendant de l\u2019avion, aucune des solutions promises par la compagnie a\u00e9rienne n\u2019aurait abouti, selon Christophe. Plans B\u2009? Monter \u00e0 bord d\u2019un FlixBus\u2009: prochain d\u00e9part, 7\u00a0heures ce samedi. Plan C\u2009? Prendre un h\u00f4tel, \u00e0 ses frais et rentrer d\u2019une autre fa\u00e7on le lendemain. Plan D\u2009? Louer une voiture \u00e0 600\u00a0euros\u2026 qu\u2019il aurait fallu ramener \u00e0 G\u00e9rone.<\/p>\n<blockquote class=\"ac-article-quote wall-content\">\n<p>Au bout d&rsquo;une heure, vers 23h30, sans aucune nouvelle, le ventre toujours vide et sans aucun bus \u00e0 l&rsquo;horizon, nous avons d\u00e9cid\u00e9 avec un groupe de 8 personnes, de solliciter un taxi pour nous ramener \u00e0 Toulouse.<\/p>\n<p>    <strong>Christophe<\/strong><br \/>\n        passager toulousain du vol Porto-Toulouse    <\/p><\/blockquote>\n<p class=\" wall-content\">Co\u00fbt de l\u2019op\u00e9ration\u2009?<strong> 800\u00a0euros.<\/strong> Une belle affaire pour le <strong>taxi<\/strong>. Et une rallonge de 100\u00a0euros par personne au budget des vacances.<\/p>\n<p class=\" wall-content\">\u00ab\u2009Au moins, je dormirai dans mon lit <strong>avant 3\u00a0heures<\/strong>\u2009\u00bb, s\u2019\u00e9tait r\u00e9sign\u00e9 Christophe, comme les autres qui, moins chanceux, devaient se rajouter deux heures de route suppl\u00e9mentaires pour rejoindre leur domicile, \u00e0 Pau.<\/p>\n<p class=\" wall-content\">\u00ab\u2009J\u2019ai plus de peine pour les personnes avec des enfants, pour qui 100\u00a0euros par personne \u00e9taient bien trop chers, bien que Ryanair nous a annonc\u00e9 un remboursement. Ou les personnes \u00e2g\u00e9es portugaises qui se sont retrouv\u00e9es prises au d\u00e9pourvu et attendaient encore une solution ce samedi 14\u00a0juin matin\u2009\u00bb, d\u00e9clare Christophe \u00e0 Actu Toulouse. Une situation bien moins confortable que la sienne, reconna\u00eet-il. Lui n\u2019aura plus qu\u2019\u00e0 faire \u00ab\u2009une petite sieste cet apr\u00e8s-midi\u2009\u00bb. \u00c0 la maison.<\/p>\n<p class=\" wall-content\">Suivez toute l\u2019actualit\u00e9 de vos villes et m\u00e9dias favoris en vous inscrivant \u00e0 <a href=\"https:\/\/moncompte.actu.fr\" title=\"D\u00e9couvez Mon Actu\" rel=\"nofollow noopener\" data-trk=\"{&quot;cta&quot;:{&quot;action&quot;:&quot;https:\\\/\\\/moncompte.actu.fr&quot;,&quot;category&quot;:&quot;mon compte&quot;,&quot;from&quot;:&quot;article footer&quot;,&quot;name&quot;:&quot;Mon actu&quot;,&quot;type&quot;:&quot;cta&quot;}}\" target=\"_blank\">Mon Actu<\/a>.<\/p>\n<ul class=\"ac-article-tag wall-content\">\n<li><a href=\"https:\/\/actu.fr\/tag\/aeroport-toulouse-blagnac\" data-trk=\"{&quot;cta&quot;:{&quot;action&quot;:&quot;A\\u00e9roport Toulouse-Blagnac&quot;,&quot;category&quot;:&quot;tag&quot;,&quot;from&quot;:&quot;article footer&quot;,&quot;name&quot;:&quot;A\\u00e9roport Toulouse-Blagnac&quot;,&quot;type&quot;:&quot;cta&quot;}}\" target=\"_blank\" rel=\"noopener\">#A\u00e9roport Toulouse-Blagnac<\/a><\/li>\n<li><a href=\"https:\/\/actu.fr\/tag\/ryanair\" data-trk=\"{&quot;cta&quot;:{&quot;action&quot;:&quot;Ryanair&quot;,&quot;category&quot;:&quot;tag&quot;,&quot;from&quot;:&quot;article footer&quot;,&quot;name&quot;:&quot;Ryanair&quot;,&quot;type&quot;:&quot;cta&quot;}}\" target=\"_blank\" rel=\"noopener\">#Ryanair<\/a><\/li>\n<\/ul>\n","protected":false},"excerpt":{"rendered":"Par Mar\u00e9va Laville Publi\u00e9 le 14 juin 2025 \u00e0 13h42 C\u2019est une fin de vacances foudroyante pour Christophe.&hellip;\n","protected":false},"author":2,"featured_media":175908,"comment_status":"","ping_status":"","sticky":false,"template":"","format":"standard","meta":{"footnotes":""},"categories":[2816],"tags":[1111,11,103,1777,674,118,1011,27,12,2680,25,8683,2312],"class_list":{"0":"post-175907","1":"post","2":"type-post","3":"status-publish","4":"format-standard","5":"has-post-thumbnail","7":"category-toulouse","8":"tag-actu","9":"tag-actualites","10":"tag-aeroport-toulouse-blagnac","11":"tag-eu","12":"tag-europe","13":"tag-faits-divers","14":"tag-fr","15":"tag-france","16":"tag-news","17":"tag-occitanie","18":"tag-republique-francaise","19":"tag-ryanair","20":"tag-toulouse"},"share_on_mastodon":{"url":"https:\/\/pubeurope.com\/@fr\/114681761233179651","error":""},"_links":{"self":[{"href":"https:\/\/www.europesays.com\/fr\/wp-json\/wp\/v2\/posts\/175907","targetHints":{"allow":["GET"]}}],"collection":[{"href":"https:\/\/www.europesays.com\/fr\/wp-json\/wp\/v2\/posts"}],"about":[{"href":"https:\/\/www.europesays.com\/fr\/wp-json\/wp\/v2\/types\/post"}],"author":[{"embeddable":true,"href":"https:\/\/www.europesays.com\/fr\/wp-json\/wp\/v2\/users\/2"}],"replies":[{"embeddable":true,"href":"https:\/\/www.europesays.com\/fr\/wp-json\/wp\/v2\/comments?post=175907"}],"version-history":[{"count":0,"href":"https:\/\/www.europesays.com\/fr\/wp-json\/wp\/v2\/posts\/175907\/revisions"}],"wp:featuredmedia":[{"embeddable":true,"href":"https:\/\/www.europesays.com\/fr\/wp-json\/wp\/v2\/media\/175908"}],"wp:attachment":[{"href":"https:\/\/www.europesays.com\/fr\/wp-json\/wp\/v2\/media?parent=175907"}],"wp:term":[{"taxonomy":"category","embeddable":true,"href":"https:\/\/www.europesays.com\/fr\/wp-json\/wp\/v2\/categories?post=175907"},{"taxonomy":"post_tag","embeddable":true,"href":"https:\/\/www.europesays.com\/fr\/wp-json\/wp\/v2\/tags?post=175907"}],"curies":[{"name":"wp","href":"https:\/\/api.w.org\/{rel}","templated":true}]}}