{"id":175915,"date":"2025-06-14T12:43:10","date_gmt":"2025-06-14T12:43:10","guid":{"rendered":"https:\/\/www.europesays.com\/fr\/175915\/"},"modified":"2025-06-14T12:43:10","modified_gmt":"2025-06-14T12:43:10","slug":"lyon-lexposition-itinerante-sur-le-realisateur-hayao-miyazaki-se-prolonge-en-mairie-du-2e","status":"publish","type":"post","link":"https:\/\/www.europesays.com\/fr\/175915\/","title":{"rendered":"Lyon. L\u2019exposition itin\u00e9rante sur le r\u00e9alisateur Hayao Miyazaki se prolonge en mairie du 2e"},"content":{"rendered":"<p>Le Mus\u00e9e de l\u2019imprimerie et de la communication graphique \u00e9tant ferm\u00e9 pour travaux pendant deux ans, <a href=\"https:\/\/www.leprogres.fr\/culture-loisirs\/2024\/04\/18\/miyazaki-dans-tous-ses-etats-au-musee-de-l-imprimerie\" target=\"_blank\" rel=\"nofollow noopener\">l\u2019exposition <\/a><a href=\"https:\/\/www.leprogres.fr\/culture-loisirs\/2024\/04\/18\/miyazaki-dans-tous-ses-etats-au-musee-de-l-imprimerie\" target=\"_blank\" rel=\"nofollow noopener\">Le mus\u00e9e ambulant. Lecture de Miyazaki<\/a> sur le r\u00e9alisateur japonais Hayao Miyazaki a d\u00e9but\u00e9 jeudi 12\u00a0juin en mairie du 2e.<\/p>\n<p>Apr\u00e8s un vif succ\u00e8s en 2024, <a href=\"https:\/\/www.leprogres.fr\/culture-loisirs\/2025\/01\/29\/expo-miyazaki-si-vous-l-avez-manquee-il-sera-possible-de-la-voir-cet-ete-a-lyon\" target=\"_blank\" rel=\"nofollow noopener\">l\u2019exposition prolonge son voyage dans les mairies d\u2019arrondissements<\/a>. Salle Camille-Georges est pr\u00e9sent\u00e9 un film du c\u00e9l\u00e8bre r\u00e9alisateur, Mon voisin Totoro , ainsi qu\u2019un ensemble d\u2019images et de documents. \u00ab\u00a0Cette exposition repens\u00e9e en modules offre aux publics de riches extraits du projet initial\u00a0\u00bb, se r\u00e9jouit Maryll Guilloteau, adjointe \u00e0 la Culture.<\/p>\n<p>\u00ab\u00a0Durant la fermeture, selon la place disponible dans les mairies, au maximum quatre films seront propos\u00e9s. Un signal int\u00e9ressant pour les publics les plus jeunes ou les amateurs\u00a0\u00bb, indique Joseph Belletante, directeur du mus\u00e9e de l\u2019imprimerie.<\/p>\n<p class=\"note\">Mairie du 2e. Acc\u00e8s gratuit. Jusqu\u2019au 29\u00a0ao\u00fbt.<\/p>\n","protected":false},"excerpt":{"rendered":"Le Mus\u00e9e de l\u2019imprimerie et de la communication graphique \u00e9tant ferm\u00e9 pour travaux pendant deux ans, l\u2019exposition Le&hellip;\n","protected":false},"author":2,"featured_media":175916,"comment_status":"","ping_status":"","sticky":false,"template":"","format":"standard","meta":{"footnotes":""},"categories":[1889],"tags":[1111,11,2430,1687,2757,1777,674,2271,1011,27,2428,12354,12353,12,25],"class_list":{"0":"post-175915","1":"post","2":"type-post","3":"status-publish","4":"format-standard","5":"has-post-thumbnail","7":"category-lyon","8":"tag-actu","9":"tag-actualites","10":"tag-auvergne-rhone-alpes","11":"tag-culture-loisirs","12":"tag-edition-lyon-villeurbanne","13":"tag-eu","14":"tag-europe","15":"tag-exposition-arts-plastiques","16":"tag-fr","17":"tag-france","18":"tag-lyon","19":"tag-lyon-2e","20":"tag-lyon-2e-arrondissement","21":"tag-news","22":"tag-republique-francaise"},"share_on_mastodon":{"url":"https:\/\/pubeurope.com\/@fr\/114681780830203235","error":""},"_links":{"self":[{"href":"https:\/\/www.europesays.com\/fr\/wp-json\/wp\/v2\/posts\/175915","targetHints":{"allow":["GET"]}}],"collection":[{"href":"https:\/\/www.europesays.com\/fr\/wp-json\/wp\/v2\/posts"}],"about":[{"href":"https:\/\/www.europesays.com\/fr\/wp-json\/wp\/v2\/types\/post"}],"author":[{"embeddable":true,"href":"https:\/\/www.europesays.com\/fr\/wp-json\/wp\/v2\/users\/2"}],"replies":[{"embeddable":true,"href":"https:\/\/www.europesays.com\/fr\/wp-json\/wp\/v2\/comments?post=175915"}],"version-history":[{"count":0,"href":"https:\/\/www.europesays.com\/fr\/wp-json\/wp\/v2\/posts\/175915\/revisions"}],"wp:featuredmedia":[{"embeddable":true,"href":"https:\/\/www.europesays.com\/fr\/wp-json\/wp\/v2\/media\/175916"}],"wp:attachment":[{"href":"https:\/\/www.europesays.com\/fr\/wp-json\/wp\/v2\/media?parent=175915"}],"wp:term":[{"taxonomy":"category","embeddable":true,"href":"https:\/\/www.europesays.com\/fr\/wp-json\/wp\/v2\/categories?post=175915"},{"taxonomy":"post_tag","embeddable":true,"href":"https:\/\/www.europesays.com\/fr\/wp-json\/wp\/v2\/tags?post=175915"}],"curies":[{"name":"wp","href":"https:\/\/api.w.org\/{rel}","templated":true}]}}