{"id":175917,"date":"2025-06-14T12:44:12","date_gmt":"2025-06-14T12:44:12","guid":{"rendered":"https:\/\/www.europesays.com\/fr\/175917\/"},"modified":"2025-06-14T12:44:12","modified_gmt":"2025-06-14T12:44:12","slug":"pres-de-lyon-on-a-teste-ce-restaurant-avec-vue-sur-les-monts-dor","status":"publish","type":"post","link":"https:\/\/www.europesays.com\/fr\/175917\/","title":{"rendered":"Pr\u00e8s de Lyon. On a test\u00e9 ce restaurant avec vue sur les monts d&rsquo;Or"},"content":{"rendered":"<p><img loading=\"lazy\" decoding=\"async\" alt=\"\u00a9 St\u00e9phanie Borg - Au sein de la Cuisine-\u00e0-Manger, restaurant de l'h\u00f4tel Ermitage dans les monts d'Or, le chef Nicolas Moreau propose une cuisine d\u00e9licate.\" data-zoom-src=\"https:\/\/www.europesays.com\/fr\/wp-content\/uploads\/2025\/06\/initial-on-a-teste-le-restaurant-la-cuisine-a-manger-saint-cyr-au-mont-d-or-credit-stephanie-borg.jp.jpeg\" data-zoomable=\"\" height=\"702\" src=\"https:\/\/www.europesays.com\/fr\/wp-content\/uploads\/2025\/06\/initial-on-a-teste-le-restaurant-la-cuisine-a-manger-saint-cyr-au-mont-d-or-credit-stephanie-borg.jp.jpeg\" width=\"1248\"\/>  <\/p>\n<p class=\"article-desc\">\u00a9 St\u00e9phanie Borg &#8211; Au sein de la Cuisine-\u00e0-Manger, restaurant de l&rsquo;h\u00f4tel Ermitage dans les monts d&rsquo;Or, le chef Nicolas Moreau propose une cuisine d\u00e9licate. <\/p>\n<p>On pourrait venir ici<strong> uniquement pour la vue<\/strong>, tant le paysage qui se d\u00e9ploie sous nos yeux, tout Lyon et alentours, suffit \u00e0 nourrir notre insatiable curiosit\u00e9. <\/p>\n<p>En pleine journ\u00e9e ou \u00e0 la nuit tomb\u00e9e \u2013 l&rsquo;heure du coucher du soleil est tr\u00e8s pris\u00e9e \u2013 il y a toujours quelque chose \u00e0 admirer attabl\u00e9s \u00e0<strong> La Cuisine-\u00e0-Manger<\/strong>. <\/p>\n<p>La Cuisine-\u00e0-Manger ou la promesse d&rsquo;un doux moment dans les monts d&rsquo;Or <\/p>\n<p>Cette fin d&rsquo;hiver ne nous permet pas de profiter de la<strong> terrasse<\/strong>, mais les promesses de l&#8217;emplacement, au sommet du<strong> mont Cindre dans les monts d&rsquo;Or<\/strong>, laissent imaginer un doux moment. Qu&rsquo;importe. <\/p>\n<p>Au chaud, \u00e0 l&rsquo;int\u00e9rieur, le cube vitr\u00e9 o\u00f9 nous sommes install\u00e9s permet de profiter de la <strong>vue panoramique<\/strong>. C\u00f4t\u00e9 assiette, on en prend \u00e9galement plein la vue avec la <strong>cuisine d\u00e9licate et inspir\u00e9e de Nicolas Moreau<\/strong>, revenu \u00e0 Lyon o\u00f9 il avait fait son apprentissage dans les <strong>\u00e9tablissements Bocuse<\/strong>, apr\u00e8s plusieurs voyages.<\/p>\n<p>Une exp\u00e9rience d&rsquo;o\u00f9 il tire probablement ses inspirations, comme son <strong>oignon doux des C\u00e9vennes sur polenta<\/strong> parfum\u00e9e au m\u00e9lilot, une fleur aux ar\u00f4mes de vanille et d&rsquo;amande am\u00e8re, sa lotte des cotes bretonnes cuisin\u00e9e au gomasio \u2013 condiment japonais au s\u00e9same et sel marin \u2013 et associ\u00e9e au butternut et au curry ou ses poires aux \u00e9pices. <\/p>\n<p>C&rsquo;est \u00e0 la fois <strong>subtil<\/strong>, relev\u00e9 comme il faut et l\u00e9ger. Carte des vins bien fournie o\u00f9 grands crus c\u00f4toient belles d\u00e9couvertes. Une exp\u00e9rience \u00e0 renouveler. <\/p>\n<p><strong>Infos pratiques<\/strong> <\/p>\n<p>Adresse : H\u00f4tel L&rsquo;Ermitage, chemin de l&rsquo;Ermitage, Mont Cindre, 69450 Saint-Cyr-au-Mont-d&rsquo;Or. <\/p>\n<p>R\u00e9servations par t\u00e9l\u00e9phone : 04 72 19 69 69 et sur <a href=\"https:\/\/www.lermitage-hotel.com\/fr\/cuisine-a-manger.html\" rel=\"noopener\" target=\"_blank\">le site de La Cuisine-\u00e0-Manger.<\/a> <\/p>\n<p>Formule d\u00e9jeuner \u00e0 partir de 29 euros, menu du soir \u00e0 partir de 42 euros.<\/p>\n","protected":false},"excerpt":{"rendered":"\u00a9 St\u00e9phanie Borg &#8211; Au sein de la Cuisine-\u00e0-Manger, restaurant de l&rsquo;h\u00f4tel Ermitage dans les monts d&rsquo;Or, le&hellip;\n","protected":false},"author":2,"featured_media":175918,"comment_status":"","ping_status":"","sticky":false,"template":"","format":"standard","meta":{"footnotes":""},"categories":[1889],"tags":[1111,11,2430,1777,674,1011,27,2428,12,25,2923,3336],"class_list":{"0":"post-175917","1":"post","2":"type-post","3":"status-publish","4":"format-standard","5":"has-post-thumbnail","7":"category-lyon","8":"tag-actu","9":"tag-actualites","10":"tag-auvergne-rhone-alpes","11":"tag-eu","12":"tag-europe","13":"tag-fr","14":"tag-france","15":"tag-lyon","16":"tag-news","17":"tag-republique-francaise","18":"tag-restaurants","19":"tag-sortir-u00e0-lyon"},"share_on_mastodon":{"url":"https:\/\/pubeurope.com\/@fr\/114681784815394470","error":""},"_links":{"self":[{"href":"https:\/\/www.europesays.com\/fr\/wp-json\/wp\/v2\/posts\/175917","targetHints":{"allow":["GET"]}}],"collection":[{"href":"https:\/\/www.europesays.com\/fr\/wp-json\/wp\/v2\/posts"}],"about":[{"href":"https:\/\/www.europesays.com\/fr\/wp-json\/wp\/v2\/types\/post"}],"author":[{"embeddable":true,"href":"https:\/\/www.europesays.com\/fr\/wp-json\/wp\/v2\/users\/2"}],"replies":[{"embeddable":true,"href":"https:\/\/www.europesays.com\/fr\/wp-json\/wp\/v2\/comments?post=175917"}],"version-history":[{"count":0,"href":"https:\/\/www.europesays.com\/fr\/wp-json\/wp\/v2\/posts\/175917\/revisions"}],"wp:featuredmedia":[{"embeddable":true,"href":"https:\/\/www.europesays.com\/fr\/wp-json\/wp\/v2\/media\/175918"}],"wp:attachment":[{"href":"https:\/\/www.europesays.com\/fr\/wp-json\/wp\/v2\/media?parent=175917"}],"wp:term":[{"taxonomy":"category","embeddable":true,"href":"https:\/\/www.europesays.com\/fr\/wp-json\/wp\/v2\/categories?post=175917"},{"taxonomy":"post_tag","embeddable":true,"href":"https:\/\/www.europesays.com\/fr\/wp-json\/wp\/v2\/tags?post=175917"}],"curies":[{"name":"wp","href":"https:\/\/api.w.org\/{rel}","templated":true}]}}