{"id":175927,"date":"2025-06-14T12:50:13","date_gmt":"2025-06-14T12:50:13","guid":{"rendered":"https:\/\/www.europesays.com\/fr\/175927\/"},"modified":"2025-06-14T12:50:13","modified_gmt":"2025-06-14T12:50:13","slug":"une-femme-dans-le-coma-apres-la-chute-dune-branche-pendant-les-orages-2","status":"publish","type":"post","link":"https:\/\/www.europesays.com\/fr\/175927\/","title":{"rendered":"Une femme dans le coma apr\u00e8s la chute d\u2019une branche pendant les orages"},"content":{"rendered":"<p>Des <a href=\"https:\/\/www.20minutes.fr\/planete\/4158509-20250614-meteo-15-departements-passeront-vigilance-orange-partir-samedi-apres-midi\" target=\"_blank\" class=\"color-ultramarine c-link\" rel=\"noopener\">violents orages<\/a> se sont abattus sur une grande partie de la France, faisant, pour l\u2019heure, <a href=\"https:\/\/www.20minutes.fr\/faits_divers\/4158507-20250614-yvelines-arbre-touche-foudre-effondre-homme-68-ans-tue\" target=\"_blank\" class=\"color-ultramarine c-link\" rel=\"noopener\">un mort \u00e0 Grandchamp<\/a> dans les <a href=\"https:\/\/www.20minutes.fr\/societe\/yvelines\/\" class=\"color-ultramarine c-link\" target=\"_blank\" rel=\"noopener\">Yvelines<\/a> mais aussi une femme a \u00e9t\u00e9 gri\u00e8vement bless\u00e9e \u00e0 <a href=\"https:\/\/www.20minutes.fr\/paris\/\" class=\"color-ultramarine c-link\" target=\"_blank\" rel=\"noopener\">Paris<\/a> dans la nuit de vendredi \u00e0 samedi. En effet, vers 23 heures, dans la capitale, une femme a \u00e9t\u00e9 victime de la chute d\u2019une branche d\u2019arbre, selon une source polici\u00e8re.<\/p>\n<\/p>\n<p>En urgence absolue<\/p>\n<p>L\u2019accident est survenu dans le 5e\u00a0arrondissement et la victime a \u00e9t\u00e9 hospitalis\u00e9e, pr\u00e9cise la brigade des sapeurs-pompiers de <a href=\"https:\/\/www.20minutes.fr\/paris\/\" class=\"color-ultramarine c-link\" target=\"_blank\" rel=\"noopener\">Paris<\/a>. Selon cette m\u00eame source, la victime passait la soir\u00e9e avec des amis quand l\u2019arbre sous lequel elle se trouvait a \u00e9t\u00e9 frapp\u00e9 par la foudre, provoquant la chute d\u2019une branche qui l\u2019a bless\u00e9e \u00e0 la t\u00eate. Plong\u00e9e dans le coma par les secours, elle a \u00e9t\u00e9 transport\u00e9e en urgence absolue \u00e0 l\u2019h\u00f4pital Henri-Mondor de <a href=\"https:\/\/www.20minutes.fr\/dossier\/creteil\" class=\"color-ultramarine c-link\" target=\"_blank\" rel=\"noopener\">Cr\u00e9teil<\/a>.<\/p>\n<p><a href=\"https:\/\/www.20minutes.fr\/planete\/4158305-20250613-alerte-orages-dix-sept-departements-vigilance-orange-vendredi-apres-midi\" target=\"_blank\" class=\"color-ultramarine c-link\" rel=\"noopener\">Vingt-huit d\u00e9partements<\/a> du sud-ouest et du nord-ouest du pays avaient \u00e9t\u00e9 plac\u00e9s en vigilance orange vendredi apr\u00e8s-midi en raison d\u2019une \u00ab\u00a0d\u00e9gradation orageuse\u00a0\u00bb, avec un fort risque de ph\u00e9nom\u00e8nes localement violents.<\/p>\n<p>La Direction g\u00e9n\u00e9rale de l\u2019aviation civile avait demand\u00e9 aux compagnies a\u00e9riennes de r\u00e9duire de 20\u00a0% leur programme de vols vendredi soir \u00e0 l\u2019<a href=\"https:\/\/www.20minutes.fr\/dossier\/orly\" class=\"color-ultramarine c-link\" target=\"_blank\" rel=\"noopener\">a\u00e9roport d\u2019Orly <\/a>(<a href=\"https:\/\/www.20minutes.fr\/societe\/val-de-marne\/\" class=\"color-ultramarine c-link\" target=\"_blank\" rel=\"noopener\">Val-de-Marne<\/a>), pour limiter d\u2019\u00e9ventuelles perturbations.<\/p>\n","protected":false},"excerpt":{"rendered":"Des violents orages se sont abattus sur une grande partie de la France, faisant, pour l\u2019heure, un mort&hellip;\n","protected":false},"author":2,"featured_media":175928,"comment_status":"","ping_status":"","sticky":false,"template":"","format":"standard","meta":{"footnotes":""},"categories":[1888],"tags":[119,47,11,8982,1777,674,118,658,21413,1011,27,662,2487,8527,12,4594,626,25],"class_list":{"0":"post-175927","1":"post","2":"type-post","3":"status-publish","4":"format-standard","5":"has-post-thumbnail","7":"category-paris","8":"tag-accident","9":"tag-actualite","10":"tag-actualites","11":"tag-coma","12":"tag-eu","13":"tag-europe","14":"tag-faits-divers","15":"tag-faits-divers-paris","16":"tag-foudre","17":"tag-fr","18":"tag-france","19":"tag-ile-de-france","20":"tag-meteo","21":"tag-meteorologie","22":"tag-news","23":"tag-orages","24":"tag-paris","25":"tag-republique-francaise"},"share_on_mastodon":{"url":"https:\/\/pubeurope.com\/@fr\/114681808407898661","error":""},"_links":{"self":[{"href":"https:\/\/www.europesays.com\/fr\/wp-json\/wp\/v2\/posts\/175927","targetHints":{"allow":["GET"]}}],"collection":[{"href":"https:\/\/www.europesays.com\/fr\/wp-json\/wp\/v2\/posts"}],"about":[{"href":"https:\/\/www.europesays.com\/fr\/wp-json\/wp\/v2\/types\/post"}],"author":[{"embeddable":true,"href":"https:\/\/www.europesays.com\/fr\/wp-json\/wp\/v2\/users\/2"}],"replies":[{"embeddable":true,"href":"https:\/\/www.europesays.com\/fr\/wp-json\/wp\/v2\/comments?post=175927"}],"version-history":[{"count":0,"href":"https:\/\/www.europesays.com\/fr\/wp-json\/wp\/v2\/posts\/175927\/revisions"}],"wp:featuredmedia":[{"embeddable":true,"href":"https:\/\/www.europesays.com\/fr\/wp-json\/wp\/v2\/media\/175928"}],"wp:attachment":[{"href":"https:\/\/www.europesays.com\/fr\/wp-json\/wp\/v2\/media?parent=175927"}],"wp:term":[{"taxonomy":"category","embeddable":true,"href":"https:\/\/www.europesays.com\/fr\/wp-json\/wp\/v2\/categories?post=175927"},{"taxonomy":"post_tag","embeddable":true,"href":"https:\/\/www.europesays.com\/fr\/wp-json\/wp\/v2\/tags?post=175927"}],"curies":[{"name":"wp","href":"https:\/\/api.w.org\/{rel}","templated":true}]}}