{"id":175933,"date":"2025-06-14T12:53:13","date_gmt":"2025-06-14T12:53:13","guid":{"rendered":"https:\/\/www.europesays.com\/fr\/175933\/"},"modified":"2025-06-14T12:53:13","modified_gmt":"2025-06-14T12:53:13","slug":"pour-jerome-seydoux-lechec-du-comte-de-monte-cristo-aux-usa-est-cause-par-pierre-niney-on-ne-le-connait-pas","status":"publish","type":"post","link":"https:\/\/www.europesays.com\/fr\/175933\/","title":{"rendered":"Pour J\u00e9r\u00f4me Seydoux, l\u2019\u00e9chec du \u00ab\u00a0Comte de Monte-Cristo\u00a0\u00bb aux USA est caus\u00e9 par\u2026 Pierre Niney : \u00ab\u00a0On ne le conna\u00eet pas\u00a0\u00bb"},"content":{"rendered":"<p>      R\u00e9sum\u00e9<\/p>\n<p>Le nouveau Comte de Monte-Cristo avec Pierre Niney cartonne en France mais d\u00e9\u00e7oit aux \u00c9tats-Unis, o\u00f9 son manque de notori\u00e9t\u00e9 freine son succ\u00e8s international.<\/p>\n<p>        Sommaire<\/p>\n<p>Le 28 juin 2024, <strong>Pierre Niney faisait sensation en France<\/strong> <a href=\"https:\/\/vsd.fr\/64447-je-ne-me-vois-plus-vivre-en-ville-pierre-niney-evoque-sa-nouvelle-vie-en-famille-a-la-campagne\/\" target=\"_blank\" rel=\"noopener\">en campant le r\u00f4le d&rsquo;Edmond Dant\u00e8s<\/a> dans l&rsquo;adaptation du Comte de Monte-Cristo par Matthieu Delaporte. Cette co-production par Chapter 2 et Path\u00e9 a r\u00e9alis\u00e9 un v\u00e9ritable carton en France, avec <strong>plus de 9,4 millions d&rsquo;entr\u00e9es<\/strong> au box-office. En Europe, de nombreux autres pays ont accueilli le film, comme notamment la Russie, avec 1,2 million de spectateurs.<\/p>\n<p>Le monde entier s&rsquo;est offert Le Comte de Monte-Cristo, avec plus ou moins de succ\u00e8s. L&rsquo;\u0153uvre \u00e9ponyme d&rsquo;Alexandre Dumas port\u00e9e par Pierre Niney <strong>a m\u00eame \u00e9t\u00e9 vue en Am\u00e9rique du Sud<\/strong> : 269 000 entr\u00e9es au Mexique et 67 000 entr\u00e9es en Colombie. Au total, ce sont pr\u00e8s de 13 millions d&rsquo;entr\u00e9es pour plus de <strong>75,8 millions de dollars<\/strong> de recettes recens\u00e9es. Un succ\u00e8s qui, pourtant, ne pla\u00eet pas \u00e0 <a href=\"https:\/\/www.public.fr\/je-ne-pense-pas-que-depardieu-ait-viole-l-oncle-de-lea-seydoux-et-figure-phare-du-cinema-fait-de-nouveau-polemique\" target=\"_blank\" rel=\"noopener\">J\u00e9r\u00f4me Seydoux<\/a>.<\/p>\n<p>Pierre Niney n&rsquo;a pas plu aux Am\u00e9ricains&#8230;<\/p>\n<p>En effet, pour l&rsquo;homme d&rsquo;affaires de 90 ans, <strong>qui co-pr\u00e9side Path\u00e9 depuis vingt-cinq ans<\/strong>, le film a \u00e9t\u00e9 un \u00e9chec \u00e0 l&rsquo;international. Il a r\u00e9alis\u00e9 des recettes de 529 830 dollars, et a rapidement \u00e9t\u00e9 sorti du catalogue. Un insucc\u00e8s que <a href=\"https:\/\/www.public.fr\/l-homme-d-affaires-et-papa-de-lea-seydoux-est-en-couple-avec-une-tres-celebre-actrice\" target=\"_blank\" rel=\"noopener\">le grand-p\u00e8re de L\u00e9a Seydoux<\/a> avait pr\u00e9m\u00e9dit\u00e9. En effet, pour J\u00e9r\u00f4me Seydoux, les propositions fran\u00e7aises ne sont pas suffisamment prometteuses pour plaire outre-Atlantique&#8230; <\/p>\n<p>\u00ab\u00a0La r\u00e9ponse est que si Path\u00e9 veut retrouver des spectateurs am\u00e9ricains, il faut qu&rsquo;ils fassent des films en anglais, avec des acteurs qui parlent anglais\u00a0\u00bb a estim\u00e9 le milliardaire. Mais pour J\u00e9r\u00f4me Seydoux, le probl\u00e8me vient aussi de Pierre Niney, qui selon lui, <strong>n&rsquo;est pas un acteur suffisamment bankable<\/strong>. <\/p>\n<p>\u00ab\u00a0Pourquoi Monte-Cristo ne voyage pas mieux ? Monte-Cristo ne voyage pas mieux parce que les com\u00e9diens fran\u00e7ais ne sont juste pas connus en dehors de France. C&rsquo;est pas la qualit\u00e9 du film ! Mais les gens se disent : <strong>Pierre Niney, on ne le conna\u00eet pas<\/strong> !\u00a0\u00bb a ainsi tanc\u00e9 l&rsquo;homme d&rsquo;affaires. <\/p>\n<p>Simon Abkarian va-t-il faire mieux ?<\/p>\n<p>Ces derniers mois, parmi les films qu&rsquo;a r\u00e9alis\u00e9s Path\u00e9 Films et qui ont pu convaincre les Etats-Unis, on peut citer les deux opus des Trois Mousquetaires avec <strong>Fran\u00e7ois Civil<\/strong>, Monsieur Aznavour avec <strong>Tahar Rahim<\/strong>, Emilia Perez de Jacques Audiard, et prochainement le biopic sur Charles de Gaulle, avec Simon Abkarian dans le r\u00f4le-titre. Mais cette offre, tr\u00e8s prometteuse et attendue en France, <strong>va-t-elle vraiment \u00eatre suivie par les Am\u00e9ricains<\/strong> ? R\u00e9ponse dans quelques mois&#8230;<\/p>\n<p>      Mentionn\u00e9s dans cet article<\/p>\n<p>\u00c0 lire aussi<\/p>\n","protected":false},"excerpt":{"rendered":"R\u00e9sum\u00e9 Le nouveau Comte de Monte-Cristo avec Pierre Niney cartonne en France mais d\u00e9\u00e7oit aux \u00c9tats-Unis, o\u00f9 son&hellip;\n","protected":false},"author":2,"featured_media":175934,"comment_status":"","ping_status":"","sticky":false,"template":"","format":"standard","meta":{"footnotes":""},"categories":[1589],"tags":[11,73,1866,31150,23660,12,17758,1864,1865,1863,308],"class_list":{"0":"post-175933","1":"post","2":"type-post","3":"status-publish","4":"format-standard","5":"has-post-thumbnail","7":"category-etats-unis","8":"tag-actualites","9":"tag-etats-unis","10":"tag-etats-unis-damerique","11":"tag-film-francais","12":"tag-lea-seydoux","13":"tag-news","14":"tag-pierre-niney","15":"tag-united-states","16":"tag-united-states-of-america","17":"tag-us","18":"tag-usa"},"share_on_mastodon":{"url":"https:\/\/pubeurope.com\/@fr\/114681820095293519","error":""},"_links":{"self":[{"href":"https:\/\/www.europesays.com\/fr\/wp-json\/wp\/v2\/posts\/175933","targetHints":{"allow":["GET"]}}],"collection":[{"href":"https:\/\/www.europesays.com\/fr\/wp-json\/wp\/v2\/posts"}],"about":[{"href":"https:\/\/www.europesays.com\/fr\/wp-json\/wp\/v2\/types\/post"}],"author":[{"embeddable":true,"href":"https:\/\/www.europesays.com\/fr\/wp-json\/wp\/v2\/users\/2"}],"replies":[{"embeddable":true,"href":"https:\/\/www.europesays.com\/fr\/wp-json\/wp\/v2\/comments?post=175933"}],"version-history":[{"count":0,"href":"https:\/\/www.europesays.com\/fr\/wp-json\/wp\/v2\/posts\/175933\/revisions"}],"wp:featuredmedia":[{"embeddable":true,"href":"https:\/\/www.europesays.com\/fr\/wp-json\/wp\/v2\/media\/175934"}],"wp:attachment":[{"href":"https:\/\/www.europesays.com\/fr\/wp-json\/wp\/v2\/media?parent=175933"}],"wp:term":[{"taxonomy":"category","embeddable":true,"href":"https:\/\/www.europesays.com\/fr\/wp-json\/wp\/v2\/categories?post=175933"},{"taxonomy":"post_tag","embeddable":true,"href":"https:\/\/www.europesays.com\/fr\/wp-json\/wp\/v2\/tags?post=175933"}],"curies":[{"name":"wp","href":"https:\/\/api.w.org\/{rel}","templated":true}]}}