{"id":175937,"date":"2025-06-14T12:55:14","date_gmt":"2025-06-14T12:55:14","guid":{"rendered":"https:\/\/www.europesays.com\/fr\/175937\/"},"modified":"2025-06-14T12:55:14","modified_gmt":"2025-06-14T12:55:14","slug":"revirement-inattendu-qui-condamne-lhydrogene-au-profit-dune-nouvelle-generation-de-moteurs","status":"publish","type":"post","link":"https:\/\/www.europesays.com\/fr\/175937\/","title":{"rendered":"revirement inattendu qui condamne l\u2019hydrog\u00e8ne au profit d\u2019une nouvelle g\u00e9n\u00e9ration de moteurs"},"content":{"rendered":"<p><strong>Le plan secret d\u2019Audi pour \u00e9craser Tesla : un abandon historique de l\u2019hydrog\u00e8ne pour miser sur la vitesse, l\u2019autonomie et la recharge<\/strong><\/p>\n<p>Le paysage automobile europ\u00e9en s\u2019appr\u00eate \u00e0 vivre un v\u00e9ritable s\u00e9isme. Alors que l\u2019hydrog\u00e8ne semblait un temps promis \u00e0 un avenir radieux, l\u2019Allemagne, moteur de l\u2019industrie automobile continentale, choisit finalement de tourner la page. \u00c0 partir de 2026, certains constructeurs allemands de premier plan, dont Audi, ne miseront plus sur cette technologie. Une d\u00e9cision qui en dit long sur l\u2019\u00e9volution des priorit\u00e9s industrielles, environnementales et \u00e9conomiques.<\/p>\n<p>Ce qui me fascine ici, c\u2019est le <strong data-start=\"2212\" data-end=\"2241\">virage brutal mais assum\u00e9<\/strong> d\u2019un g\u00e9ant comme Audi. Pendant des ann\u00e9es, l\u2019hydrog\u00e8ne a \u00e9t\u00e9 pr\u00e9sent\u00e9 comme le Saint Graal par les ing\u00e9nieurs allemands\u2026 Aujourd\u2019hui, on enterre cette promesse presque en silence. Mais attention, ce n\u2019est pas un aveu d\u2019\u00e9chec. C\u2019est un <strong data-start=\"2477\" data-end=\"2516\">choix strat\u00e9gique m\u00fbrement r\u00e9fl\u00e9chi<\/strong> pour garder une longueur d\u2019avance. L\u2019hydrog\u00e8ne reste s\u00e9duisant sur le papier, mais dans la r\u00e9alit\u00e9 industrielle de 2025, <strong data-start=\"2638\" data-end=\"2718\">l\u2019\u00e9lectrique gagne partout : sur le plan \u00e9conomique, technique et \u00e9cologique<\/strong>. Ce revirement pourrait bien marquer <strong data-start=\"2756\" data-end=\"2790\">la fin des illusions hydrog\u00e8ne<\/strong>\u2026 et le d\u00e9but d\u2019un \u00e2ge d\u2019or \u00e9lectrique pour l\u2019automobile europ\u00e9enne.<\/p>\n<p>Lire aussi :<\/p>\n<ol>\n<li><a href=\"https:\/\/www.troyes-obs.fr\/actualites\/412162\/cette-marque-de-voiture-coreenne-introduit-un-nouveau-moteur-qui-change-la-donne-et-promet-de-multiplier-votre-pouvoir-dachat-par-deux\/\" target=\"_blank\" rel=\"noopener\">Cette marque de voiture cor\u00e9enne introduit un nouveau moteur qui change la donne et promet de multiplier votre pouvoir d\u2019achat par deux<\/a><\/li>\n<li><a href=\"https:\/\/www.troyes-obs.fr\/actualites\/411912\/retour-a-lessence-meme-de-la-voiture-moteur-atmospherique-boite-de-vitesse-manuelle-ce-cocktail-explosif-tient-dans-moins-dune-tonne\/\" target=\"_blank\" rel=\"noopener\">Retour \u00e0 l\u2019essence m\u00eame de la voiture ! Moteur atmosph\u00e9rique, boite de vitesse manuelle, ce cocktail explosif tient dans moins d\u2019une tonne<\/a><\/li>\n<\/ol>\n<p>Pourquoi l\u2019hydrog\u00e8ne ne convainc plus les g\u00e9ants allemands<\/p>\n<p>Longtemps consid\u00e9r\u00e9 comme l\u2019alternative id\u00e9ale aux carburants fossiles, <a href=\"https:\/\/www.troyes-obs.fr\/actualites\/412023\/la-solution-inouie-concue-par-ce-constructeur-anglais-pour-prolonger-lautonomie-de-sa-voiture-electrique-lui-permet-dencaisser-ses-1-180-chevaux-et-la-consommation-qui-va-a\/\" target=\"_blank\" rel=\"noopener\">l\u2019hydrog\u00e8ne<\/a> peine aujourd\u2019hui \u00e0 s\u2019imposer sur le terrain. En cause : un manque d\u2019infrastructures, des co\u00fbts de production encore tr\u00e8s \u00e9lev\u00e9s, une efficacit\u00e9 \u00e9nerg\u00e9tique discutable et une logistique complexe. Pour des groupes comme Audi, qui cherchent \u00e0 concilier performance industrielle, rentabilit\u00e9 et transition \u00e9cologique, l\u2019\u00e9quation ne tient plus.<\/p>\n<p>Cette remise en cause de l\u2019hydrog\u00e8ne survient dans un contexte o\u00f9 l\u2019Union europ\u00e9enne intensifie ses normes environnementales. Les constructeurs doivent d\u00e9sormais s\u2019adapter rapidement \u00e0 des seuils d\u2019\u00e9missions drastiquement abaiss\u00e9s, avec les fameuses normes Euro 7 en ligne de mire. L\u2019\u00e9lectrification appara\u00eet alors comme la voie la plus directe pour r\u00e9pondre \u00e0 ces exigences, tout en r\u00e9pondant \u00e0 la demande croissante pour des v\u00e9hicules plus propres et plus technologiques.<\/p>\n<p>Audi mise tout sur l\u2019\u00e9lectrique et dit adieu \u00e0 la combustion<\/p>\n<p>Symbole fort de ce changement de cap, Audi a confirm\u00e9 que, d\u00e8s 2026, plus aucun nouveau mod\u00e8le thermique ou hybride ne sera lanc\u00e9. \u00c0 la place, la marque aux anneaux concentrera tous ses efforts sur des v\u00e9hicules 100 pour cent \u00e9lectriques, amor\u00e7ant un basculement irr\u00e9versible de sa gamme. Une transition qui entra\u00eenera l\u2019arr\u00eat progressif de mod\u00e8les embl\u00e9matiques comme l\u2019A3 ou l\u2019A4, au profit d\u2019une nouvelle g\u00e9n\u00e9ration de berlines, SUV et sportives con\u00e7us pour la mobilit\u00e9 durable.<\/p>\n<p>Ce choix strat\u00e9gique s\u2019inscrit dans une volont\u00e9 claire de leadership technologique. Audi ne veut pas seulement suivre la tendance, mais la fa\u00e7onner. En int\u00e9grant des technologies de recharge ultra-rapide, des batteries haute capacit\u00e9 et des plateformes modulaires \u00e9lectriques, le constructeur entend red\u00e9finir les standards de l\u2019automobile premium europ\u00e9enne.<\/p>\n<p>Formule 1 : la vitrine technologique du changement<\/p>\n<p>Ce repositionnement s\u2019\u00e9tend jusqu\u2019aux circuits. Audi a r\u00e9cemment annonc\u00e9 son entr\u00e9e en Formule 1 avec l\u2019acquisition de l\u2019\u00e9curie Sauber. D\u00e8s 2026, l\u2019\u00e9quipe alignera une unit\u00e9 de puissance d\u00e9velopp\u00e9e \u00e0 Neuburg, int\u00e9grant moteur \u00e9lectrique, batterie avanc\u00e9e et carburants de synth\u00e8se durables. Ce laboratoire technologique servira \u00e0 valider en conditions extr\u00eames les innovations qui seront ensuite int\u00e9gr\u00e9es aux mod\u00e8les de s\u00e9rie. L\u2019abandon de l\u2019hydrog\u00e8ne y est \u00e9galement confirm\u00e9 : Audi privil\u00e9giera des carburants renouvelables bien plus compatibles avec les infrastructures actuelles.<\/p>\n<p>Vers un nouveau mod\u00e8le \u00e9nerg\u00e9tique dans l\u2019automobile<\/p>\n<p>En refusant de poursuivre dans la voie de l\u2019hydrog\u00e8ne, l\u2019industrie automobile allemande envoie un signal fort : l\u2019avenir se construira autour de l\u2019\u00e9lectrique et de solutions plus imm\u00e9diatement viables. Les g\u00e9ants comme Audi font d\u00e9sormais le pari d\u2019un r\u00e9seau de recharge rapide, d\u2019une densit\u00e9 \u00e9nerg\u00e9tique accrue et d\u2019un \u00e9cosyst\u00e8me ma\u00eetris\u00e9, de la production d\u2019\u00e9lectricit\u00e9 \u00e0 la conception des batteries.<\/p>\n<p>Cette strat\u00e9gie s\u2019appuie aussi sur des enjeux \u00e9conomiques. Contrairement \u00e0 l\u2019hydrog\u00e8ne, dont la cha\u00eene logistique est encore balbutiante, l\u2019\u00e9lectrique b\u00e9n\u00e9ficie d\u00e9j\u00e0 d\u2019une dynamique mondiale. Les constructeurs peuvent y d\u00e9ployer plus facilement leur savoir-faire, optimiser leurs co\u00fbts et r\u00e9pondre aux attentes des consommateurs, de plus en plus sensibles aux questions de durabilit\u00e9 mais aussi \u00e0 la simplicit\u00e9 d\u2019usage.<\/p>\n<p>Des r\u00e9percussions pour toute l\u2019Europe<\/p>\n<p>Ce tournant ne concerne pas uniquement l\u2019Allemagne. En tant que locomotive industrielle de l\u2019Union europ\u00e9enne, ce pays entra\u00eene dans son sillage les politiques publiques, les sous-traitants et les innovations qui irriguent tout le secteur automobile europ\u00e9en. L\u2019abandon progressif de l\u2019hydrog\u00e8ne pourrait ainsi ralentir les projets de stations, modifier les choix d\u2019investissement publics et red\u00e9finir les priorit\u00e9s de recherche dans les ann\u00e9es \u00e0 venir.<\/p>\n<p>Pour les consommateurs, cela signifie une offre encore plus concentr\u00e9e autour de l\u2019\u00e9lectrique, avec une mont\u00e9e en gamme technologique et une promesse d\u2019autonomie renforc\u00e9e. Le r\u00eave d\u2019un v\u00e9hicule \u00e0 hydrog\u00e8ne simple, accessible et grand public s\u2019\u00e9loigne, tandis que l\u2019horizon \u00e9lectrique s\u2019\u00e9claircit avec la multiplication des mod\u00e8les, des aides \u00e0 l\u2019achat et des innovations en mati\u00e8re de recharge.<\/p>\n<blockquote class=\"wp-embedded-content\" data-secret=\"dAZyL0tOuG\">\n<p><a href=\"https:\/\/www.troyes-obs.fr\/actualites\/412000\/la-derniere-dune-lignee-la-voiture-au-moteur-boxer-de-legende-revient-plus-radicale-que-jamais-et-ce-nest-pas-une-allemande\/\" target=\"_blank\" rel=\"noopener\">La derni\u00e8re d\u2019une lign\u00e9e ! La voiture au moteur boxer de l\u00e9gende revient plus radicale que jamais et ce n\u2019est pas une allemande<\/a><\/p>\n<\/blockquote>\n<p>Audi abandonne l\u2019hydrog\u00e8ne : les cl\u00e9s d\u2019un revirement strat\u00e9gique historique<\/p>\n<ul>\n<li><strong>Fin de l\u2019hydrog\u00e8ne chez Audi d\u00e8s 2026<\/strong> : Le constructeur allemand enterre discr\u00e8tement la technologie hydrog\u00e8ne, jug\u00e9e trop co\u00fbteuse, peu efficace et trop complexe \u00e0 d\u00e9ployer \u00e0 grande \u00e9chelle.<\/li>\n<li><strong>L\u2019\u00e9lectrique comme unique horizon<\/strong> : Audi n\u2019investira plus dans les moteurs thermiques ou hybrides. Tous les futurs mod\u00e8les seront 100 % \u00e9lectriques d\u00e8s 2026.<\/li>\n<li><strong>Objectif : surpasser Tesla sur tous les fronts<\/strong> : Vitesse, autonomie, recharge ultra-rapide, exp\u00e9rience premium : Audi veut faire mieux que Tesla avec une ma\u00eetrise industrielle allemande.<\/li>\n<li><strong>Des normes environnementales de plus en plus strictes<\/strong> : Avec Euro 7 et les objectifs climatiques de l\u2019UE, l\u2019hydrog\u00e8ne devient trop risqu\u00e9. L\u2019\u00e9lectrique permet une r\u00e9ponse imm\u00e9diate et cr\u00e9dible aux r\u00e9gulateurs.<\/li>\n<li><strong>La Formule 1 comme laboratoire d\u2019innovation<\/strong> : En rachetant Sauber, Audi entre dans l\u2019ar\u00e8ne F1 pour tester ses futures technologies \u00e9lectriques et de carburants synth\u00e9tiques en conditions extr\u00eames.<\/li>\n<li><strong>Des batteries toujours plus performantes<\/strong> : Audi d\u00e9veloppe des batteries haute capacit\u00e9 et des architectures modulaires \u00e9lectriques, pour proposer une autonomie de r\u00e9f\u00e9rence sur le segment premium.<\/li>\n<li><strong>Un signal pour toute l\u2019Europe<\/strong> : Le choix d\u2019Audi va impacter tout l\u2019\u00e9cosyst\u00e8me automobile europ\u00e9en, des fournisseurs aux gouvernements, en red\u00e9finissant les priorit\u00e9s industrielles.<\/li>\n<li><strong>L\u2019hydrog\u00e8ne rel\u00e9gu\u00e9 au second plan<\/strong> : Trop cher, trop rare, trop lent \u00e0 se d\u00e9velopper. L\u2019utopie hydrog\u00e8ne laisse place \u00e0 une strat\u00e9gie pragmatique autour de l\u2019\u00e9lectrique.<\/li>\n<li><strong>Un impact direct sur le grand public<\/strong> : Plus d\u2019offres \u00e9lectriques, davantage d\u2019aides \u00e0 l\u2019achat, et une promesse de simplicit\u00e9 d\u2019utilisation qui s\u00e9duit de plus en plus d\u2019acheteurs.<\/li>\n<li><strong>L\u2019Allemagne trace la voie pour l\u2019UE<\/strong> : En tournant le dos \u00e0 l\u2019hydrog\u00e8ne, Berlin impose de fait le cap technologique pour les autres pays europ\u00e9ens.<\/li>\n<\/ul>\n<p>L\u2019hydrog\u00e8ne perd du terrain, l\u2019\u00e9lectrique r\u00e8gne en ma\u00eetre<\/p>\n<p>L\u2019Allemagne vient d\u2019envoyer un message sans \u00e9quivoque : le futur de la mobilit\u00e9 ne passera pas par l\u2019hydrog\u00e8ne. Avec Audi en chef de file, les constructeurs tournent la page et parient sur une \u00e9lectrification massive de leurs gammes. Ce choix s\u2019impose comme une r\u00e9ponse logique \u00e0 la fois aux contraintes r\u00e9glementaires et aux attentes du march\u00e9. L\u2019enjeu, d\u00e9sormais, n\u2019est plus de savoir si ce virage est n\u00e9cessaire, mais \u00e0 quelle vitesse il sera pris. Et \u00e0 ce jeu, l\u2019industrie allemande semble bien d\u00e9cid\u00e9e \u00e0 garder une longueur d\u2019avance.<\/p>\n","protected":false},"excerpt":{"rendered":"Le plan secret d\u2019Audi pour \u00e9craser Tesla : un abandon historique de l\u2019hydrog\u00e8ne pour miser sur la vitesse,&hellip;\n","protected":false},"author":2,"featured_media":165799,"comment_status":"","ping_status":"","sticky":false,"template":"","format":"standard","meta":{"footnotes":""},"categories":[1587],"tags":[11,672,1804,1805,1803,1777,674,1801,12,1802,4752],"class_list":{"0":"post-175937","1":"post","2":"type-post","3":"status-publish","4":"format-standard","5":"has-post-thumbnail","7":"category-allemagne","8":"tag-actualites","9":"tag-allemagne","10":"tag-bundesrepublik-deutschland","11":"tag-de","12":"tag-deutschland","13":"tag-eu","14":"tag-europe","15":"tag-germany","16":"tag-news","17":"tag-republique-federale-dallemagne","18":"tag-voiture"},"share_on_mastodon":{"url":"https:\/\/pubeurope.com\/@fr\/114681828120213416","error":""},"_links":{"self":[{"href":"https:\/\/www.europesays.com\/fr\/wp-json\/wp\/v2\/posts\/175937","targetHints":{"allow":["GET"]}}],"collection":[{"href":"https:\/\/www.europesays.com\/fr\/wp-json\/wp\/v2\/posts"}],"about":[{"href":"https:\/\/www.europesays.com\/fr\/wp-json\/wp\/v2\/types\/post"}],"author":[{"embeddable":true,"href":"https:\/\/www.europesays.com\/fr\/wp-json\/wp\/v2\/users\/2"}],"replies":[{"embeddable":true,"href":"https:\/\/www.europesays.com\/fr\/wp-json\/wp\/v2\/comments?post=175937"}],"version-history":[{"count":0,"href":"https:\/\/www.europesays.com\/fr\/wp-json\/wp\/v2\/posts\/175937\/revisions"}],"wp:featuredmedia":[{"embeddable":true,"href":"https:\/\/www.europesays.com\/fr\/wp-json\/wp\/v2\/media\/165799"}],"wp:attachment":[{"href":"https:\/\/www.europesays.com\/fr\/wp-json\/wp\/v2\/media?parent=175937"}],"wp:term":[{"taxonomy":"category","embeddable":true,"href":"https:\/\/www.europesays.com\/fr\/wp-json\/wp\/v2\/categories?post=175937"},{"taxonomy":"post_tag","embeddable":true,"href":"https:\/\/www.europesays.com\/fr\/wp-json\/wp\/v2\/tags?post=175937"}],"curies":[{"name":"wp","href":"https:\/\/api.w.org\/{rel}","templated":true}]}}