{"id":175940,"date":"2025-06-14T12:57:13","date_gmt":"2025-06-14T12:57:13","guid":{"rendered":"https:\/\/www.europesays.com\/fr\/175940\/"},"modified":"2025-06-14T12:57:13","modified_gmt":"2025-06-14T12:57:13","slug":"bruxelles-je-taime-politique-migratoire-de-lue-humaine-ou-extreme","status":"publish","type":"post","link":"https:\/\/www.europesays.com\/fr\/175940\/","title":{"rendered":"Bruxelles, je t&rsquo;aime ? : Politique migratoire de l&rsquo;UE &#8211; humaine ou extr\u00eame\u00a0?"},"content":{"rendered":"<p><img decoding=\"async\" class=\"c-ad__placeholder__logo\" src=\"https:\/\/static.euronews.com\/website\/images\/logos\/logo-euronews-grey-6-180x22.svg\" width=\"180\" height=\"22\" alt=\"\" loading=\"lazy\"\/>PUBLICIT\u00c9<\/p>\n<p>Nos invit\u00e9s cette semaine sont Charles Goerens, eurod\u00e9put\u00e9 pour le groupe centriste Renew Europe, Annalisa Buscaini, politologue au European Policy Centre, et\u00a0Fabrice Leggeri, eurod\u00e9put\u00e9 du groupe eurosceptique Patriotes pour l\u2019Europe.\u00a0<\/p>\n<p>Dans la seconde partie de l&rsquo;\u00e9mission, nous examinons \u00e9galement la situation des r\u00e9fugi\u00e9s ukrainiens en Europe et du renouvellement par l&rsquo;UE de leur statut de protection temporaire.\u00a0<\/p>\n<p>Enfin, lors d&rsquo;un troisi\u00e8me d\u00e9bat, nous parlons\u00a0de la crise du logement qui fait rage en Europe, au moment m\u00eame o\u00f9\u00a0 la Commission europ\u00e9enne travaille sur des propositions pour tenter d\u2019am\u00e9liorer la situation.<\/p>\n","protected":false},"excerpt":{"rendered":"PUBLICIT\u00c9 Nos invit\u00e9s cette semaine sont Charles Goerens, eurod\u00e9put\u00e9 pour le groupe centriste Renew Europe, Annalisa Buscaini, politologue&hellip;\n","protected":false},"author":2,"featured_media":175941,"comment_status":"","ping_status":"","sticky":false,"template":"","format":"standard","meta":{"footnotes":""},"categories":[1586],"tags":[11,6492,1777,674,1779,1011,27,1061,1908,12,2495,25,1778,220,364],"class_list":{"0":"post-175940","1":"post","2":"type-post","3":"status-publish","4":"format-standard","5":"has-post-thumbnail","7":"category-europe","8":"tag-actualites","9":"tag-droits-de-lhomme","10":"tag-eu","11":"tag-europe","12":"tag-european-union","13":"tag-fr","14":"tag-france","15":"tag-immigration","16":"tag-logement","17":"tag-news","18":"tag-refugies","19":"tag-republique-francaise","20":"tag-ue","21":"tag-ukraine","22":"tag-union-europeenne"},"share_on_mastodon":{"url":"https:\/\/pubeurope.com\/@fr\/114681836021870772","error":""},"_links":{"self":[{"href":"https:\/\/www.europesays.com\/fr\/wp-json\/wp\/v2\/posts\/175940","targetHints":{"allow":["GET"]}}],"collection":[{"href":"https:\/\/www.europesays.com\/fr\/wp-json\/wp\/v2\/posts"}],"about":[{"href":"https:\/\/www.europesays.com\/fr\/wp-json\/wp\/v2\/types\/post"}],"author":[{"embeddable":true,"href":"https:\/\/www.europesays.com\/fr\/wp-json\/wp\/v2\/users\/2"}],"replies":[{"embeddable":true,"href":"https:\/\/www.europesays.com\/fr\/wp-json\/wp\/v2\/comments?post=175940"}],"version-history":[{"count":0,"href":"https:\/\/www.europesays.com\/fr\/wp-json\/wp\/v2\/posts\/175940\/revisions"}],"wp:featuredmedia":[{"embeddable":true,"href":"https:\/\/www.europesays.com\/fr\/wp-json\/wp\/v2\/media\/175941"}],"wp:attachment":[{"href":"https:\/\/www.europesays.com\/fr\/wp-json\/wp\/v2\/media?parent=175940"}],"wp:term":[{"taxonomy":"category","embeddable":true,"href":"https:\/\/www.europesays.com\/fr\/wp-json\/wp\/v2\/categories?post=175940"},{"taxonomy":"post_tag","embeddable":true,"href":"https:\/\/www.europesays.com\/fr\/wp-json\/wp\/v2\/tags?post=175940"}],"curies":[{"name":"wp","href":"https:\/\/api.w.org\/{rel}","templated":true}]}}