{"id":175946,"date":"2025-06-14T13:00:18","date_gmt":"2025-06-14T13:00:18","guid":{"rendered":"https:\/\/www.europesays.com\/fr\/175946\/"},"modified":"2025-06-14T13:00:18","modified_gmt":"2025-06-14T13:00:18","slug":"bruno-retailleau-ordonne-le-renforcement-des-mesures-de-vigilance-en-france-liberation","status":"publish","type":"post","link":"https:\/\/www.europesays.com\/fr\/175946\/","title":{"rendered":"Bruno Retailleau ordonne le renforcement des mesures de vigilance en France \u2013 Lib\u00e9ration"},"content":{"rendered":"<p class=\"sc-ksZaOG ehjQrN text-element\">Pendant que <a href=\"https:\/\/www.liberation.fr\/international\/moyen-orient\/en-direct-deux-morts-en-israel-dans-une-zone-residentielle-apres-des-tirs-de-missiles-iraniens-20250614_R73GF2QO2JC67EJNGD2A5BKQV4\/\" target=\"_blank\" rel=\"noreferrer noopener\" title=\"https:\/\/www.liberation.fr\/international\/moyen-orient\/en-direct-deux-morts-en-israel-dans-une-zone-residentielle-apres-des-tirs-de-missiles-iraniens-20250614_R73GF2QO2JC67EJNGD2A5BKQV4\/\">les missiles continuent de fuser<\/a> entre les deux bellig\u00e9rants ce samedi 14\u00a0juin, le ministre de l\u2019Int\u00e9rieur, Bruno Retailleau, a ordonn\u00e9 le renforcement des mesures de vigilance en France, vendredi, au soir de l\u2019attaque massive d\u2019Isra\u00ebl contre l\u2019Iran. Dans un t\u00e9l\u00e9gramme consult\u00e9 par <a href=\"https:\/\/www.franceinfo.fr\/societe\/armee-securite-defense\/conflit-entre-israel-et-l-iran-le-ministre-de-l-interieur-ordonne-le-renforcement-des-mesures-de-vigilance-en-france_7313022.html\" target=\"_blank\" rel=\"noreferrer noopener\" title=\"https:\/\/www.franceinfo.fr\/societe\/armee-securite-defense\/conflit-entre-israel-et-l-iran-le-ministre-de-l-interieur-ordonne-le-renforcement-des-mesures-de-vigilance-en-france_7313022.html\">France Info<\/a>, ce dernier a ordonn\u00e9 aux pr\u00e9fets et \u00e0 plusieurs hauts responsables de la s\u00e9curit\u00e9 de \u00abporter une vigilance particuli\u00e8re \u00e0 l\u2019ensemble des sites qui pourraient \u00eatre cibl\u00e9s par des actes de terrorisme ou de malveillance par une puissance \u00e9trang\u00e8re\u00bb.<\/p>\n<p class=\"sc-ksZaOG ehjQrN text-element\">Une \u00abattention particuli\u00e8re\u00bb doit notamment \u00eatre port\u00e9e \u00ab\u00e0 la s\u00e9curit\u00e9 des lieux de culte, des \u00e9tablissements scolaires, des \u00e9tablissements publics et institutionnels, des sites \u00e0 forte affluence\u00bb mais aussi \u00ab\u00e0 l\u2019organisation des rassemblements festifs, culturels au cultuels\u00bb et \u00abaux int\u00e9r\u00eats isra\u00e9liens et am\u00e9ricains ainsi qu<a href=\"https:\/\/www.liberation.fr\/international\/moyen-orient\/entre-liran-et-israel-une-nuit-dechange-de-missiles-20250614_TAEHTOWY3NBUDM45MDQ5MR4EOM\/\" target=\"_blank\" rel=\"noreferrer noopener\" title=\"https:\/\/www.liberation.fr\/international\/moyen-orient\/entre-liran-et-israel-une-nuit-dechange-de-missiles-20250614_TAEHTOWY3NBUDM45MDQ5MR4EOM\/\">\u2019aux \u00e9tablissements de la communaut\u00e9 juive<\/a>\u00bb.<\/p>\n<p class=\"sc-ksZaOG ehjQrN text-element\">Il requiert notamment la mobilisation des services de renseignement, des polices municipales et du dispositif Sentinelle pour ce faire.<\/p>\n<p class=\"sc-ksZaOG ehjQrN text-element\">Bruno Retailleau demande par ailleurs que soit poursuivi \u00abl\u2019effort de suivi des individus, particuli\u00e8rement ceux de nationalit\u00e9 iranienne ou ayant des liens avec l\u2019Iran\u00bb et \u00ables efforts en mati\u00e8re de lutte contre l\u2019immigration irr\u00e9guli\u00e8re\u00bb. Une r\u00e9union se tiendra ce samedi \u00e0 18 h 30 sur le sujet.<\/p>\n<p class=\"sc-ksZaOG ehjQrN text-element\">Le pr\u00e9sident Emmanuel Macron avait annonc\u00e9 vendredi soir un \u00abrenforcement\u00bb du dispositif Sentinelle, qui d\u00e9ploie des militaires en France, \u00abpour faire face \u00e0 toutes les potentielles menaces sur le territoire national\u00bb.<\/p>\n<p class=\"sc-ksZaOG ehjQrN text-element\">Vendredi, Isra\u00ebl a lanc\u00e9<a href=\"https:\/\/www.liberation.fr\/checknews\/quartiers-residentiels-installations-nucleaires-et-militaires-quelles-sont-les-cibles-iraniennes-frappees-par-israel-20250613_LQBU4GSXTVEBNPXX3M3D6RWTUA\/\" target=\"_blank\" rel=\"noreferrer noopener\" title=\"https:\/\/www.liberation.fr\/checknews\/quartiers-residentiels-installations-nucleaires-et-militaires-quelles-sont-les-cibles-iraniennes-frappees-par-israel-20250613_LQBU4GSXTVEBNPXX3M3D6RWTUA\/\"> des frappes massives d\u2019une ampleur sans pr\u00e9c\u00e9dent<\/a> sur des sites militaires et nucl\u00e9aires de l\u2019Iran, assurant disposer de renseignements prouvant que l\u2019Iran s\u2019approchait du \u00abpoint de non-retour\u00bb vers la bombe atomique.<\/p>\n<p class=\"sc-ksZaOG ehjQrN text-element\">L\u2019Iran, qui d\u00e9ment fabriquer l\u2019arme nucl\u00e9aire, a tir\u00e9 des dizaines de missiles balistiques contre Isra\u00ebl en riposte \u00e0 l\u2019attaque qualifi\u00e9e de \u00abd\u00e9claration de guerre\u00bb par l\u2019Iran.<\/p>\n","protected":false},"excerpt":{"rendered":"Pendant que les missiles continuent de fuser entre les deux bellig\u00e9rants ce samedi 14\u00a0juin, le ministre de l\u2019Int\u00e9rieur,&hellip;\n","protected":false},"author":2,"featured_media":175947,"comment_status":"","ping_status":"","sticky":false,"template":"","format":"standard","meta":{"footnotes":""},"categories":[4],"tags":[11,1013,1011,27,3019,664,12538,12,25],"class_list":{"0":"post-175946","1":"post","2":"type-post","3":"status-publish","4":"format-standard","5":"has-post-thumbnail","7":"category-france","8":"tag-actualites","9":"tag-bruno-retailleau","10":"tag-fr","11":"tag-france","12":"tag-iran","13":"tag-israel","14":"tag-ministere-de-l-interieur","15":"tag-news","16":"tag-republique-francaise"},"share_on_mastodon":{"url":"https:\/\/pubeurope.com\/@fr\/114681847904145549","error":""},"_links":{"self":[{"href":"https:\/\/www.europesays.com\/fr\/wp-json\/wp\/v2\/posts\/175946","targetHints":{"allow":["GET"]}}],"collection":[{"href":"https:\/\/www.europesays.com\/fr\/wp-json\/wp\/v2\/posts"}],"about":[{"href":"https:\/\/www.europesays.com\/fr\/wp-json\/wp\/v2\/types\/post"}],"author":[{"embeddable":true,"href":"https:\/\/www.europesays.com\/fr\/wp-json\/wp\/v2\/users\/2"}],"replies":[{"embeddable":true,"href":"https:\/\/www.europesays.com\/fr\/wp-json\/wp\/v2\/comments?post=175946"}],"version-history":[{"count":0,"href":"https:\/\/www.europesays.com\/fr\/wp-json\/wp\/v2\/posts\/175946\/revisions"}],"wp:featuredmedia":[{"embeddable":true,"href":"https:\/\/www.europesays.com\/fr\/wp-json\/wp\/v2\/media\/175947"}],"wp:attachment":[{"href":"https:\/\/www.europesays.com\/fr\/wp-json\/wp\/v2\/media?parent=175946"}],"wp:term":[{"taxonomy":"category","embeddable":true,"href":"https:\/\/www.europesays.com\/fr\/wp-json\/wp\/v2\/categories?post=175946"},{"taxonomy":"post_tag","embeddable":true,"href":"https:\/\/www.europesays.com\/fr\/wp-json\/wp\/v2\/tags?post=175946"}],"curies":[{"name":"wp","href":"https:\/\/api.w.org\/{rel}","templated":true}]}}