{"id":175965,"date":"2025-06-14T13:14:10","date_gmt":"2025-06-14T13:14:10","guid":{"rendered":"https:\/\/www.europesays.com\/fr\/175965\/"},"modified":"2025-06-14T13:14:10","modified_gmt":"2025-06-14T13:14:10","slug":"kylie-minogue-malade-elle-annule-ses-concerts-en-catastrophe","status":"publish","type":"post","link":"https:\/\/www.europesays.com\/fr\/175965\/","title":{"rendered":"Kylie Minogue malade : elle annule ses concerts en catastrophe"},"content":{"rendered":"<p><strong>C&rsquo;est un v\u00e9ritable coup dur pour Kylie Minogue<\/strong>.<br \/>\nAlors qu&rsquo;elle avait lanc\u00e9e sa grande tourn\u00e9e mondiale en Australie<br \/>\nau mois de f\u00e9vrier 2025. La <a href=\"https:\/\/www.telestar.fr\/people\/kylie-minogue-un-coup-de-vent-devoile-sa-culotte-29991\" target=\"_blank\" rel=\"noopener\"><br \/>\nstar australienne<\/a> a \u00e9t\u00e9 contrainte d&rsquo;annuler quatre concerts \u00e0<br \/>\nvenir pour des raisons m\u00e9dicales. Pour rappel, c&rsquo;est la premi\u00e8re<br \/>\nfois que la musicienne part en tourn\u00e9e depuis 2019.<\/p>\n<p class=\"mol-para-with-font\">Cette terrible annonce est survenue<br \/>\napr\u00e8s une s\u00e9rie de concerts organis\u00e9e au <a href=\"https:\/\/www.closermag.fr\/royautes\/prince-harry-cette-facture-exorbitante-laissee-lors-de-son-dernier-passage-au-royaume-uni-3552173\" target=\"_blank\" rel=\"noopener\"><br \/>\nRoyaume-Uni<\/a> cette semaine. Kylie Minogue a donc \u00e9t\u00e9<br \/>\n<strong>contrainte de reporter les prochaines dates de sa<br \/>\ntourn\u00e9e<\/strong> pr\u00e9vues \u00e0 <a href=\"https:\/\/www.closermag.fr\/insolite\/berlin-une-femme-accouche-de-son-10e-bebe-a-66-ans-une-rarete-absolue-3532090\" target=\"_blank\" rel=\"noopener\"><br \/>\nBerlin<\/a>, Lodz, Kaunas et Tallinn. La chanteuse a d\u00e9voil\u00e9 la<br \/>\nmauvaise nouvelle \u00e0 ses fans au sein d&rsquo;un message post\u00e9 dans la<br \/>\nstory de son compte Instagram.<\/p>\n<p>Kylie Minogue : \u00ab\u00a0J&rsquo;ai malheureusement succomb\u00e9 \u00e0 une infection<br \/>\nvirale\u00a0\u00bb<\/p>\n<p class=\"mol-para-with-font\">\u00ab\u00a0Salut mes amours. Comme certains<br \/>\nd&rsquo;entre vous le savent peut-\u00eatre. Nous avons termin\u00e9 la tourn\u00e9e<br \/>\nbritannique du Tension Tour il y a une semaine. J&rsquo;ai r\u00e9ussi \u00e0<br \/>\nfranchir la ligne d&rsquo;arriv\u00e9e. Mais j&rsquo;ai malheureusement succomb\u00e9 \u00e0<br \/>\nune infection virale. <strong>(Bonjour la<br \/>\nlaryngite)<\/strong>\u00ab\u00a0, a premi\u00e8rement \u00e9crit Kylie Minogue.<\/p>\n<p class=\"mol-para-with-font\">\u00ab\u00a0J&rsquo;ai fait de mon mieux pour<br \/>\nr\u00e9cup\u00e9rer rapidement. Afin de commencer notre prochaine tourn\u00e9e<br \/>\nlundi. Mais j&rsquo;ai peur qu&rsquo;il me faille quelques jours pour \u00eatre<br \/>\nsuffisamment r\u00e9tabli pour revenir sur sc\u00e8ne. Et donner le meilleur<br \/>\nde moi-m\u00eame pour vous. <strong>Je suis vraiment d\u00e9sol\u00e9e<br \/>\n!<\/strong> Je n&rsquo;ai pas d&rsquo;autre choix que de reporter les concerts<br \/>\nde Berlin, Lodz, Kaunas et Tallinn comme pr\u00e9vu\u00a0\u00bb, a ensuite<br \/>\najout\u00e9 la chanteuse australienne.<\/p>\n<p>La chanteuse australienne souffre d&rsquo;une<br \/>\ninflammation du larynx<\/p>\n<p class=\"mol-para-with-font\">\u00ab\u00a0Veuillez conserver vos billets,<br \/>\nnous faisons de notre mieux pour reprogrammer les dates et vous<br \/>\ntiendrons au courant tr\u00e8s bient\u00f4t \u00e0 ce sujet. Merci de votre<br \/>\ncompr\u00e9hension ! <strong>Vous savez que je vous aime tous.<\/strong><br \/>\nEt j&rsquo;adore ce spectacle Vous me manquerez la semaine prochaine, et<br \/>\nj&rsquo;ai h\u00e2te de vous voir tous. Je vous embrasse tous\u00a0\u00bb, a<br \/>\nfinalement conclu Kylie Minogue.<\/p>\n<p>En fait, la laryngite dont la chanteuse souffre actuellement est<br \/>\nune inflammation du larynx (bo\u00eete vocale, ndlr). <strong>Entra\u00eenant<br \/>\nsouvent une voix rauque ou une perte de voix<\/strong>.\u00a0Elle<br \/>\nest g\u00e9n\u00e9ralement caus\u00e9e par une infection virale. Une tension<br \/>\nvocale. Ou une irritation des cordes vocales. Kylie Minogue va donc<br \/>\ndevoir \u00e9conomiser sa voix dans les prochains jours afin de se<br \/>\nr\u00e9tablir compl\u00e8tement. Et ainsi assurer le reste de sa grande<br \/>\ntourn\u00e9e mondiale.<\/p>\n","protected":false},"excerpt":{"rendered":"C&rsquo;est un v\u00e9ritable coup dur pour Kylie Minogue. Alors qu&rsquo;elle avait lanc\u00e9e sa grande tourn\u00e9e mondiale en Australie&hellip;\n","protected":false},"author":2,"featured_media":175966,"comment_status":"","ping_status":"","sticky":false,"template":"","format":"standard","meta":{"footnotes":""},"categories":[1355],"tags":[548,58,59,1011,27,31155,1361,873],"class_list":{"0":"post-175965","1":"post","2":"type-post","3":"status-publish","4":"format-standard","5":"has-post-thumbnail","7":"category-musique","8":"tag-article-simple","9":"tag-divertissement","10":"tag-entertainment","11":"tag-fr","12":"tag-france","13":"tag-kylie-minogue","14":"tag-music","15":"tag-musique"},"share_on_mastodon":{"url":"https:\/\/pubeurope.com\/@fr\/114681902899095778","error":""},"_links":{"self":[{"href":"https:\/\/www.europesays.com\/fr\/wp-json\/wp\/v2\/posts\/175965","targetHints":{"allow":["GET"]}}],"collection":[{"href":"https:\/\/www.europesays.com\/fr\/wp-json\/wp\/v2\/posts"}],"about":[{"href":"https:\/\/www.europesays.com\/fr\/wp-json\/wp\/v2\/types\/post"}],"author":[{"embeddable":true,"href":"https:\/\/www.europesays.com\/fr\/wp-json\/wp\/v2\/users\/2"}],"replies":[{"embeddable":true,"href":"https:\/\/www.europesays.com\/fr\/wp-json\/wp\/v2\/comments?post=175965"}],"version-history":[{"count":0,"href":"https:\/\/www.europesays.com\/fr\/wp-json\/wp\/v2\/posts\/175965\/revisions"}],"wp:featuredmedia":[{"embeddable":true,"href":"https:\/\/www.europesays.com\/fr\/wp-json\/wp\/v2\/media\/175966"}],"wp:attachment":[{"href":"https:\/\/www.europesays.com\/fr\/wp-json\/wp\/v2\/media?parent=175965"}],"wp:term":[{"taxonomy":"category","embeddable":true,"href":"https:\/\/www.europesays.com\/fr\/wp-json\/wp\/v2\/categories?post=175965"},{"taxonomy":"post_tag","embeddable":true,"href":"https:\/\/www.europesays.com\/fr\/wp-json\/wp\/v2\/tags?post=175965"}],"curies":[{"name":"wp","href":"https:\/\/api.w.org\/{rel}","templated":true}]}}