{"id":175967,"date":"2025-06-14T13:15:11","date_gmt":"2025-06-14T13:15:11","guid":{"rendered":"https:\/\/www.europesays.com\/fr\/175967\/"},"modified":"2025-06-14T13:15:11","modified_gmt":"2025-06-14T13:15:11","slug":"les-studios-pixar-vont-tres-bien-entre-retour-de-sagas-cultes-et-nouveautes","status":"publish","type":"post","link":"https:\/\/www.europesays.com\/fr\/175967\/","title":{"rendered":"Les studios Pixar vont tr\u00e8s bien entre retour de sagas cultes et nouveaut\u00e9s"},"content":{"rendered":"<p>n\u2019\u00e9tait la f\u00eate pour <a href=\"https:\/\/www.20minutes.fr\/dossier\/pixar\" class=\"color-ultramarine c-link\" rel=\"nofollow noopener\" target=\"_blank\">Pixar<\/a> au<a href=\"https:\/\/www.20minutes.fr\/dossier\/festival_d_annecy\" class=\"color-ultramarine c-link\" rel=\"nofollow noopener\" target=\"_blank\"> Festival d\u2019Annecy<\/a>. Non content de pr\u00e9senter le fort all\u00e9chant <a href=\"https:\/\/www.20minutes.fr\/arts-stars\/cinema\/4154213-20250519-elio-2025\" class=\"color-ultramarine c-link\" rel=\"nofollow noopener\" target=\"_blank\">Elio<\/a> sortira mercredi prochain, <a href=\"https:\/\/www.pixar.com\/docter\" target=\"_blank\" class=\"color-ultramarine c-link\" rel=\"nofollow noopener\">Peter Docter, <\/a>\u00e0 la t\u00eate du studio depuis\u00a02018, a annonc\u00e9 d\u2019excellentes nouvelles. \u00ab\u00a0A Pixar, nous essayons de trouver un \u00e9quilibre entre cin\u00e9ma d\u2019auteur et films grand public tout en cherchant \u00e0 surprendre constamment les spectateurs\u00a0\u00bb, confie-t-il \u00e0 20 Minutes. Un travail d\u2019acrobate que le studio r\u00e9ussit depuis Toy Story qui c\u00e9l\u00e8bre ses 30 ans cette ann\u00e9e.<\/p>\n<\/p>\n<p>\u00ab\u00a0Annecy est le meilleur endroit pour prendre le pouls de l\u2019animation internationale, insiste Pete Docter. Faire des annonces et montrer des images ici est une bonne fa\u00e7on d\u2019avoir un premier avis sur la r\u00e9ception probable des films\u00a0\u00bb. Peter Docter peut \u00eatre serein. Ses annonces ont \u00e9t\u00e9 re\u00e7ues triomphalement et il faut avouer qu\u2019il y a de quoi \u00eatre emball\u00e9\u00a0!<\/p>\n<p>Un travail collectif<\/p>\n<p>\u00ab\u00a0Un \u00e9l\u00e9ment important pour expliquer le succ\u00e8s de Pixar est que nous sommes tous au m\u00eame endroit ce qui facilite les communications entre les \u00e9quipes, explique Mary Alice Drumm, productrice d\u2019Elio. Tout le monde peut donner son sentiment sur les diff\u00e9rents projets ce qui permet de faire circuler les id\u00e9es\u00a0\u00bb. Parmi les projets les plus avanc\u00e9s, Hoppers de Daniel Chong est pr\u00e9vu pour l\u2019ann\u00e9e prochaine. Une jeune activiste \u00e9cologiste utilise une technique nouvelle qui lui permet de se glisser dans le corps d\u2019un castor. Son but\u00a0? Mobiliser les animaux pour qu\u2019ils arr\u00eatent la construction d\u2019une bretelle d\u2019autoroute qui d\u00e9truirait leur habitat. \u00ab\u00a0C\u2019est un film qui correspond bien \u00e0 l\u2019esprit Pixar, pr\u00e9cise Pete Docter. On y parle de sujets s\u00e9rieux avec l\u00e9g\u00e8ret\u00e9\u00a0\u00bb.<\/p>\n<p>Le retour des sagas<\/p>\n<p>Le studio continue aussi de faire vivre les sagas qui ont fait sa gloire comme Les Indestructibles et Toy Story. Le travail pr\u00e9paratoire sur Toy Story 5, r\u00e9alis\u00e9 par Andrew Stanton, a laiss\u00e9 entrevoir l\u2019intrigue du film qui r\u00e9unira de nouveau les h\u00e9ros bien connus. La petite Bonnie re\u00e7oit une tablette comme cadeau ce qui inqui\u00e8te grandement les jouets qu\u2019elle d\u00e9laisse. \u00ab\u00a0Ce ne sera pas un film \u00ab\u00a0anti-technologie\u00a0\u00bb, rassure Pete Docter. Nous serions mal plac\u00e9s pour en dire du mal car les ordinateurs font partie int\u00e9grante de l\u2019ADN du studio. Croyez-moi sur parole\u00a0: le sc\u00e9nario est bien plus malin que \u00e7a\u00a0!\u00a0\u00bb On aurait tendance \u00e0 faire confiance \u00e0 Peter Docter, r\u00e9alisateur de grands films comme L\u00e0-haut et les deux Vice-Versa.<\/p>\n<p><img decoding=\"async\" alt=\"Un aper\u00e7u de  &quot;Gatto&quot; \" class=\"c-img\" loading=\"lazy\" fetchpriority=\"auto\" width=\"718\"  src=\"https:\/\/img.20mn.fr\/kmlfVtVSRgSCDlFJEAzUgik\/718x0-7.858666636843075x0.1-70.66946228896448\" \/>Un aper\u00e7u de  \u00ab\u00a0Gatto\u00a0\u00bb \u2002-\u00a0\u00a9 2025 Disney\/Pixar. All Rights Reserved.Au rayon des nouveaut\u00e9s<\/p>\n<p>Belle surprise\u00a0: on a appris l\u2019existence de Gatto d\u2019Enrico Casarosa (\u00e0 qui on doit <a href=\"https:\/\/www.20minutes.fr\/arts-stars\/cinema\/3060347-20210618-luca-nouveau-pixar-passe-ligurie-donne-furieuse-envie-italie\" class=\"color-ultramarine c-link\" rel=\"nofollow noopener\" target=\"_blank\">Luca<\/a>) sur les aventures d\u2019un chat noir \u00e0 Venise. \u00ab\u00a0On d\u00e9couvrira cette ville magique par les yeux de ce matou fan de musique et de l\u2019\u00e9tudiante qui l\u2019a adopt\u00e9. L\u2019esth\u00e9tique que nous avons choisie est tr\u00e8s diff\u00e9rente de ce que nous faisons habituellement. L\u00e0 encore, nous avons voulu essayer des choses nouvelles\u00a0\u00bb, d\u00e9taille Peter Docter.<\/p>\n<p><a href=\"https:\/\/www.20minutes.fr\/dossier\/festival_d_annecy\" class=\"c-link c-btn c-btn--primary\" rel=\"nofollow noopener\" target=\"_blank\">NOS ARTICLES SUR LE FESTIVAL D&rsquo;ANNECY SONT ICI<\/a><\/p>\n<p>Il faudra attendre l\u2019\u00e9t\u00e9\u00a02027 pour d\u00e9couvrir le film. En attendant, Pete Docter se r\u00e9jouit de savoir que ses empreintes ont rejoint le \u00ab\u00a0Walk Of Fame\u00a0\u00bb de la future Cit\u00e9 de l\u2019animation qui ouvrira ses portes \u00e0 Annecy l\u2019an prochain. \u00ab\u00a0J\u2019ai l\u2019impression d\u2019\u00eatre une star et cela me booste pour retourner au travail\u00a0\u00bb, confie-t-il. Reste maintenant \u00e0 esp\u00e9rer que ces responsabilit\u00e9s de producteur ne le tiendront pas trop longtemps \u00e9loign\u00e9 de la r\u00e9alisation.<\/p>\n","protected":false},"excerpt":{"rendered":"n\u2019\u00e9tait la f\u00eate pour Pixar au Festival d\u2019Annecy. Non content de pr\u00e9senter le fort all\u00e9chant Elio sortira mercredi&hellip;\n","protected":false},"author":2,"featured_media":175968,"comment_status":"","ping_status":"","sticky":false,"template":"","format":"standard","meta":{"footnotes":""},"categories":[1354],"tags":[650,251,58,59,30554,31156,1346,1011,27,1360,7794],"class_list":{"0":"post-175967","1":"post","2":"type-post","3":"status-publish","4":"format-standard","5":"has-post-thumbnail","7":"category-films","8":"tag-cinema","9":"tag-culture","10":"tag-divertissement","11":"tag-entertainment","12":"tag-festival-dannecy","13":"tag-film-danimation","14":"tag-films","15":"tag-fr","16":"tag-france","17":"tag-movies","18":"tag-pixar"},"share_on_mastodon":{"url":"https:\/\/pubeurope.com\/@fr\/114681906688512768","error":""},"_links":{"self":[{"href":"https:\/\/www.europesays.com\/fr\/wp-json\/wp\/v2\/posts\/175967","targetHints":{"allow":["GET"]}}],"collection":[{"href":"https:\/\/www.europesays.com\/fr\/wp-json\/wp\/v2\/posts"}],"about":[{"href":"https:\/\/www.europesays.com\/fr\/wp-json\/wp\/v2\/types\/post"}],"author":[{"embeddable":true,"href":"https:\/\/www.europesays.com\/fr\/wp-json\/wp\/v2\/users\/2"}],"replies":[{"embeddable":true,"href":"https:\/\/www.europesays.com\/fr\/wp-json\/wp\/v2\/comments?post=175967"}],"version-history":[{"count":0,"href":"https:\/\/www.europesays.com\/fr\/wp-json\/wp\/v2\/posts\/175967\/revisions"}],"wp:featuredmedia":[{"embeddable":true,"href":"https:\/\/www.europesays.com\/fr\/wp-json\/wp\/v2\/media\/175968"}],"wp:attachment":[{"href":"https:\/\/www.europesays.com\/fr\/wp-json\/wp\/v2\/media?parent=175967"}],"wp:term":[{"taxonomy":"category","embeddable":true,"href":"https:\/\/www.europesays.com\/fr\/wp-json\/wp\/v2\/categories?post=175967"},{"taxonomy":"post_tag","embeddable":true,"href":"https:\/\/www.europesays.com\/fr\/wp-json\/wp\/v2\/tags?post=175967"}],"curies":[{"name":"wp","href":"https:\/\/api.w.org\/{rel}","templated":true}]}}