{"id":17597,"date":"2025-04-11T15:19:09","date_gmt":"2025-04-11T15:19:09","guid":{"rendered":"https:\/\/www.europesays.com\/fr\/17597\/"},"modified":"2025-04-11T15:19:09","modified_gmt":"2025-04-11T15:19:09","slug":"le-parquet-fait-appel-de-la-condamnation-de-lex-employee-de-creche","status":"publish","type":"post","link":"https:\/\/www.europesays.com\/fr\/17597\/","title":{"rendered":"le parquet fait appel de la condamnation de l\u2019ex-employ\u00e9e de cr\u00e8che"},"content":{"rendered":"<p itemprop=\"description\"><strong>Il y aura un nouveau proc\u00e8s.<\/strong><\/p>\n<p>Le parquet g\u00e9n\u00e9ral de Lyon a d\u00e9cid\u00e9 de faire appel de la condamnation de Myriam Jaouen. Cette derni\u00e8re, ex-employ\u00e9e de cr\u00e8che, a \u00e9t\u00e9 reconnue coupable \u00ab\u00a0d\u2019actes de torture et de barbarie ayant entrain\u00e9 la mort sans intention de la donner\u00a0\u00bb.\u00a0<\/p>\n<p>Pour ces faits remontant au 22 juin 2022, elle a \u00e9t\u00e9 condamn\u00e9e le 3 avril dernier \u00e0 une peine de 25 ans de prison. Ce jour-l\u00e0, Myriam Jaouen avait fait avaler du Destop \u00e0 Lisa, une petite fille de 11 mois, \u00e9tant \u00ab exc\u00e9d\u00e9e \u00bb par les pleurs de l\u2019enfant. La victime \u00e9tait d\u00e9c\u00e9d\u00e9e \u00e0 l\u2019h\u00f4pital tandis que l\u2019employ\u00e9e de cr\u00e8che \u00e9tait interpell\u00e9e quelques heures plus tard apr\u00e8s une vir\u00e9e shopping au centre commercial de la Part-Dieu et une promenade au parc de la T\u00eate d\u2019Or.<\/p>\n<p>Si Myriam Jaouen encourait la r\u00e9clusion criminelle \u00e0 perp\u00e9tuit\u00e9, le parquet avait requis 30 ans de prison devant la cour d\u2019assises du Rh\u00f4ne. C\u2019est aujourd\u2019hui l\u2019absence de qualification de meurtre dans la condamnation de l\u2019accus\u00e9e qui pousse le parquet g\u00e9n\u00e9ral de Lyon a demand\u00e9 un nouveau proc\u00e8s, rapportent nos confr\u00e8res de\u00a0<a href=\"https:\/\/tribunedelyon.fr\/article\/bebe-tue-dans-une-creche-le-parquet-fait-appel\/\" target=\"_blank\" rel=\"nofollow noopener\">Tribune de Lyon<\/a>. Ce nouveau rendez-vous devant la justice pourrait se tenir rapidement.<\/p>\n","protected":false},"excerpt":{"rendered":"Il y aura un nouveau proc\u00e8s. Le parquet g\u00e9n\u00e9ral de Lyon a d\u00e9cid\u00e9 de faire appel de la&hellip;\n","protected":false},"author":2,"featured_media":17598,"comment_status":"","ping_status":"","sticky":false,"template":"","format":"standard","meta":{"footnotes":""},"categories":[1889],"tags":[1111,11,2813,2190,2430,1109,251,1112,2811,1777,674,118,1011,27,1922,1110,1114,2428,2810,12,241,316,25,2812,517,800],"class_list":{"0":"post-17597","1":"post","2":"type-post","3":"status-publish","4":"format-standard","5":"has-post-thumbnail","7":"category-lyon","8":"tag-actu","9":"tag-actualites","10":"tag-article","11":"tag-asvel","12":"tag-auvergne-rhone-alpes","13":"tag-breves","14":"tag-culture","15":"tag-depeches","16":"tag-economique","17":"tag-eu","18":"tag-europe","19":"tag-faits-divers","20":"tag-fr","21":"tag-france","22":"tag-info","23":"tag-informations","24":"tag-infos","25":"tag-lyon","26":"tag-lyonmag","27":"tag-news","28":"tag-ol","29":"tag-politique","30":"tag-republique-francaise","31":"tag-sociale","32":"tag-sport","33":"tag-transports"},"share_on_mastodon":{"url":"https:\/\/pubeurope.com\/@fr\/114320006505478467","error":""},"_links":{"self":[{"href":"https:\/\/www.europesays.com\/fr\/wp-json\/wp\/v2\/posts\/17597","targetHints":{"allow":["GET"]}}],"collection":[{"href":"https:\/\/www.europesays.com\/fr\/wp-json\/wp\/v2\/posts"}],"about":[{"href":"https:\/\/www.europesays.com\/fr\/wp-json\/wp\/v2\/types\/post"}],"author":[{"embeddable":true,"href":"https:\/\/www.europesays.com\/fr\/wp-json\/wp\/v2\/users\/2"}],"replies":[{"embeddable":true,"href":"https:\/\/www.europesays.com\/fr\/wp-json\/wp\/v2\/comments?post=17597"}],"version-history":[{"count":0,"href":"https:\/\/www.europesays.com\/fr\/wp-json\/wp\/v2\/posts\/17597\/revisions"}],"wp:featuredmedia":[{"embeddable":true,"href":"https:\/\/www.europesays.com\/fr\/wp-json\/wp\/v2\/media\/17598"}],"wp:attachment":[{"href":"https:\/\/www.europesays.com\/fr\/wp-json\/wp\/v2\/media?parent=17597"}],"wp:term":[{"taxonomy":"category","embeddable":true,"href":"https:\/\/www.europesays.com\/fr\/wp-json\/wp\/v2\/categories?post=17597"},{"taxonomy":"post_tag","embeddable":true,"href":"https:\/\/www.europesays.com\/fr\/wp-json\/wp\/v2\/tags?post=17597"}],"curies":[{"name":"wp","href":"https:\/\/api.w.org\/{rel}","templated":true}]}}