{"id":175974,"date":"2025-06-14T13:19:10","date_gmt":"2025-06-14T13:19:10","guid":{"rendered":"https:\/\/www.europesays.com\/fr\/175974\/"},"modified":"2025-06-14T13:19:10","modified_gmt":"2025-06-14T13:19:10","slug":"lia-pourrait-surpasser-lhumanite-des-2027","status":"publish","type":"post","link":"https:\/\/www.europesays.com\/fr\/175974\/","title":{"rendered":"L\u2019IA pourrait surpasser l\u2019humanit\u00e9 d\u00e8s 2027"},"content":{"rendered":"<p>Un compte \u00e0 rebours vers 2027. \u00ab Nous pr\u00e9voyons que l&rsquo;impact de la superintelligence au cours de la prochaine d\u00e9cennie sera \u00e9norme, d\u00e9passant celui de la r\u00e9volution industrielle \u00bb, rapportent, dans <a data-i13n=\"cpos:1;pos:1\" href=\"https:\/\/ai-2027.com\/\" rel=\"nofollow noopener\" target=\"_blank\" data-ylk=\"slk:le sc\u00e9nario \u00ab AI 2027 \u00bb;cpos:1;pos:1;elm:context_link;itc:0;sec:content-canvas\" class=\"link \">le sc\u00e9nario \u00ab AI 2027 \u00bb<\/a>, des chercheurs sur l&rsquo;IA. L&rsquo;un d&rsquo;entre eux, Daniel Kokotajlo, un ancien chercheur d&rsquo;OpenAI, explique \u00e0 <a data-i13n=\"cpos:2;pos:1\" href=\"https:\/\/www.ladn.eu\/tech-a-suivre\/un-lanceur-dalerte-previent-lia-nous-ment-et-va-nous-surpasser-en-2027\/\" rel=\"nofollow noopener\" target=\"_blank\" data-ylk=\"slk:L&#039;ADN;cpos:2;pos:1;elm:context_link;itc:0;sec:content-canvas\" class=\"link \">L&rsquo;ADN<\/a> les prochaines \u00e9tapes de ce secteur, avant \u00ab l&rsquo;explosion d&rsquo;intelligence \u00bb.<\/p>\n<p>D&rsquo;apr\u00e8s leur proph\u00e9tie, un changement important devrait se produire l&rsquo;an prochain : les agents IA deviendront utiles au quotidien, par la commande d&rsquo;un repas ou la gestion d&rsquo;un budget, par exemple. Les premiers \u00ab assistants personnels \u00bb dop\u00e9s \u00e0 l&rsquo;IA devraient ensuite s&rsquo;am\u00e9liorer chaque ann\u00e9e et ainsi devenir une intelligence artificielle g\u00e9n\u00e9rale (AGI). Cette derni\u00e8re pourrait \u00eatre capable de comprendre, d&rsquo;apprendre et d&rsquo;appliquer des connaissances sur un large \u00e9ventail de t\u00e2ches au niveau humain.<\/p>\n<p>La prochaine fronti\u00e8re de l&rsquo;IA<\/p>\n<p>Les agents seront alors capables de recherche autonome et d&rsquo;auto-am\u00e9lioration exponentielle. Ils pourront apprendre \u00e0 mentir et \u00ab jouer le jeu de l&rsquo;entra\u00eenement \u00bb : c&rsquo;est-\u00e0-dire, se conformer aux attentes des cr\u00e9ateurs tout en s&rsquo;am\u00e9liorant pour atteindre un objectif diff\u00e9rent. Cette tromperie est la plus inqui\u00e9tante. Les chercheurs racontent que des IA pourraient pirater leur propre syst\u00e8me de notation afin d&rsquo;obtenir de meilleurs scores.<\/p>\n<p>Selon Daniel Kokotajlo, il y a 50 % de chances d&rsquo;atteindre le stade du \u00ab codeur surhumain \u00bb fin 2027 [&#8230;] <a data-i13n=\"cpos:3;pos:1\" href=\"https:\/\/www.lepoint.fr\/science\/l-ia-pourrait-surpasser-l-humanite-des-2027--14-06-2025-2591987_25.php\" rel=\"nofollow noopener\" target=\"_blank\" data-ylk=\"slk:Lire la suite;cpos:3;pos:1;elm:context_link;itc:0;sec:content-canvas\" class=\"link \">Lire la suite<\/a><\/p>\n","protected":false},"excerpt":{"rendered":"Un compte \u00e0 rebours vers 2027. \u00ab Nous pr\u00e9voyons que l&rsquo;impact de la superintelligence au cours de la&hellip;\n","protected":false},"author":2,"featured_media":175975,"comment_status":"","ping_status":"","sticky":false,"template":"","format":"standard","meta":{"footnotes":""},"categories":[7],"tags":[12271,31157,1011,27,861,7466,31158,43,40,41,39,42,44],"class_list":{"0":"post-175974","1":"post","2":"type-post","3":"status-publish","4":"format-standard","5":"has-post-thumbnail","7":"category-sciences-et-technologies","8":"tag-compte-a-rebours","9":"tag-daniel-kokotajlo","10":"tag-fr","11":"tag-france","12":"tag-ia","13":"tag-lia","14":"tag-revolution-industrielle","15":"tag-science","16":"tag-science-and-technology","17":"tag-sciences","18":"tag-sciences-et-technologies","19":"tag-technologies","20":"tag-technology"},"share_on_mastodon":{"url":"https:\/\/pubeurope.com\/@fr\/114681922388041041","error":""},"_links":{"self":[{"href":"https:\/\/www.europesays.com\/fr\/wp-json\/wp\/v2\/posts\/175974","targetHints":{"allow":["GET"]}}],"collection":[{"href":"https:\/\/www.europesays.com\/fr\/wp-json\/wp\/v2\/posts"}],"about":[{"href":"https:\/\/www.europesays.com\/fr\/wp-json\/wp\/v2\/types\/post"}],"author":[{"embeddable":true,"href":"https:\/\/www.europesays.com\/fr\/wp-json\/wp\/v2\/users\/2"}],"replies":[{"embeddable":true,"href":"https:\/\/www.europesays.com\/fr\/wp-json\/wp\/v2\/comments?post=175974"}],"version-history":[{"count":0,"href":"https:\/\/www.europesays.com\/fr\/wp-json\/wp\/v2\/posts\/175974\/revisions"}],"wp:featuredmedia":[{"embeddable":true,"href":"https:\/\/www.europesays.com\/fr\/wp-json\/wp\/v2\/media\/175975"}],"wp:attachment":[{"href":"https:\/\/www.europesays.com\/fr\/wp-json\/wp\/v2\/media?parent=175974"}],"wp:term":[{"taxonomy":"category","embeddable":true,"href":"https:\/\/www.europesays.com\/fr\/wp-json\/wp\/v2\/categories?post=175974"},{"taxonomy":"post_tag","embeddable":true,"href":"https:\/\/www.europesays.com\/fr\/wp-json\/wp\/v2\/tags?post=175974"}],"curies":[{"name":"wp","href":"https:\/\/api.w.org\/{rel}","templated":true}]}}