{"id":176004,"date":"2025-06-14T13:37:20","date_gmt":"2025-06-14T13:37:20","guid":{"rendered":"https:\/\/www.europesays.com\/fr\/176004\/"},"modified":"2025-06-14T13:37:20","modified_gmt":"2025-06-14T13:37:20","slug":"de-la-confiserie-a-la-fregate-de-guerre-relocaliser-en-bretagne-nest-pas-quun-enjeu-de","status":"publish","type":"post","link":"https:\/\/www.europesays.com\/fr\/176004\/","title":{"rendered":"De la confiserie \u00e0 la fr\u00e9gate de guerre, relocaliser en Bretagne, \u00ab\u00a0n\u2019est pas qu\u2019un enjeu de"},"content":{"rendered":"<p><strong>\u00ab\u00a0100\u00a0% de nos mati\u00e8res premi\u00e8res sont fran\u00e7aises, sauf le cacao, la quasi-int\u00e9gralit\u00e9 de nos produits laitiers sont originaires de Bretagne. Ne restaient que nos pr\u00e9sentoirs \u00e0 sucette qui \u00e9taient fabriqu\u00e9s en Chine. Nous avons finalement trouv\u00e9 une petite entreprise de Saint-Av\u00e9 (Finist\u00e8re) qui nous fournit d\u00e9sormais<\/strong>, raconte Gildas Perron, directeur des op\u00e9rations de <a href=\"https:\/\/vannes.maville.com\/actu\/actudet_-les-confiseries-de-la-maison-d-armorine-un-savoir-faire-qui-se-transmet-depuis-1946-a-quiberon-_12-6426820_actu.Htm\" target=\"_blank\" rel=\"noopener\">la confiserie-biscuiterie La Maison d\u2019Armorine<\/a>, cr\u00e9\u00e9e en 1946, \u00e0 Quiberon (Morbihan). <strong>\u00c7a repr\u00e9sente une toute petite part de nos investissements. Mais m\u00eame symboliquement, c\u2019est important\u00a0\u00bb<\/strong>. Mais un symbole a du poids et est un premier pas qui peut montrer la voix. C\u2019est le message qui a aussi \u00e9t\u00e9 pass\u00e9 vendredi 13\u00a0juin 2025, \u00e0 Rennes, pour la 2e\u00a0\u00e9dition des Rendez-vous de la relocalisation. Objectif\u00a0: convaincre les entreprises \u00e0 franchir le pas et \u00e0 s\u2019inscrire dans le projet r\u00e9gional <a href=\"https:\/\/www.relocalisons.bzh\/\" target=\"_blank\" rel=\"noopener\">Relocalisons.bzh<\/a> lanc\u00e9 depuis 2023. Un millier d\u2019entreprises bretonnes a d\u00e9j\u00e0 pris la vague. Derri\u00e8re, il y a <strong>\u00ab\u00a0un potentiel de 130\u00a0000\u00a0emplois et 5,3\u00a0milliards d\u2019euros de chiffre d\u2019affaires relocalisables \u00e0 l\u2019horizon 2030 et une r\u00e9duction possible de 3,9\u00a0millions de tonnes de C02\u00a0\u00bb<\/strong>, insiste <a href=\"https:\/\/quimper.maville.com\/actu\/actudet_--mon-grand-pere-ne-voulait-pas-que-je-parle-breton-loic-henaff-raconte-son-enfance-bretonne-_6-6569954_actu.Htm\" target=\"_blank\" rel=\"noopener\">Lo\u00efc H\u00e9naff, PDG du groupe Jean H\u00e9naff et conseiller r\u00e9gional de Bretagne<\/a> d\u00e9l\u00e9gu\u00e9 \u00e0 la relocalisation d\u2019activit\u00e9s, au fret et \u00e0 la logistique.<\/p>\n<p><strong>Lire aussi\u00a0: <\/strong> <a href=\"https:\/\/brest.maville.com\/actu\/actudet_--cela-doit-devenir-un-reflexe-ces-entrepreneurs-choisissent-d-acheter-breton-pour-relocaliser-_5-6748898_actu.Htm\" target=\"_blank\" rel=\"noopener\">\u00ab\u00a0Cela doit devenir un r\u00e9flexe\u00a0\u00bb\u00a0: ces entrepreneurs choisissent d\u2019acheter breton pour relocaliser<\/a><\/p>\n<p>L\u2019ambition est-elle r\u00e9aliste\u00a0? Le co\u00fbt n\u2019est-il pas un \u00e9cueil infranchissable\u00a0? <strong>\u00ab\u00a0Ce sont des id\u00e9es re\u00e7ues. Le co\u00fbt du travail, ce n\u2019est pas le sujet. Il est par exemple deux fois plus \u00e9lev\u00e9 au Danemark et pourtant nous leur achetons des produits\u00a0\u00bb<\/strong>, souligne Lo\u00efc H\u00e9naff. <strong>\u00ab\u00a0La relocalisation, c\u2019est un gage de confiance. Je le vois dans mon entreprise. Nos clients sont des agriculteurs. \u00c7a les rassure de venir dans l\u2019usine et de savoir que les machines qu\u2019ils utilisent sont construites pr\u00e8s de chez eux\u00a0\u00bb, <\/strong>assure Herv\u00e9 Biche, PDG<a href=\"https:\/\/dinan.maville.com\/actu\/actudet_-dinan-agglomeration-en-visite-chez-sodimac-a-saint-potan-_52686-6151587_actu.Htm\" target=\"_blank\" rel=\"noopener\">\u00a0de Sodimac, entreprise familiale de 100\u00a0salari\u00e9s<\/a>, fond\u00e9e aussi en 1946, sp\u00e9cialis\u00e9 dans le machinisme agricole.<\/p>\n<p>\u00c0 une autre \u00e9chelle, les enjeux et l\u2019esprit sont les m\u00eames pour <a href=\"https:\/\/lorient.maville.com\/actu\/actudet_-une-troisieme-fregate-grecque-mise-a-l-eau-en-bretagne-_12-6829449_actu.Htm\" target=\"_blank\" rel=\"noopener\">une fr\u00e9gate de guerre de nouvelle g\u00e9n\u00e9ration<\/a> comme celle construire \u00e0 Lorient (Morbihan). <strong>\u00ab\u00a0Un bateau militaire est bourr\u00e9 d\u2019\u00e9quipements, 60\u00a0% du volume investi est consacr\u00e9 aux achats, \u00e7a monte \u00e0 75\u00a0% sur une fr\u00e9gate<\/strong>, pr\u00e9cise Pascal Pi\u00e9plu, responsable RSE et contr\u00f4le interne des achats de Naval Group. <strong>Les enjeux de souverainet\u00e9 sont forts. Nous achetons \u00e0 90\u00a0% en France\u00a0\u00bb<\/strong>. Par exemple pour s\u2019assurer d\u2019\u00eatre approvisionn\u00e9s en toute s\u00e9curit\u00e9 en cordons de soudure, indispensables par exemple \u00e0 l\u2019assemblage des sous-marins nucl\u00e9aires fran\u00e7ais. Relocaliser, <strong>\u00ab\u00a0c\u2019est aussi ma\u00eetriser les risques \u00e0 long terme, dont les risques sociaux et m\u00eame les risques \u00e9thiques, de corruption, de d\u00e9lits d\u2019initi\u00e9s\u00a0\u00bb<\/strong>.<\/p>\n<p>\u00a0<\/p>\n","protected":false},"excerpt":{"rendered":"\u00ab\u00a0100\u00a0% de nos mati\u00e8res premi\u00e8res sont fran\u00e7aises, sauf le cacao, la quasi-int\u00e9gralit\u00e9 de nos produits laitiers sont originaires&hellip;\n","protected":false},"author":2,"featured_media":176005,"comment_status":"","ping_status":"","sticky":false,"template":"","format":"standard","meta":{"footnotes":""},"categories":[2821],"tags":[1111,11,829,31159,15722,8032,1777,674,1011,27,13750,1146,12,9576,10728,584,25],"class_list":{"0":"post-176004","1":"post","2":"type-post","3":"status-publish","4":"format-standard","5":"has-post-thumbnail","7":"category-rennes","8":"tag-actu","9":"tag-actualites","10":"tag-bretagne","11":"tag-confiserie","12":"tag-couts","13":"tag-enjeu","14":"tag-eu","15":"tag-europe","16":"tag-fr","17":"tag-france","18":"tag-fregate","19":"tag-guerre","20":"tag-news","21":"tag-qu","22":"tag-relocaliser","23":"tag-rennes","24":"tag-republique-francaise"},"share_on_mastodon":{"url":"https:\/\/pubeurope.com\/@fr\/114681993195960549","error":""},"_links":{"self":[{"href":"https:\/\/www.europesays.com\/fr\/wp-json\/wp\/v2\/posts\/176004","targetHints":{"allow":["GET"]}}],"collection":[{"href":"https:\/\/www.europesays.com\/fr\/wp-json\/wp\/v2\/posts"}],"about":[{"href":"https:\/\/www.europesays.com\/fr\/wp-json\/wp\/v2\/types\/post"}],"author":[{"embeddable":true,"href":"https:\/\/www.europesays.com\/fr\/wp-json\/wp\/v2\/users\/2"}],"replies":[{"embeddable":true,"href":"https:\/\/www.europesays.com\/fr\/wp-json\/wp\/v2\/comments?post=176004"}],"version-history":[{"count":0,"href":"https:\/\/www.europesays.com\/fr\/wp-json\/wp\/v2\/posts\/176004\/revisions"}],"wp:featuredmedia":[{"embeddable":true,"href":"https:\/\/www.europesays.com\/fr\/wp-json\/wp\/v2\/media\/176005"}],"wp:attachment":[{"href":"https:\/\/www.europesays.com\/fr\/wp-json\/wp\/v2\/media?parent=176004"}],"wp:term":[{"taxonomy":"category","embeddable":true,"href":"https:\/\/www.europesays.com\/fr\/wp-json\/wp\/v2\/categories?post=176004"},{"taxonomy":"post_tag","embeddable":true,"href":"https:\/\/www.europesays.com\/fr\/wp-json\/wp\/v2\/tags?post=176004"}],"curies":[{"name":"wp","href":"https:\/\/api.w.org\/{rel}","templated":true}]}}